{"id":27871,"date":"2020-11-30T20:23:23","date_gmt":"2020-11-30T19:23:23","guid":{"rendered":"https:\/\/urbanflavour.pl\/conference-on-swedish\/"},"modified":"2021-02-27T19:02:38","modified_gmt":"2021-02-27T18:02:38","slug":"conference-on-szwedzka","status":"publish","type":"post","link":"https:\/\/urbanflavour.pl\/en\/conference-on-szwedzka\/","title":{"rendered":"Conference on Szwedzka"},"content":{"rendered":"<div class=\"gb-container gb-container-68e77b25\"><div class=\"gb-inside-container\">\n\n<p class=\"has-text-align-justify\">Photo report from the archaeological conference &#8220;<a href=\"https:\/\/www.pois.gov.pl\/rejestracja_konferencja\" class=\"rank-math-link\" target=\"_blank\" rel=\"noopener\"> LEAVE about the past<\/a> &#8221; in Hall<a rel=\"noreferrer noopener\" href=\"https:\/\/www.facebook.com\/KulturaWysoka\" target=\"_blank\" class=\"ek-link\"> High Culture<\/a> on ul. Swedish. A conference summarizing an interesting topic. Because it raised the subject of archaeological excavations while building investments such as Polish highways. These are such large-scale works that during the preparation of the site, you can find many interesting discoveries that need to be secured, and at the same time not delaying the construction of highways too much. I had the opportunity to watch these presentations as a photographer for a conference living in the area.<\/p>\n\n<\/div><\/div>\n\n<div class=\"gb-container gb-container-b18921ac\"><div class=\"gb-inside-container\">\n\n<h2 class=\"has-text-align-center wp-block-heading\">High Culture on Szwedka Street<\/h2>\n\n\n\n<p class=\"has-text-align-justify\">The conference was held in the halls of Wysoka Kultury on Szwedka Street. It is a beautiful place that may be followed by a bad reputation from the previous owner who will accept a lot of advances from the bride and groom and not only, and then they will collapse. Fortunately, the new owner is rebuilding the reputation of this beautiful one<a href=\"https:\/\/urbanflavour.pl\/miejsca-na-event-w-stylu-industrialnym-praga\/\" class=\"rank-math-link\"> space for an event<\/a> in an old post-industrial hall on Szwedzka Street in Warsaw&#8217;s Praga district. Every photographer at a conference in Warsaw will love such a place.<\/p>\n\n<\/div><\/div>\n\n<div class=\"gb-container gb-container-bbba5431\"><div class=\"gb-inside-container\">\n\n<figure class=\"wp-block-gallery columns-1 wp-block-gallery-1 is-layout-flex wp-block-gallery-is-layout-flex\"><ul class=\"blocks-gallery-grid\"><li class=\"blocks-gallery-item\"><figure><img loading=\"lazy\" decoding=\"async\" width=\"830\" height=\"554\" src=\"https:\/\/urbanflavour.pl\/wp-content\/uploads\/2020\/12\/fotograf-na-konferencje-szwedzka-warszawa-3-830x554.jpg\" alt=\"Empty room before the conference in Warsaw\" data-id=\"18963\" data-full-url=\"https:\/\/urbanflavour.pl\/wp-content\/uploads\/2020\/12\/fotograf-na-konferencje-szwedzka-warszawa-3.jpg\" data-link=\"https:\/\/urbanflavour.pl\/konferencja-na-szwedzkiej\/fotograf-na-konferencje-szwedzka-warszawa-3\/#main\" class=\"wp-image-18963\" title=\"Urbanflavour.pl\" srcset=\"https:\/\/urbanflavour.pl\/wp-content\/uploads\/2020\/12\/fotograf-na-konferencje-szwedzka-warszawa-3-830x554.jpg 830w, https:\/\/urbanflavour.pl\/wp-content\/uploads\/2020\/12\/fotograf-na-konferencje-szwedzka-warszawa-3-1024x684.jpg 1024w, https:\/\/urbanflavour.pl\/wp-content\/uploads\/2020\/12\/fotograf-na-konferencje-szwedzka-warszawa-3-500x334.jpg 500w, https:\/\/urbanflavour.pl\/wp-content\/uploads\/2020\/12\/fotograf-na-konferencje-szwedzka-warszawa-3.jpg 1400w\" sizes=\"auto, (max-width: 830px) 100vw, 830px\" \/><\/figure><\/li><\/ul><\/figure>\n\n\n\n<figure class=\"wp-block-gallery alignwide columns-2 wp-block-gallery-2 is-layout-flex wp-block-gallery-is-layout-flex\"><ul class=\"blocks-gallery-grid\"><li class=\"blocks-gallery-item\"><figure><a href=\"https:\/\/urbanflavour.pl\/wp-content\/uploads\/2020\/12\/fotograf-na-konferencje-szwedzka-warszawa-49-500x749.jpg\"><img loading=\"lazy\" decoding=\"async\" width=\"500\" height=\"749\" src=\"https:\/\/urbanflavour.pl\/wp-content\/uploads\/2020\/12\/fotograf-na-konferencje-szwedzka-warszawa-49-500x749.jpg\" alt=\"Du\u017ce okno z ceg\u0142y\" data-id=\"18915\" data-full-url=\"https:\/\/urbanflavour.pl\/wp-content\/uploads\/2020\/12\/fotograf-na-konferencje-szwedzka-warszawa-49.jpg\" data-link=\"https:\/\/urbanflavour.pl\/konferencja-na-szwedzkiej\/fotograf-na-konferencje-szwedzka-warszawa-49\/#main\" class=\"wp-image-18915\" title=\"Urbanflavour.pl\" srcset=\"https:\/\/urbanflavour.pl\/wp-content\/uploads\/2020\/12\/fotograf-na-konferencje-szwedzka-warszawa-49-500x749.jpg 500w, https:\/\/urbanflavour.pl\/wp-content\/uploads\/2020\/12\/fotograf-na-konferencje-szwedzka-warszawa-49-830x1243.jpg 830w, https:\/\/urbanflavour.pl\/wp-content\/uploads\/2020\/12\/fotograf-na-konferencje-szwedzka-warszawa-49-1024x1534.jpg 1024w, https:\/\/urbanflavour.pl\/wp-content\/uploads\/2020\/12\/fotograf-na-konferencje-szwedzka-warszawa-49.jpg 1400w\" sizes=\"auto, (max-width: 500px) 100vw, 500px\" \/><\/a><\/figure><\/li><li class=\"blocks-gallery-item\"><figure><a href=\"https:\/\/urbanflavour.pl\/wp-content\/uploads\/2020\/12\/fotograf-na-konferencje-szwedzka-warszawa-50-500x749.jpg\"><img loading=\"lazy\" decoding=\"async\" width=\"500\" height=\"749\" src=\"https:\/\/urbanflavour.pl\/wp-content\/uploads\/2020\/12\/fotograf-na-konferencje-szwedzka-warszawa-50-500x749.jpg\" alt=\"Zielona papro\u0107 w z\u0142otym wazonie na pniu i mchu\" data-id=\"18914\" data-full-url=\"https:\/\/urbanflavour.pl\/wp-content\/uploads\/2020\/12\/fotograf-na-konferencje-szwedzka-warszawa-50.jpg\" data-link=\"https:\/\/urbanflavour.pl\/konferencja-na-szwedzkiej\/fotograf-na-konferencje-szwedzka-warszawa-50\/#main\" class=\"wp-image-18914\" title=\"Urbanflavour.pl\" srcset=\"https:\/\/urbanflavour.pl\/wp-content\/uploads\/2020\/12\/fotograf-na-konferencje-szwedzka-warszawa-50-500x749.jpg 500w, https:\/\/urbanflavour.pl\/wp-content\/uploads\/2020\/12\/fotograf-na-konferencje-szwedzka-warszawa-50-830x1243.jpg 830w, https:\/\/urbanflavour.pl\/wp-content\/uploads\/2020\/12\/fotograf-na-konferencje-szwedzka-warszawa-50-1024x1534.jpg 1024w, https:\/\/urbanflavour.pl\/wp-content\/uploads\/2020\/12\/fotograf-na-konferencje-szwedzka-warszawa-50.jpg 1400w\" sizes=\"auto, (max-width: 500px) 100vw, 500px\" \/><\/a><\/figure><\/li><\/ul><\/figure>\n\n\n\n<figure class=\"wp-block-gallery columns-1 wp-block-gallery-3 is-layout-flex wp-block-gallery-is-layout-flex\"><ul class=\"blocks-gallery-grid\"><li class=\"blocks-gallery-item\"><figure><img loading=\"lazy\" decoding=\"async\" width=\"830\" height=\"554\" src=\"https:\/\/urbanflavour.pl\/wp-content\/uploads\/2020\/12\/fotograf-na-konferencje-szwedzka-warszawa-1-830x554.jpg\" alt=\"Conference in Warsaw A good photographer takes pictures\" data-id=\"18966\" data-full-url=\"https:\/\/urbanflavour.pl\/wp-content\/uploads\/2020\/12\/fotograf-na-konferencje-szwedzka-warszawa-1.jpg\" data-link=\"https:\/\/urbanflavour.pl\/konferencja-na-szwedzkiej\/fotograf-na-konferencje-szwedzka-warszawa-1\/#main\" class=\"wp-image-18966\" title=\"Urbanflavour.pl\" srcset=\"https:\/\/urbanflavour.pl\/wp-content\/uploads\/2020\/12\/fotograf-na-konferencje-szwedzka-warszawa-1-830x554.jpg 830w, https:\/\/urbanflavour.pl\/wp-content\/uploads\/2020\/12\/fotograf-na-konferencje-szwedzka-warszawa-1-1024x684.jpg 1024w, https:\/\/urbanflavour.pl\/wp-content\/uploads\/2020\/12\/fotograf-na-konferencje-szwedzka-warszawa-1-500x334.jpg 500w, https:\/\/urbanflavour.pl\/wp-content\/uploads\/2020\/12\/fotograf-na-konferencje-szwedzka-warszawa-1.jpg 1400w\" sizes=\"auto, (max-width: 830px) 100vw, 830px\" \/><\/figure><\/li><li class=\"blocks-gallery-item\"><figure><img loading=\"lazy\" decoding=\"async\" width=\"830\" height=\"554\" src=\"https:\/\/urbanflavour.pl\/wp-content\/uploads\/2020\/12\/fotograf-na-konferencje-szwedzka-warszawa-4-830x554.jpg\" alt=\"White chairs at the conference\" data-id=\"18962\" data-full-url=\"https:\/\/urbanflavour.pl\/wp-content\/uploads\/2020\/12\/fotograf-na-konferencje-szwedzka-warszawa-4.jpg\" data-link=\"https:\/\/urbanflavour.pl\/konferencja-na-szwedzkiej\/fotograf-na-konferencje-szwedzka-warszawa-4\/#main\" class=\"wp-image-18962\" title=\"Urbanflavour.pl\" srcset=\"https:\/\/urbanflavour.pl\/wp-content\/uploads\/2020\/12\/fotograf-na-konferencje-szwedzka-warszawa-4-830x554.jpg 830w, https:\/\/urbanflavour.pl\/wp-content\/uploads\/2020\/12\/fotograf-na-konferencje-szwedzka-warszawa-4-1024x684.jpg 1024w, https:\/\/urbanflavour.pl\/wp-content\/uploads\/2020\/12\/fotograf-na-konferencje-szwedzka-warszawa-4-500x334.jpg 500w, https:\/\/urbanflavour.pl\/wp-content\/uploads\/2020\/12\/fotograf-na-konferencje-szwedzka-warszawa-4.jpg 1400w\" sizes=\"auto, (max-width: 830px) 100vw, 830px\" \/><\/figure><\/li><li class=\"blocks-gallery-item\"><figure><img loading=\"lazy\" decoding=\"async\" width=\"830\" height=\"554\" src=\"https:\/\/urbanflavour.pl\/wp-content\/uploads\/2020\/12\/fotograf-na-konferencje-szwedzka-warszawa-0-830x554.jpg\" alt=\"Green accents in an industrial space\" data-id=\"18964\" data-full-url=\"https:\/\/urbanflavour.pl\/wp-content\/uploads\/2020\/12\/fotograf-na-konferencje-szwedzka-warszawa-0.jpg\" data-link=\"https:\/\/urbanflavour.pl\/konferencja-na-szwedzkiej\/fotograf-na-konferencje-szwedzka-warszawa-0\/#main\" class=\"wp-image-18964\" title=\"Urbanflavour.pl\" srcset=\"https:\/\/urbanflavour.pl\/wp-content\/uploads\/2020\/12\/fotograf-na-konferencje-szwedzka-warszawa-0-830x554.jpg 830w, https:\/\/urbanflavour.pl\/wp-content\/uploads\/2020\/12\/fotograf-na-konferencje-szwedzka-warszawa-0-1024x684.jpg 1024w, https:\/\/urbanflavour.pl\/wp-content\/uploads\/2020\/12\/fotograf-na-konferencje-szwedzka-warszawa-0-500x334.jpg 500w, https:\/\/urbanflavour.pl\/wp-content\/uploads\/2020\/12\/fotograf-na-konferencje-szwedzka-warszawa-0.jpg 1400w\" sizes=\"auto, (max-width: 830px) 100vw, 830px\" \/><\/figure><\/li><li class=\"blocks-gallery-item\"><figure><img loading=\"lazy\" decoding=\"async\" width=\"830\" height=\"554\" src=\"https:\/\/urbanflavour.pl\/wp-content\/uploads\/2020\/12\/fotograf-na-konferencje-szwedzka-warszawa-6-830x554.jpg\" alt=\"Large window in an industrial style\" data-id=\"18960\" data-full-url=\"https:\/\/urbanflavour.pl\/wp-content\/uploads\/2020\/12\/fotograf-na-konferencje-szwedzka-warszawa-6.jpg\" data-link=\"https:\/\/urbanflavour.pl\/konferencja-na-szwedzkiej\/fotograf-na-konferencje-szwedzka-warszawa-6\/#main\" class=\"wp-image-18960\" title=\"Urbanflavour.pl\" srcset=\"https:\/\/urbanflavour.pl\/wp-content\/uploads\/2020\/12\/fotograf-na-konferencje-szwedzka-warszawa-6-830x554.jpg 830w, https:\/\/urbanflavour.pl\/wp-content\/uploads\/2020\/12\/fotograf-na-konferencje-szwedzka-warszawa-6-1024x684.jpg 1024w, https:\/\/urbanflavour.pl\/wp-content\/uploads\/2020\/12\/fotograf-na-konferencje-szwedzka-warszawa-6-500x334.jpg 500w, https:\/\/urbanflavour.pl\/wp-content\/uploads\/2020\/12\/fotograf-na-konferencje-szwedzka-warszawa-6.jpg 1400w\" sizes=\"auto, (max-width: 830px) 100vw, 830px\" \/><\/figure><\/li><\/ul><\/figure>\n\n\n\n<figure class=\"wp-block-gallery alignwide columns-2 wp-block-gallery-4 is-layout-flex wp-block-gallery-is-layout-flex\"><ul class=\"blocks-gallery-grid\"><li class=\"blocks-gallery-item\"><figure><a href=\"https:\/\/urbanflavour.pl\/wp-content\/uploads\/2020\/12\/fotograf-na-konferencje-szwedzka-warszawa-8-500x749.jpg\"><img loading=\"lazy\" decoding=\"async\" width=\"500\" height=\"749\" src=\"https:\/\/urbanflavour.pl\/wp-content\/uploads\/2020\/12\/fotograf-na-konferencje-szwedzka-warszawa-8-500x749.jpg\" alt=\"Ona budynku\" data-id=\"18958\" data-full-url=\"https:\/\/urbanflavour.pl\/wp-content\/uploads\/2020\/12\/fotograf-na-konferencje-szwedzka-warszawa-8.jpg\" data-link=\"https:\/\/urbanflavour.pl\/konferencja-na-szwedzkiej\/fotograf-na-konferencje-szwedzka-warszawa-8\/#main\" class=\"wp-image-18958\" title=\"Urbanflavour.pl\" srcset=\"https:\/\/urbanflavour.pl\/wp-content\/uploads\/2020\/12\/fotograf-na-konferencje-szwedzka-warszawa-8-500x749.jpg 500w, https:\/\/urbanflavour.pl\/wp-content\/uploads\/2020\/12\/fotograf-na-konferencje-szwedzka-warszawa-8-830x1243.jpg 830w, https:\/\/urbanflavour.pl\/wp-content\/uploads\/2020\/12\/fotograf-na-konferencje-szwedzka-warszawa-8-1024x1534.jpg 1024w, https:\/\/urbanflavour.pl\/wp-content\/uploads\/2020\/12\/fotograf-na-konferencje-szwedzka-warszawa-8.jpg 1400w\" sizes=\"auto, (max-width: 500px) 100vw, 500px\" \/><\/a><\/figure><\/li><li class=\"blocks-gallery-item\"><figure><a href=\"https:\/\/urbanflavour.pl\/wp-content\/uploads\/2020\/12\/fotograf-na-konferencje-szwedzka-warszawa-5-500x749.jpg\"><img loading=\"lazy\" decoding=\"async\" width=\"500\" height=\"749\" src=\"https:\/\/urbanflavour.pl\/wp-content\/uploads\/2020\/12\/fotograf-na-konferencje-szwedzka-warszawa-5-500x749.jpg\" alt=\"Konferencja\" data-id=\"18961\" data-full-url=\"https:\/\/urbanflavour.pl\/wp-content\/uploads\/2020\/12\/fotograf-na-konferencje-szwedzka-warszawa-5.jpg\" data-link=\"https:\/\/urbanflavour.pl\/konferencja-na-szwedzkiej\/fotograf-na-konferencje-szwedzka-warszawa-5\/#main\" class=\"wp-image-18961\" title=\"Urbanflavour.pl\" srcset=\"https:\/\/urbanflavour.pl\/wp-content\/uploads\/2020\/12\/fotograf-na-konferencje-szwedzka-warszawa-5-500x749.jpg 500w, https:\/\/urbanflavour.pl\/wp-content\/uploads\/2020\/12\/fotograf-na-konferencje-szwedzka-warszawa-5-830x1243.jpg 830w, https:\/\/urbanflavour.pl\/wp-content\/uploads\/2020\/12\/fotograf-na-konferencje-szwedzka-warszawa-5-1024x1534.jpg 1024w, https:\/\/urbanflavour.pl\/wp-content\/uploads\/2020\/12\/fotograf-na-konferencje-szwedzka-warszawa-5.jpg 1400w\" sizes=\"auto, (max-width: 500px) 100vw, 500px\" \/><\/a><\/figure><\/li><\/ul><\/figure>\n\n<\/div><\/div>\n\n<div class=\"gb-container gb-container-c00c4acb\"><div class=\"gb-inside-container\">\n\n<h2 class=\"has-text-align-center wp-block-heading\">Registration of guests at the conference<\/h2>\n\n\n\n<p>The registration of guests was very efficient thanks to the great Deluxe Events team, which has a lot of experience in this type of event.<\/p>\n\n\n\n<figure class=\"wp-block-gallery columns-1 wp-block-gallery-5 is-layout-flex wp-block-gallery-is-layout-flex\"><ul class=\"blocks-gallery-grid\"><li class=\"blocks-gallery-item\"><figure><img loading=\"lazy\" decoding=\"async\" width=\"830\" height=\"554\" src=\"https:\/\/urbanflavour.pl\/wp-content\/uploads\/2020\/12\/fotograf-na-konferencje-szwedzka-warszawa-7-830x554.jpg\" alt=\"Registration of guests at the conference\" data-id=\"18959\" data-full-url=\"https:\/\/urbanflavour.pl\/wp-content\/uploads\/2020\/12\/fotograf-na-konferencje-szwedzka-warszawa-7.jpg\" data-link=\"https:\/\/urbanflavour.pl\/konferencja-na-szwedzkiej\/fotograf-na-konferencje-szwedzka-warszawa-7\/#main\" class=\"wp-image-18959\" title=\"Urbanflavour.pl\" srcset=\"https:\/\/urbanflavour.pl\/wp-content\/uploads\/2020\/12\/fotograf-na-konferencje-szwedzka-warszawa-7-830x554.jpg 830w, https:\/\/urbanflavour.pl\/wp-content\/uploads\/2020\/12\/fotograf-na-konferencje-szwedzka-warszawa-7-1024x684.jpg 1024w, https:\/\/urbanflavour.pl\/wp-content\/uploads\/2020\/12\/fotograf-na-konferencje-szwedzka-warszawa-7-500x334.jpg 500w, https:\/\/urbanflavour.pl\/wp-content\/uploads\/2020\/12\/fotograf-na-konferencje-szwedzka-warszawa-7.jpg 1400w\" sizes=\"auto, (max-width: 830px) 100vw, 830px\" \/><\/figure><\/li><li class=\"blocks-gallery-item\"><figure><img loading=\"lazy\" decoding=\"async\" width=\"830\" height=\"554\" src=\"https:\/\/urbanflavour.pl\/wp-content\/uploads\/2020\/12\/fotograf-na-konferencje-szwedzka-warszawa-9-830x554.jpg\" alt=\"Welcoming guests to the conference\" data-id=\"18957\" data-full-url=\"https:\/\/urbanflavour.pl\/wp-content\/uploads\/2020\/12\/fotograf-na-konferencje-szwedzka-warszawa-9.jpg\" data-link=\"https:\/\/urbanflavour.pl\/konferencja-na-szwedzkiej\/fotograf-na-konferencje-szwedzka-warszawa-9\/#main\" class=\"wp-image-18957\" title=\"Urbanflavour.pl\" srcset=\"https:\/\/urbanflavour.pl\/wp-content\/uploads\/2020\/12\/fotograf-na-konferencje-szwedzka-warszawa-9-830x554.jpg 830w, https:\/\/urbanflavour.pl\/wp-content\/uploads\/2020\/12\/fotograf-na-konferencje-szwedzka-warszawa-9-1024x684.jpg 1024w, https:\/\/urbanflavour.pl\/wp-content\/uploads\/2020\/12\/fotograf-na-konferencje-szwedzka-warszawa-9-500x334.jpg 500w, https:\/\/urbanflavour.pl\/wp-content\/uploads\/2020\/12\/fotograf-na-konferencje-szwedzka-warszawa-9.jpg 1400w\" sizes=\"auto, (max-width: 830px) 100vw, 830px\" \/><\/figure><\/li><li class=\"blocks-gallery-item\"><figure><img loading=\"lazy\" decoding=\"async\" width=\"830\" height=\"554\" src=\"https:\/\/urbanflavour.pl\/wp-content\/uploads\/2020\/12\/fotograf-na-konferencje-szwedzka-warszawa-10-830x554.jpg\" alt=\"Conference in Warsaw\" data-id=\"18956\" data-full-url=\"https:\/\/urbanflavour.pl\/wp-content\/uploads\/2020\/12\/fotograf-na-konferencje-szwedzka-warszawa-10.jpg\" data-link=\"https:\/\/urbanflavour.pl\/konferencja-na-szwedzkiej\/fotograf-na-konferencje-szwedzka-warszawa-10\/#main\" class=\"wp-image-18956\" title=\"Urbanflavour.pl\" srcset=\"https:\/\/urbanflavour.pl\/wp-content\/uploads\/2020\/12\/fotograf-na-konferencje-szwedzka-warszawa-10-830x554.jpg 830w, https:\/\/urbanflavour.pl\/wp-content\/uploads\/2020\/12\/fotograf-na-konferencje-szwedzka-warszawa-10-1024x684.jpg 1024w, https:\/\/urbanflavour.pl\/wp-content\/uploads\/2020\/12\/fotograf-na-konferencje-szwedzka-warszawa-10-500x334.jpg 500w, https:\/\/urbanflavour.pl\/wp-content\/uploads\/2020\/12\/fotograf-na-konferencje-szwedzka-warszawa-10.jpg 1400w\" sizes=\"auto, (max-width: 830px) 100vw, 830px\" \/><\/figure><\/li><li class=\"blocks-gallery-item\"><figure><img loading=\"lazy\" decoding=\"async\" width=\"830\" height=\"554\" src=\"https:\/\/urbanflavour.pl\/wp-content\/uploads\/2020\/12\/fotograf-na-konferencje-szwedzka-warszawa-11-830x554.jpg\" alt=\"Conference in Warsaw\" data-id=\"18955\" data-full-url=\"https:\/\/urbanflavour.pl\/wp-content\/uploads\/2020\/12\/fotograf-na-konferencje-szwedzka-warszawa-11.jpg\" data-link=\"https:\/\/urbanflavour.pl\/konferencja-na-szwedzkiej\/fotograf-na-konferencje-szwedzka-warszawa-11\/#main\" class=\"wp-image-18955\" title=\"Urbanflavour.pl\" srcset=\"https:\/\/urbanflavour.pl\/wp-content\/uploads\/2020\/12\/fotograf-na-konferencje-szwedzka-warszawa-11-830x554.jpg 830w, https:\/\/urbanflavour.pl\/wp-content\/uploads\/2020\/12\/fotograf-na-konferencje-szwedzka-warszawa-11-1024x684.jpg 1024w, https:\/\/urbanflavour.pl\/wp-content\/uploads\/2020\/12\/fotograf-na-konferencje-szwedzka-warszawa-11-500x334.jpg 500w, https:\/\/urbanflavour.pl\/wp-content\/uploads\/2020\/12\/fotograf-na-konferencje-szwedzka-warszawa-11.jpg 1400w\" sizes=\"auto, (max-width: 830px) 100vw, 830px\" \/><\/figure><\/li><li class=\"blocks-gallery-item\"><figure><img loading=\"lazy\" decoding=\"async\" width=\"830\" height=\"554\" src=\"https:\/\/urbanflavour.pl\/wp-content\/uploads\/2020\/12\/fotograf-na-konferencje-szwedzka-warszawa-12-830x554.jpg\" alt=\"Conference in Warsaw\" data-id=\"18954\" data-full-url=\"https:\/\/urbanflavour.pl\/wp-content\/uploads\/2020\/12\/fotograf-na-konferencje-szwedzka-warszawa-12.jpg\" data-link=\"https:\/\/urbanflavour.pl\/konferencja-na-szwedzkiej\/fotograf-na-konferencje-szwedzka-warszawa-12\/#main\" class=\"wp-image-18954\" title=\"Urbanflavour.pl\" srcset=\"https:\/\/urbanflavour.pl\/wp-content\/uploads\/2020\/12\/fotograf-na-konferencje-szwedzka-warszawa-12-830x554.jpg 830w, https:\/\/urbanflavour.pl\/wp-content\/uploads\/2020\/12\/fotograf-na-konferencje-szwedzka-warszawa-12-1024x684.jpg 1024w, https:\/\/urbanflavour.pl\/wp-content\/uploads\/2020\/12\/fotograf-na-konferencje-szwedzka-warszawa-12-500x334.jpg 500w, https:\/\/urbanflavour.pl\/wp-content\/uploads\/2020\/12\/fotograf-na-konferencje-szwedzka-warszawa-12.jpg 1400w\" sizes=\"auto, (max-width: 830px) 100vw, 830px\" \/><\/figure><\/li><\/ul><\/figure>\n\n\n\n<figure class=\"wp-block-gallery alignwide columns-2 wp-block-gallery-6 is-layout-flex wp-block-gallery-is-layout-flex\"><ul class=\"blocks-gallery-grid\"><li class=\"blocks-gallery-item\"><figure><a href=\"https:\/\/urbanflavour.pl\/wp-content\/uploads\/2020\/12\/fotograf-na-konferencje-szwedzka-warszawa-45-500x749.jpg\"><img loading=\"lazy\" decoding=\"async\" width=\"500\" height=\"749\" src=\"https:\/\/urbanflavour.pl\/wp-content\/uploads\/2020\/12\/fotograf-na-konferencje-szwedzka-warszawa-45-500x749.jpg\" alt=\"Rozmowy kuluarowe podczas konferencji\" data-id=\"18919\" data-full-url=\"https:\/\/urbanflavour.pl\/wp-content\/uploads\/2020\/12\/fotograf-na-konferencje-szwedzka-warszawa-45.jpg\" data-link=\"https:\/\/urbanflavour.pl\/konferencja-na-szwedzkiej\/fotograf-na-konferencje-szwedzka-warszawa-45\/#main\" class=\"wp-image-18919\" title=\"Urbanflavour.pl\" srcset=\"https:\/\/urbanflavour.pl\/wp-content\/uploads\/2020\/12\/fotograf-na-konferencje-szwedzka-warszawa-45-500x749.jpg 500w, https:\/\/urbanflavour.pl\/wp-content\/uploads\/2020\/12\/fotograf-na-konferencje-szwedzka-warszawa-45-830x1243.jpg 830w, https:\/\/urbanflavour.pl\/wp-content\/uploads\/2020\/12\/fotograf-na-konferencje-szwedzka-warszawa-45-1024x1534.jpg 1024w, https:\/\/urbanflavour.pl\/wp-content\/uploads\/2020\/12\/fotograf-na-konferencje-szwedzka-warszawa-45.jpg 1400w\" sizes=\"auto, (max-width: 500px) 100vw, 500px\" \/><\/a><\/figure><\/li><li class=\"blocks-gallery-item\"><figure><a href=\"https:\/\/urbanflavour.pl\/wp-content\/uploads\/2020\/12\/fotograf-na-konferencje-szwedzka-warszawa-13-500x749.jpg\"><img loading=\"lazy\" decoding=\"async\" width=\"500\" height=\"749\" src=\"https:\/\/urbanflavour.pl\/wp-content\/uploads\/2020\/12\/fotograf-na-konferencje-szwedzka-warszawa-13-500x749.jpg\" alt=\"Konferencja w Warszawie\" data-id=\"18952\" data-full-url=\"https:\/\/urbanflavour.pl\/wp-content\/uploads\/2020\/12\/fotograf-na-konferencje-szwedzka-warszawa-13.jpg\" data-link=\"https:\/\/urbanflavour.pl\/konferencja-na-szwedzkiej\/fotograf-na-konferencje-szwedzka-warszawa-13\/#main\" class=\"wp-image-18952\" title=\"Urbanflavour.pl\" srcset=\"https:\/\/urbanflavour.pl\/wp-content\/uploads\/2020\/12\/fotograf-na-konferencje-szwedzka-warszawa-13-500x749.jpg 500w, https:\/\/urbanflavour.pl\/wp-content\/uploads\/2020\/12\/fotograf-na-konferencje-szwedzka-warszawa-13-830x1243.jpg 830w, https:\/\/urbanflavour.pl\/wp-content\/uploads\/2020\/12\/fotograf-na-konferencje-szwedzka-warszawa-13-1024x1534.jpg 1024w, https:\/\/urbanflavour.pl\/wp-content\/uploads\/2020\/12\/fotograf-na-konferencje-szwedzka-warszawa-13.jpg 1400w\" sizes=\"auto, (max-width: 500px) 100vw, 500px\" \/><\/a><\/figure><\/li><\/ul><\/figure>\n\n\n\n<figure class=\"wp-block-gallery columns-1 wp-block-gallery-7 is-layout-flex wp-block-gallery-is-layout-flex\"><ul class=\"blocks-gallery-grid\"><li class=\"blocks-gallery-item\"><figure><img loading=\"lazy\" decoding=\"async\" width=\"830\" height=\"554\" src=\"https:\/\/urbanflavour.pl\/wp-content\/uploads\/2020\/12\/fotograf-na-konferencje-szwedzka-warszawa-23-830x554.jpg\" alt=\"POLIS conference in the past\" data-id=\"18942\" data-full-url=\"https:\/\/urbanflavour.pl\/wp-content\/uploads\/2020\/12\/fotograf-na-konferencje-szwedzka-warszawa-23.jpg\" data-link=\"https:\/\/urbanflavour.pl\/konferencja-na-szwedzkiej\/fotograf-na-konferencje-szwedzka-warszawa-23\/#main\" class=\"wp-image-18942\" title=\"Urbanflavour.pl\" srcset=\"https:\/\/urbanflavour.pl\/wp-content\/uploads\/2020\/12\/fotograf-na-konferencje-szwedzka-warszawa-23-830x554.jpg 830w, https:\/\/urbanflavour.pl\/wp-content\/uploads\/2020\/12\/fotograf-na-konferencje-szwedzka-warszawa-23-1024x684.jpg 1024w, https:\/\/urbanflavour.pl\/wp-content\/uploads\/2020\/12\/fotograf-na-konferencje-szwedzka-warszawa-23-500x334.jpg 500w, https:\/\/urbanflavour.pl\/wp-content\/uploads\/2020\/12\/fotograf-na-konferencje-szwedzka-warszawa-23.jpg 1400w\" sizes=\"auto, (max-width: 830px) 100vw, 830px\" \/><\/figure><\/li><li class=\"blocks-gallery-item\"><figure><img loading=\"lazy\" decoding=\"async\" width=\"830\" height=\"554\" src=\"https:\/\/urbanflavour.pl\/wp-content\/uploads\/2020\/12\/fotograf-na-konferencje-szwedzka-warszawa-48-830x554.jpg\" alt=\"A cowboy hat on a lectern\" data-id=\"18916\" data-full-url=\"https:\/\/urbanflavour.pl\/wp-content\/uploads\/2020\/12\/fotograf-na-konferencje-szwedzka-warszawa-48.jpg\" data-link=\"https:\/\/urbanflavour.pl\/konferencja-na-szwedzkiej\/fotograf-na-konferencje-szwedzka-warszawa-48\/#main\" class=\"wp-image-18916\" title=\"Urbanflavour.pl\" srcset=\"https:\/\/urbanflavour.pl\/wp-content\/uploads\/2020\/12\/fotograf-na-konferencje-szwedzka-warszawa-48-830x554.jpg 830w, https:\/\/urbanflavour.pl\/wp-content\/uploads\/2020\/12\/fotograf-na-konferencje-szwedzka-warszawa-48-1024x684.jpg 1024w, https:\/\/urbanflavour.pl\/wp-content\/uploads\/2020\/12\/fotograf-na-konferencje-szwedzka-warszawa-48-500x334.jpg 500w, https:\/\/urbanflavour.pl\/wp-content\/uploads\/2020\/12\/fotograf-na-konferencje-szwedzka-warszawa-48.jpg 1400w\" sizes=\"auto, (max-width: 830px) 100vw, 830px\" \/><\/figure><\/li><li class=\"blocks-gallery-item\"><figure><img loading=\"lazy\" decoding=\"async\" width=\"830\" height=\"554\" src=\"https:\/\/urbanflavour.pl\/wp-content\/uploads\/2020\/12\/fotograf-na-konferencje-szwedzka-warszawa-14-830x554.jpg\" alt=\"POLIS conference about the past\" data-id=\"18951\" data-full-url=\"https:\/\/urbanflavour.pl\/wp-content\/uploads\/2020\/12\/fotograf-na-konferencje-szwedzka-warszawa-14.jpg\" data-link=\"https:\/\/urbanflavour.pl\/konferencja-na-szwedzkiej\/fotograf-na-konferencje-szwedzka-warszawa-14\/#main\" class=\"wp-image-18951\" title=\"Urbanflavour.pl\" srcset=\"https:\/\/urbanflavour.pl\/wp-content\/uploads\/2020\/12\/fotograf-na-konferencje-szwedzka-warszawa-14-830x554.jpg 830w, https:\/\/urbanflavour.pl\/wp-content\/uploads\/2020\/12\/fotograf-na-konferencje-szwedzka-warszawa-14-1024x684.jpg 1024w, https:\/\/urbanflavour.pl\/wp-content\/uploads\/2020\/12\/fotograf-na-konferencje-szwedzka-warszawa-14-500x334.jpg 500w, https:\/\/urbanflavour.pl\/wp-content\/uploads\/2020\/12\/fotograf-na-konferencje-szwedzka-warszawa-14.jpg 1400w\" sizes=\"auto, (max-width: 830px) 100vw, 830px\" \/><\/figure><\/li><li class=\"blocks-gallery-item\"><figure><img loading=\"lazy\" decoding=\"async\" width=\"830\" height=\"554\" src=\"https:\/\/urbanflavour.pl\/wp-content\/uploads\/2020\/12\/fotograf-na-konferencje-szwedzka-warszawa-15-830x554.jpg\" alt=\"Questions to the audience\" data-id=\"18950\" data-full-url=\"https:\/\/urbanflavour.pl\/wp-content\/uploads\/2020\/12\/fotograf-na-konferencje-szwedzka-warszawa-15.jpg\" data-link=\"https:\/\/urbanflavour.pl\/konferencja-na-szwedzkiej\/fotograf-na-konferencje-szwedzka-warszawa-15\/#main\" class=\"wp-image-18950\" title=\"Urbanflavour.pl\" srcset=\"https:\/\/urbanflavour.pl\/wp-content\/uploads\/2020\/12\/fotograf-na-konferencje-szwedzka-warszawa-15-830x554.jpg 830w, https:\/\/urbanflavour.pl\/wp-content\/uploads\/2020\/12\/fotograf-na-konferencje-szwedzka-warszawa-15-1024x684.jpg 1024w, https:\/\/urbanflavour.pl\/wp-content\/uploads\/2020\/12\/fotograf-na-konferencje-szwedzka-warszawa-15-500x334.jpg 500w, https:\/\/urbanflavour.pl\/wp-content\/uploads\/2020\/12\/fotograf-na-konferencje-szwedzka-warszawa-15.jpg 1400w\" sizes=\"auto, (max-width: 830px) 100vw, 830px\" \/><\/figure><\/li><li class=\"blocks-gallery-item\"><figure><img loading=\"lazy\" decoding=\"async\" width=\"830\" height=\"554\" src=\"https:\/\/urbanflavour.pl\/wp-content\/uploads\/2020\/12\/fotograf-na-konferencje-szwedzka-warszawa-16-830x554.jpg\" alt=\"On stage with a cowboy hat in hand\" data-id=\"18949\" data-full-url=\"https:\/\/urbanflavour.pl\/wp-content\/uploads\/2020\/12\/fotograf-na-konferencje-szwedzka-warszawa-16.jpg\" data-link=\"https:\/\/urbanflavour.pl\/konferencja-na-szwedzkiej\/fotograf-na-konferencje-szwedzka-warszawa-16\/#main\" class=\"wp-image-18949\" title=\"Urbanflavour.pl\" srcset=\"https:\/\/urbanflavour.pl\/wp-content\/uploads\/2020\/12\/fotograf-na-konferencje-szwedzka-warszawa-16-830x554.jpg 830w, https:\/\/urbanflavour.pl\/wp-content\/uploads\/2020\/12\/fotograf-na-konferencje-szwedzka-warszawa-16-1024x683.jpg 1024w, https:\/\/urbanflavour.pl\/wp-content\/uploads\/2020\/12\/fotograf-na-konferencje-szwedzka-warszawa-16-500x334.jpg 500w, https:\/\/urbanflavour.pl\/wp-content\/uploads\/2020\/12\/fotograf-na-konferencje-szwedzka-warszawa-16.jpg 1400w\" sizes=\"auto, (max-width: 830px) 100vw, 830px\" \/><\/figure><\/li><li class=\"blocks-gallery-item\"><figure><img loading=\"lazy\" decoding=\"async\" width=\"830\" height=\"554\" src=\"https:\/\/urbanflavour.pl\/wp-content\/uploads\/2020\/12\/fotograf-na-konferencje-szwedzka-warszawa-17-830x554.jpg\" alt=\"Photos from the conference in Warsaw\" data-id=\"18948\" data-full-url=\"https:\/\/urbanflavour.pl\/wp-content\/uploads\/2020\/12\/fotograf-na-konferencje-szwedzka-warszawa-17.jpg\" data-link=\"https:\/\/urbanflavour.pl\/konferencja-na-szwedzkiej\/fotograf-na-konferencje-szwedzka-warszawa-17\/#main\" class=\"wp-image-18948\" title=\"Urbanflavour.pl\" srcset=\"https:\/\/urbanflavour.pl\/wp-content\/uploads\/2020\/12\/fotograf-na-konferencje-szwedzka-warszawa-17-830x554.jpg 830w, https:\/\/urbanflavour.pl\/wp-content\/uploads\/2020\/12\/fotograf-na-konferencje-szwedzka-warszawa-17-1024x684.jpg 1024w, https:\/\/urbanflavour.pl\/wp-content\/uploads\/2020\/12\/fotograf-na-konferencje-szwedzka-warszawa-17-500x334.jpg 500w, https:\/\/urbanflavour.pl\/wp-content\/uploads\/2020\/12\/fotograf-na-konferencje-szwedzka-warszawa-17.jpg 1400w\" sizes=\"auto, (max-width: 830px) 100vw, 830px\" \/><\/figure><\/li><\/ul><\/figure>\n\n\n\n<figure class=\"wp-block-gallery alignwide columns-2 is-cropped wp-block-gallery-8 is-layout-flex wp-block-gallery-is-layout-flex\"><ul class=\"blocks-gallery-grid\"><li class=\"blocks-gallery-item\"><figure><a href=\"https:\/\/urbanflavour.pl\/wp-content\/uploads\/2020\/12\/fotograf-na-konferencje-szwedzka-warszawa-21-500x749.jpg\"><img loading=\"lazy\" decoding=\"async\" width=\"500\" height=\"749\" src=\"https:\/\/urbanflavour.pl\/wp-content\/uploads\/2020\/12\/fotograf-na-konferencje-szwedzka-warszawa-21-500x749.jpg\" alt=\"Prowadz\u0105cy na fotelu z d\u0142ugopisem w r\u0119ku\" data-id=\"18944\" data-full-url=\"https:\/\/urbanflavour.pl\/wp-content\/uploads\/2020\/12\/fotograf-na-konferencje-szwedzka-warszawa-21.jpg\" data-link=\"https:\/\/urbanflavour.pl\/konferencja-na-szwedzkiej\/fotograf-na-konferencje-szwedzka-warszawa-21\/#main\" class=\"wp-image-18944\" title=\"Urbanflavour.pl\" srcset=\"https:\/\/urbanflavour.pl\/wp-content\/uploads\/2020\/12\/fotograf-na-konferencje-szwedzka-warszawa-21-500x749.jpg 500w, https:\/\/urbanflavour.pl\/wp-content\/uploads\/2020\/12\/fotograf-na-konferencje-szwedzka-warszawa-21-830x1243.jpg 830w, https:\/\/urbanflavour.pl\/wp-content\/uploads\/2020\/12\/fotograf-na-konferencje-szwedzka-warszawa-21-1024x1534.jpg 1024w, https:\/\/urbanflavour.pl\/wp-content\/uploads\/2020\/12\/fotograf-na-konferencje-szwedzka-warszawa-21.jpg 1400w\" sizes=\"auto, (max-width: 500px) 100vw, 500px\" \/><\/a><\/figure><\/li><li class=\"blocks-gallery-item\"><figure><a href=\"https:\/\/urbanflavour.pl\/wp-content\/uploads\/2020\/12\/fotograf-na-konferencje-szwedzka-warszawa-20-500x749.jpg\"><img loading=\"lazy\" decoding=\"async\" width=\"500\" height=\"749\" src=\"https:\/\/urbanflavour.pl\/wp-content\/uploads\/2020\/12\/fotograf-na-konferencje-szwedzka-warszawa-20-500x749.jpg\" alt=\"Pierwsze rz\u0119dy podczas konferencji\" data-id=\"18945\" data-full-url=\"https:\/\/urbanflavour.pl\/wp-content\/uploads\/2020\/12\/fotograf-na-konferencje-szwedzka-warszawa-20.jpg\" data-link=\"https:\/\/urbanflavour.pl\/konferencja-na-szwedzkiej\/fotograf-na-konferencje-szwedzka-warszawa-20\/#main\" class=\"wp-image-18945\" title=\"Urbanflavour.pl\" srcset=\"https:\/\/urbanflavour.pl\/wp-content\/uploads\/2020\/12\/fotograf-na-konferencje-szwedzka-warszawa-20-500x749.jpg 500w, https:\/\/urbanflavour.pl\/wp-content\/uploads\/2020\/12\/fotograf-na-konferencje-szwedzka-warszawa-20-830x1243.jpg 830w, https:\/\/urbanflavour.pl\/wp-content\/uploads\/2020\/12\/fotograf-na-konferencje-szwedzka-warszawa-20-1024x1534.jpg 1024w, https:\/\/urbanflavour.pl\/wp-content\/uploads\/2020\/12\/fotograf-na-konferencje-szwedzka-warszawa-20.jpg 1400w\" sizes=\"auto, (max-width: 500px) 100vw, 500px\" \/><\/a><\/figure><\/li><\/ul><\/figure>\n\n\n\n<figure class=\"wp-block-gallery columns-1 wp-block-gallery-9 is-layout-flex wp-block-gallery-is-layout-flex\"><ul class=\"blocks-gallery-grid\"><li class=\"blocks-gallery-item\"><figure><img loading=\"lazy\" decoding=\"async\" width=\"830\" height=\"554\" src=\"https:\/\/urbanflavour.pl\/wp-content\/uploads\/2020\/12\/fotograf-na-konferencje-szwedzka-warszawa-18-830x554.jpg\" alt=\"Photos from the conference in Warsaw\" data-id=\"18947\" data-full-url=\"https:\/\/urbanflavour.pl\/wp-content\/uploads\/2020\/12\/fotograf-na-konferencje-szwedzka-warszawa-18.jpg\" data-link=\"https:\/\/urbanflavour.pl\/konferencja-na-szwedzkiej\/fotograf-na-konferencje-szwedzka-warszawa-18\/#main\" class=\"wp-image-18947\" title=\"Urbanflavour.pl\" srcset=\"https:\/\/urbanflavour.pl\/wp-content\/uploads\/2020\/12\/fotograf-na-konferencje-szwedzka-warszawa-18-830x554.jpg 830w, https:\/\/urbanflavour.pl\/wp-content\/uploads\/2020\/12\/fotograf-na-konferencje-szwedzka-warszawa-18-1024x684.jpg 1024w, https:\/\/urbanflavour.pl\/wp-content\/uploads\/2020\/12\/fotograf-na-konferencje-szwedzka-warszawa-18-500x334.jpg 500w, https:\/\/urbanflavour.pl\/wp-content\/uploads\/2020\/12\/fotograf-na-konferencje-szwedzka-warszawa-18.jpg 1400w\" sizes=\"auto, (max-width: 830px) 100vw, 830px\" \/><\/figure><\/li><\/ul><\/figure>\n\n\n\n<figure class=\"wp-block-gallery alignwide columns-2 is-cropped wp-block-gallery-10 is-layout-flex wp-block-gallery-is-layout-flex\"><ul class=\"blocks-gallery-grid\"><li class=\"blocks-gallery-item\"><figure><a href=\"https:\/\/urbanflavour.pl\/wp-content\/uploads\/2020\/12\/fotograf-na-konferencje-szwedzka-warszawa-30-500x749.jpg\"><img loading=\"lazy\" decoding=\"async\" width=\"500\" height=\"749\" src=\"https:\/\/urbanflavour.pl\/wp-content\/uploads\/2020\/12\/fotograf-na-konferencje-szwedzka-warszawa-30-500x749.jpg\" alt=\"Wyst\u0105pienie na scenie\" data-id=\"18935\" data-full-url=\"https:\/\/urbanflavour.pl\/wp-content\/uploads\/2020\/12\/fotograf-na-konferencje-szwedzka-warszawa-30.jpg\" data-link=\"https:\/\/urbanflavour.pl\/konferencja-na-szwedzkiej\/fotograf-na-konferencje-szwedzka-warszawa-30\/#main\" class=\"wp-image-18935\" title=\"Urbanflavour.pl\" srcset=\"https:\/\/urbanflavour.pl\/wp-content\/uploads\/2020\/12\/fotograf-na-konferencje-szwedzka-warszawa-30-500x749.jpg 500w, https:\/\/urbanflavour.pl\/wp-content\/uploads\/2020\/12\/fotograf-na-konferencje-szwedzka-warszawa-30-830x1243.jpg 830w, https:\/\/urbanflavour.pl\/wp-content\/uploads\/2020\/12\/fotograf-na-konferencje-szwedzka-warszawa-30-1024x1534.jpg 1024w, https:\/\/urbanflavour.pl\/wp-content\/uploads\/2020\/12\/fotograf-na-konferencje-szwedzka-warszawa-30.jpg 1400w\" sizes=\"auto, (max-width: 500px) 100vw, 500px\" \/><\/a><\/figure><\/li><li class=\"blocks-gallery-item\"><figure><a href=\"https:\/\/urbanflavour.pl\/wp-content\/uploads\/2020\/12\/fotograf-na-konferencje-szwedzka-warszawa-37-500x749.jpg\"><img loading=\"lazy\" decoding=\"async\" width=\"500\" height=\"749\" src=\"https:\/\/urbanflavour.pl\/wp-content\/uploads\/2020\/12\/fotograf-na-konferencje-szwedzka-warszawa-37-500x749.jpg\" alt=\"M\u0119\u017cczyzna m\u00f3wi o odkryciach archeologicznych na scenie\" data-id=\"18928\" data-full-url=\"https:\/\/urbanflavour.pl\/wp-content\/uploads\/2020\/12\/fotograf-na-konferencje-szwedzka-warszawa-37.jpg\" data-link=\"https:\/\/urbanflavour.pl\/konferencja-na-szwedzkiej\/fotograf-na-konferencje-szwedzka-warszawa-37\/#main\" class=\"wp-image-18928\" title=\"Urbanflavour.pl\" srcset=\"https:\/\/urbanflavour.pl\/wp-content\/uploads\/2020\/12\/fotograf-na-konferencje-szwedzka-warszawa-37-500x749.jpg 500w, https:\/\/urbanflavour.pl\/wp-content\/uploads\/2020\/12\/fotograf-na-konferencje-szwedzka-warszawa-37-830x1243.jpg 830w, https:\/\/urbanflavour.pl\/wp-content\/uploads\/2020\/12\/fotograf-na-konferencje-szwedzka-warszawa-37-1024x1534.jpg 1024w, https:\/\/urbanflavour.pl\/wp-content\/uploads\/2020\/12\/fotograf-na-konferencje-szwedzka-warszawa-37.jpg 1400w\" sizes=\"auto, (max-width: 500px) 100vw, 500px\" \/><\/a><\/figure><\/li><\/ul><\/figure>\n\n\n\n<figure class=\"wp-block-gallery columns-1 wp-block-gallery-11 is-layout-flex wp-block-gallery-is-layout-flex\"><ul class=\"blocks-gallery-grid\"><li class=\"blocks-gallery-item\"><figure><img loading=\"lazy\" decoding=\"async\" width=\"830\" height=\"554\" src=\"https:\/\/urbanflavour.pl\/wp-content\/uploads\/2020\/12\/fotograf-na-konferencje-szwedzka-warszawa-22-830x554.jpg\" alt=\"The facilitator raises his hands\" data-id=\"18943\" data-full-url=\"https:\/\/urbanflavour.pl\/wp-content\/uploads\/2020\/12\/fotograf-na-konferencje-szwedzka-warszawa-22.jpg\" data-link=\"https:\/\/urbanflavour.pl\/konferencja-na-szwedzkiej\/fotograf-na-konferencje-szwedzka-warszawa-22\/#main\" class=\"wp-image-18943\" title=\"Urbanflavour.pl\" srcset=\"https:\/\/urbanflavour.pl\/wp-content\/uploads\/2020\/12\/fotograf-na-konferencje-szwedzka-warszawa-22-830x554.jpg 830w, https:\/\/urbanflavour.pl\/wp-content\/uploads\/2020\/12\/fotograf-na-konferencje-szwedzka-warszawa-22-1024x684.jpg 1024w, https:\/\/urbanflavour.pl\/wp-content\/uploads\/2020\/12\/fotograf-na-konferencje-szwedzka-warszawa-22-500x334.jpg 500w, https:\/\/urbanflavour.pl\/wp-content\/uploads\/2020\/12\/fotograf-na-konferencje-szwedzka-warszawa-22.jpg 1400w\" sizes=\"auto, (max-width: 830px) 100vw, 830px\" \/><\/figure><\/li><li class=\"blocks-gallery-item\"><figure><img loading=\"lazy\" decoding=\"async\" width=\"830\" height=\"554\" src=\"https:\/\/urbanflavour.pl\/wp-content\/uploads\/2020\/12\/fotograf-na-konferencje-szwedzka-warszawa-24-830x554.jpg\" alt=\"The audience claps\" data-id=\"18941\" data-full-url=\"https:\/\/urbanflavour.pl\/wp-content\/uploads\/2020\/12\/fotograf-na-konferencje-szwedzka-warszawa-24.jpg\" data-link=\"https:\/\/urbanflavour.pl\/konferencja-na-szwedzkiej\/fotograf-na-konferencje-szwedzka-warszawa-24\/#main\" class=\"wp-image-18941\" title=\"Urbanflavour.pl\" srcset=\"https:\/\/urbanflavour.pl\/wp-content\/uploads\/2020\/12\/fotograf-na-konferencje-szwedzka-warszawa-24-830x554.jpg 830w, https:\/\/urbanflavour.pl\/wp-content\/uploads\/2020\/12\/fotograf-na-konferencje-szwedzka-warszawa-24-1024x684.jpg 1024w, https:\/\/urbanflavour.pl\/wp-content\/uploads\/2020\/12\/fotograf-na-konferencje-szwedzka-warszawa-24-500x334.jpg 500w, https:\/\/urbanflavour.pl\/wp-content\/uploads\/2020\/12\/fotograf-na-konferencje-szwedzka-warszawa-24.jpg 1400w\" sizes=\"auto, (max-width: 830px) 100vw, 830px\" \/><\/figure><\/li><li class=\"blocks-gallery-item\"><figure><img loading=\"lazy\" decoding=\"async\" width=\"830\" height=\"554\" src=\"https:\/\/urbanflavour.pl\/wp-content\/uploads\/2020\/12\/fotograf-na-konferencje-szwedzka-warszawa-25-830x554.jpg\" alt=\"Archaeological highway\" data-id=\"18940\" data-full-url=\"https:\/\/urbanflavour.pl\/wp-content\/uploads\/2020\/12\/fotograf-na-konferencje-szwedzka-warszawa-25.jpg\" data-link=\"https:\/\/urbanflavour.pl\/konferencja-na-szwedzkiej\/fotograf-na-konferencje-szwedzka-warszawa-25\/#main\" class=\"wp-image-18940\" title=\"Urbanflavour.pl\" srcset=\"https:\/\/urbanflavour.pl\/wp-content\/uploads\/2020\/12\/fotograf-na-konferencje-szwedzka-warszawa-25-830x554.jpg 830w, https:\/\/urbanflavour.pl\/wp-content\/uploads\/2020\/12\/fotograf-na-konferencje-szwedzka-warszawa-25-1024x684.jpg 1024w, https:\/\/urbanflavour.pl\/wp-content\/uploads\/2020\/12\/fotograf-na-konferencje-szwedzka-warszawa-25-500x334.jpg 500w, https:\/\/urbanflavour.pl\/wp-content\/uploads\/2020\/12\/fotograf-na-konferencje-szwedzka-warszawa-25.jpg 1400w\" sizes=\"auto, (max-width: 830px) 100vw, 830px\" \/><\/figure><\/li><li class=\"blocks-gallery-item\"><figure><img loading=\"lazy\" decoding=\"async\" width=\"830\" height=\"554\" src=\"https:\/\/urbanflavour.pl\/wp-content\/uploads\/2020\/12\/fotograf-na-konferencje-szwedzka-warszawa-26-830x554.jpg\" alt=\"Photos from the conference in Warsaw\" data-id=\"18939\" data-full-url=\"https:\/\/urbanflavour.pl\/wp-content\/uploads\/2020\/12\/fotograf-na-konferencje-szwedzka-warszawa-26.jpg\" data-link=\"https:\/\/urbanflavour.pl\/konferencja-na-szwedzkiej\/fotograf-na-konferencje-szwedzka-warszawa-26\/#main\" class=\"wp-image-18939\" title=\"Urbanflavour.pl\" srcset=\"https:\/\/urbanflavour.pl\/wp-content\/uploads\/2020\/12\/fotograf-na-konferencje-szwedzka-warszawa-26-830x554.jpg 830w, https:\/\/urbanflavour.pl\/wp-content\/uploads\/2020\/12\/fotograf-na-konferencje-szwedzka-warszawa-26-1024x684.jpg 1024w, https:\/\/urbanflavour.pl\/wp-content\/uploads\/2020\/12\/fotograf-na-konferencje-szwedzka-warszawa-26-500x334.jpg 500w, https:\/\/urbanflavour.pl\/wp-content\/uploads\/2020\/12\/fotograf-na-konferencje-szwedzka-warszawa-26.jpg 1400w\" sizes=\"auto, (max-width: 830px) 100vw, 830px\" \/><\/figure><\/li><li class=\"blocks-gallery-item\"><figure><img loading=\"lazy\" decoding=\"async\" width=\"830\" height=\"554\" src=\"https:\/\/urbanflavour.pl\/wp-content\/uploads\/2020\/12\/fotograf-na-konferencje-szwedzka-warszawa-27-830x554.jpg\" alt=\"Celts\" data-id=\"18938\" data-full-url=\"https:\/\/urbanflavour.pl\/wp-content\/uploads\/2020\/12\/fotograf-na-konferencje-szwedzka-warszawa-27.jpg\" data-link=\"https:\/\/urbanflavour.pl\/konferencja-na-szwedzkiej\/fotograf-na-konferencje-szwedzka-warszawa-27\/#main\" class=\"wp-image-18938\" title=\"Urbanflavour.pl\" srcset=\"https:\/\/urbanflavour.pl\/wp-content\/uploads\/2020\/12\/fotograf-na-konferencje-szwedzka-warszawa-27-830x554.jpg 830w, https:\/\/urbanflavour.pl\/wp-content\/uploads\/2020\/12\/fotograf-na-konferencje-szwedzka-warszawa-27-1024x684.jpg 1024w, https:\/\/urbanflavour.pl\/wp-content\/uploads\/2020\/12\/fotograf-na-konferencje-szwedzka-warszawa-27-500x334.jpg 500w, https:\/\/urbanflavour.pl\/wp-content\/uploads\/2020\/12\/fotograf-na-konferencje-szwedzka-warszawa-27.jpg 1400w\" sizes=\"auto, (max-width: 830px) 100vw, 830px\" \/><\/figure><\/li><li class=\"blocks-gallery-item\"><figure><img loading=\"lazy\" decoding=\"async\" width=\"830\" height=\"554\" src=\"https:\/\/urbanflavour.pl\/wp-content\/uploads\/2020\/12\/fotograf-na-konferencje-szwedzka-warszawa-28-830x554.jpg\" alt=\"Photos from the conference in Warsaw\" data-id=\"18937\" data-full-url=\"https:\/\/urbanflavour.pl\/wp-content\/uploads\/2020\/12\/fotograf-na-konferencje-szwedzka-warszawa-28.jpg\" data-link=\"https:\/\/urbanflavour.pl\/konferencja-na-szwedzkiej\/fotograf-na-konferencje-szwedzka-warszawa-28\/#main\" class=\"wp-image-18937\" title=\"Urbanflavour.pl\" srcset=\"https:\/\/urbanflavour.pl\/wp-content\/uploads\/2020\/12\/fotograf-na-konferencje-szwedzka-warszawa-28-830x554.jpg 830w, https:\/\/urbanflavour.pl\/wp-content\/uploads\/2020\/12\/fotograf-na-konferencje-szwedzka-warszawa-28-1024x683.jpg 1024w, https:\/\/urbanflavour.pl\/wp-content\/uploads\/2020\/12\/fotograf-na-konferencje-szwedzka-warszawa-28-500x334.jpg 500w, https:\/\/urbanflavour.pl\/wp-content\/uploads\/2020\/12\/fotograf-na-konferencje-szwedzka-warszawa-28.jpg 1400w\" sizes=\"auto, (max-width: 830px) 100vw, 830px\" \/><\/figure><\/li><li class=\"blocks-gallery-item\"><figure><img loading=\"lazy\" decoding=\"async\" width=\"830\" height=\"554\" src=\"https:\/\/urbanflavour.pl\/wp-content\/uploads\/2020\/12\/fotograf-na-konferencje-szwedzka-warszawa-29-830x554.jpg\" alt=\"Smiling people in the audience\" data-id=\"18936\" data-full-url=\"https:\/\/urbanflavour.pl\/wp-content\/uploads\/2020\/12\/fotograf-na-konferencje-szwedzka-warszawa-29.jpg\" data-link=\"https:\/\/urbanflavour.pl\/konferencja-na-szwedzkiej\/fotograf-na-konferencje-szwedzka-warszawa-29\/#main\" class=\"wp-image-18936\" title=\"Urbanflavour.pl\" srcset=\"https:\/\/urbanflavour.pl\/wp-content\/uploads\/2020\/12\/fotograf-na-konferencje-szwedzka-warszawa-29-830x554.jpg 830w, https:\/\/urbanflavour.pl\/wp-content\/uploads\/2020\/12\/fotograf-na-konferencje-szwedzka-warszawa-29-1024x684.jpg 1024w, https:\/\/urbanflavour.pl\/wp-content\/uploads\/2020\/12\/fotograf-na-konferencje-szwedzka-warszawa-29-500x334.jpg 500w, https:\/\/urbanflavour.pl\/wp-content\/uploads\/2020\/12\/fotograf-na-konferencje-szwedzka-warszawa-29.jpg 1400w\" sizes=\"auto, (max-width: 830px) 100vw, 830px\" \/><\/figure><\/li><li class=\"blocks-gallery-item\"><figure><img loading=\"lazy\" decoding=\"async\" width=\"830\" height=\"554\" src=\"https:\/\/urbanflavour.pl\/wp-content\/uploads\/2020\/12\/fotograf-na-konferencje-szwedzka-warszawa-31-830x554.jpg\" alt=\"View of the stage and the audience elegantly dressed\" data-id=\"18934\" data-full-url=\"https:\/\/urbanflavour.pl\/wp-content\/uploads\/2020\/12\/fotograf-na-konferencje-szwedzka-warszawa-31.jpg\" data-link=\"https:\/\/urbanflavour.pl\/konferencja-na-szwedzkiej\/fotograf-na-konferencje-szwedzka-warszawa-31\/#main\" class=\"wp-image-18934\" title=\"Urbanflavour.pl\" srcset=\"https:\/\/urbanflavour.pl\/wp-content\/uploads\/2020\/12\/fotograf-na-konferencje-szwedzka-warszawa-31-830x554.jpg 830w, https:\/\/urbanflavour.pl\/wp-content\/uploads\/2020\/12\/fotograf-na-konferencje-szwedzka-warszawa-31-1024x684.jpg 1024w, https:\/\/urbanflavour.pl\/wp-content\/uploads\/2020\/12\/fotograf-na-konferencje-szwedzka-warszawa-31-500x334.jpg 500w, https:\/\/urbanflavour.pl\/wp-content\/uploads\/2020\/12\/fotograf-na-konferencje-szwedzka-warszawa-31.jpg 1400w\" sizes=\"auto, (max-width: 830px) 100vw, 830px\" \/><\/figure><\/li><li class=\"blocks-gallery-item\"><figure><img loading=\"lazy\" decoding=\"async\" width=\"830\" height=\"554\" src=\"https:\/\/urbanflavour.pl\/wp-content\/uploads\/2020\/12\/fotograf-na-konferencje-szwedzka-warszawa-32-830x554.jpg\" alt=\"The facilitator glances at the stage\" data-id=\"18933\" data-full-url=\"https:\/\/urbanflavour.pl\/wp-content\/uploads\/2020\/12\/fotograf-na-konferencje-szwedzka-warszawa-32.jpg\" data-link=\"https:\/\/urbanflavour.pl\/konferencja-na-szwedzkiej\/fotograf-na-konferencje-szwedzka-warszawa-32\/#main\" class=\"wp-image-18933\" title=\"Urbanflavour.pl\" srcset=\"https:\/\/urbanflavour.pl\/wp-content\/uploads\/2020\/12\/fotograf-na-konferencje-szwedzka-warszawa-32-830x554.jpg 830w, https:\/\/urbanflavour.pl\/wp-content\/uploads\/2020\/12\/fotograf-na-konferencje-szwedzka-warszawa-32-1024x684.jpg 1024w, https:\/\/urbanflavour.pl\/wp-content\/uploads\/2020\/12\/fotograf-na-konferencje-szwedzka-warszawa-32-500x334.jpg 500w, https:\/\/urbanflavour.pl\/wp-content\/uploads\/2020\/12\/fotograf-na-konferencje-szwedzka-warszawa-32.jpg 1400w\" sizes=\"auto, (max-width: 830px) 100vw, 830px\" \/><\/figure><\/li><li class=\"blocks-gallery-item\"><figure><img loading=\"lazy\" decoding=\"async\" width=\"830\" height=\"554\" src=\"https:\/\/urbanflavour.pl\/wp-content\/uploads\/2020\/12\/fotograf-na-konferencje-szwedzka-warszawa-34-830x554.jpg\" alt=\"Group of people talking during the conference\" data-id=\"18931\" data-full-url=\"https:\/\/urbanflavour.pl\/wp-content\/uploads\/2020\/12\/fotograf-na-konferencje-szwedzka-warszawa-34.jpg\" data-link=\"https:\/\/urbanflavour.pl\/konferencja-na-szwedzkiej\/fotograf-na-konferencje-szwedzka-warszawa-34\/#main\" class=\"wp-image-18931\" title=\"Urbanflavour.pl\" srcset=\"https:\/\/urbanflavour.pl\/wp-content\/uploads\/2020\/12\/fotograf-na-konferencje-szwedzka-warszawa-34-830x554.jpg 830w, https:\/\/urbanflavour.pl\/wp-content\/uploads\/2020\/12\/fotograf-na-konferencje-szwedzka-warszawa-34-1024x684.jpg 1024w, https:\/\/urbanflavour.pl\/wp-content\/uploads\/2020\/12\/fotograf-na-konferencje-szwedzka-warszawa-34-500x334.jpg 500w, https:\/\/urbanflavour.pl\/wp-content\/uploads\/2020\/12\/fotograf-na-konferencje-szwedzka-warszawa-34.jpg 1400w\" sizes=\"auto, (max-width: 830px) 100vw, 830px\" \/><\/figure><\/li><li class=\"blocks-gallery-item\"><figure><img loading=\"lazy\" decoding=\"async\" width=\"830\" height=\"554\" src=\"https:\/\/urbanflavour.pl\/wp-content\/uploads\/2020\/12\/fotograf-na-konferencje-szwedzka-warszawa-35-830x554.jpg\" alt=\"The visitors watch the exhibition\" data-id=\"18930\" data-full-url=\"https:\/\/urbanflavour.pl\/wp-content\/uploads\/2020\/12\/fotograf-na-konferencje-szwedzka-warszawa-35.jpg\" data-link=\"https:\/\/urbanflavour.pl\/konferencja-na-szwedzkiej\/fotograf-na-konferencje-szwedzka-warszawa-35\/#main\" class=\"wp-image-18930\" title=\"Urbanflavour.pl\" srcset=\"https:\/\/urbanflavour.pl\/wp-content\/uploads\/2020\/12\/fotograf-na-konferencje-szwedzka-warszawa-35-830x554.jpg 830w, https:\/\/urbanflavour.pl\/wp-content\/uploads\/2020\/12\/fotograf-na-konferencje-szwedzka-warszawa-35-1024x684.jpg 1024w, https:\/\/urbanflavour.pl\/wp-content\/uploads\/2020\/12\/fotograf-na-konferencje-szwedzka-warszawa-35-500x334.jpg 500w, https:\/\/urbanflavour.pl\/wp-content\/uploads\/2020\/12\/fotograf-na-konferencje-szwedzka-warszawa-35.jpg 1400w\" sizes=\"auto, (max-width: 830px) 100vw, 830px\" \/><\/figure><\/li><li class=\"blocks-gallery-item\"><figure><img loading=\"lazy\" decoding=\"async\" width=\"830\" height=\"554\" src=\"https:\/\/urbanflavour.pl\/wp-content\/uploads\/2020\/12\/fotograf-na-konferencje-szwedzka-warszawa-39-830x554.jpg\" alt=\"The man on the stage\" data-id=\"18926\" data-full-url=\"https:\/\/urbanflavour.pl\/wp-content\/uploads\/2020\/12\/fotograf-na-konferencje-szwedzka-warszawa-39.jpg\" data-link=\"https:\/\/urbanflavour.pl\/konferencja-na-szwedzkiej\/fotograf-na-konferencje-szwedzka-warszawa-39\/#main\" class=\"wp-image-18926\" title=\"Urbanflavour.pl\" srcset=\"https:\/\/urbanflavour.pl\/wp-content\/uploads\/2020\/12\/fotograf-na-konferencje-szwedzka-warszawa-39-830x554.jpg 830w, https:\/\/urbanflavour.pl\/wp-content\/uploads\/2020\/12\/fotograf-na-konferencje-szwedzka-warszawa-39-1024x683.jpg 1024w, https:\/\/urbanflavour.pl\/wp-content\/uploads\/2020\/12\/fotograf-na-konferencje-szwedzka-warszawa-39-500x334.jpg 500w, https:\/\/urbanflavour.pl\/wp-content\/uploads\/2020\/12\/fotograf-na-konferencje-szwedzka-warszawa-39.jpg 1400w\" sizes=\"auto, (max-width: 830px) 100vw, 830px\" \/><\/figure><\/li><li class=\"blocks-gallery-item\"><figure><img loading=\"lazy\" decoding=\"async\" width=\"830\" height=\"554\" src=\"https:\/\/urbanflavour.pl\/wp-content\/uploads\/2020\/12\/fotograf-na-konferencje-szwedzka-warszawa-40-830x554.jpg\" alt=\"A conference in Warsaw, a good photographer\" data-id=\"18925\" data-full-url=\"https:\/\/urbanflavour.pl\/wp-content\/uploads\/2020\/12\/fotograf-na-konferencje-szwedzka-warszawa-40.jpg\" data-link=\"https:\/\/urbanflavour.pl\/konferencja-na-szwedzkiej\/fotograf-na-konferencje-szwedzka-warszawa-40\/#main\" class=\"wp-image-18925\" title=\"Urbanflavour.pl\" srcset=\"https:\/\/urbanflavour.pl\/wp-content\/uploads\/2020\/12\/fotograf-na-konferencje-szwedzka-warszawa-40-830x554.jpg 830w, https:\/\/urbanflavour.pl\/wp-content\/uploads\/2020\/12\/fotograf-na-konferencje-szwedzka-warszawa-40-1024x684.jpg 1024w, https:\/\/urbanflavour.pl\/wp-content\/uploads\/2020\/12\/fotograf-na-konferencje-szwedzka-warszawa-40-500x334.jpg 500w, https:\/\/urbanflavour.pl\/wp-content\/uploads\/2020\/12\/fotograf-na-konferencje-szwedzka-warszawa-40.jpg 1400w\" sizes=\"auto, (max-width: 830px) 100vw, 830px\" \/><\/figure><\/li><li class=\"blocks-gallery-item\"><figure><img loading=\"lazy\" decoding=\"async\" width=\"830\" height=\"554\" src=\"https:\/\/urbanflavour.pl\/wp-content\/uploads\/2020\/12\/fotograf-na-konferencje-szwedzka-warszawa-41-830x554.jpg\" alt=\"Man in suit on stage\" data-id=\"18924\" data-full-url=\"https:\/\/urbanflavour.pl\/wp-content\/uploads\/2020\/12\/fotograf-na-konferencje-szwedzka-warszawa-41.jpg\" data-link=\"https:\/\/urbanflavour.pl\/konferencja-na-szwedzkiej\/fotograf-na-konferencje-szwedzka-warszawa-41\/#main\" class=\"wp-image-18924\" title=\"Urbanflavour.pl\" srcset=\"https:\/\/urbanflavour.pl\/wp-content\/uploads\/2020\/12\/fotograf-na-konferencje-szwedzka-warszawa-41-830x554.jpg 830w, https:\/\/urbanflavour.pl\/wp-content\/uploads\/2020\/12\/fotograf-na-konferencje-szwedzka-warszawa-41-1024x684.jpg 1024w, https:\/\/urbanflavour.pl\/wp-content\/uploads\/2020\/12\/fotograf-na-konferencje-szwedzka-warszawa-41-500x334.jpg 500w, https:\/\/urbanflavour.pl\/wp-content\/uploads\/2020\/12\/fotograf-na-konferencje-szwedzka-warszawa-41.jpg 1400w\" sizes=\"auto, (max-width: 830px) 100vw, 830px\" \/><\/figure><\/li><li class=\"blocks-gallery-item\"><figure><img loading=\"lazy\" decoding=\"async\" width=\"830\" height=\"554\" src=\"https:\/\/urbanflavour.pl\/wp-content\/uploads\/2020\/12\/fotograf-na-konferencje-szwedzka-warszawa-42-830x554.jpg\" alt=\"The man points his finger at the screen\" data-id=\"18923\" data-full-url=\"https:\/\/urbanflavour.pl\/wp-content\/uploads\/2020\/12\/fotograf-na-konferencje-szwedzka-warszawa-42.jpg\" data-link=\"https:\/\/urbanflavour.pl\/konferencja-na-szwedzkiej\/fotograf-na-konferencje-szwedzka-warszawa-42\/#main\" class=\"wp-image-18923\" title=\"Urbanflavour.pl\" srcset=\"https:\/\/urbanflavour.pl\/wp-content\/uploads\/2020\/12\/fotograf-na-konferencje-szwedzka-warszawa-42-830x554.jpg 830w, https:\/\/urbanflavour.pl\/wp-content\/uploads\/2020\/12\/fotograf-na-konferencje-szwedzka-warszawa-42-1024x684.jpg 1024w, https:\/\/urbanflavour.pl\/wp-content\/uploads\/2020\/12\/fotograf-na-konferencje-szwedzka-warszawa-42-500x334.jpg 500w, https:\/\/urbanflavour.pl\/wp-content\/uploads\/2020\/12\/fotograf-na-konferencje-szwedzka-warszawa-42.jpg 1400w\" sizes=\"auto, (max-width: 830px) 100vw, 830px\" \/><\/figure><\/li><li class=\"blocks-gallery-item\"><figure><img loading=\"lazy\" decoding=\"async\" width=\"830\" height=\"554\" src=\"https:\/\/urbanflavour.pl\/wp-content\/uploads\/2020\/12\/fotograf-na-konferencje-szwedzka-warszawa-44-830x554.jpg\" alt=\"Conference in High Culture\" data-id=\"18920\" data-full-url=\"https:\/\/urbanflavour.pl\/wp-content\/uploads\/2020\/12\/fotograf-na-konferencje-szwedzka-warszawa-44.jpg\" data-link=\"https:\/\/urbanflavour.pl\/konferencja-na-szwedzkiej\/fotograf-na-konferencje-szwedzka-warszawa-44\/#main\" class=\"wp-image-18920\" title=\"Urbanflavour.pl\" srcset=\"https:\/\/urbanflavour.pl\/wp-content\/uploads\/2020\/12\/fotograf-na-konferencje-szwedzka-warszawa-44-830x554.jpg 830w, https:\/\/urbanflavour.pl\/wp-content\/uploads\/2020\/12\/fotograf-na-konferencje-szwedzka-warszawa-44-1024x684.jpg 1024w, https:\/\/urbanflavour.pl\/wp-content\/uploads\/2020\/12\/fotograf-na-konferencje-szwedzka-warszawa-44-500x334.jpg 500w, https:\/\/urbanflavour.pl\/wp-content\/uploads\/2020\/12\/fotograf-na-konferencje-szwedzka-warszawa-44.jpg 1400w\" sizes=\"auto, (max-width: 830px) 100vw, 830px\" \/><\/figure><\/li><li class=\"blocks-gallery-item\"><figure><img loading=\"lazy\" decoding=\"async\" width=\"830\" height=\"554\" src=\"https:\/\/urbanflavour.pl\/wp-content\/uploads\/2020\/12\/fotograf-na-konferencje-szwedzka-warszawa-46-830x554.jpg\" alt=\"Conversation during the conference\" data-id=\"18918\" data-full-url=\"https:\/\/urbanflavour.pl\/wp-content\/uploads\/2020\/12\/fotograf-na-konferencje-szwedzka-warszawa-46.jpg\" data-link=\"https:\/\/urbanflavour.pl\/konferencja-na-szwedzkiej\/fotograf-na-konferencje-szwedzka-warszawa-46\/#main\" class=\"wp-image-18918\" title=\"Urbanflavour.pl\" srcset=\"https:\/\/urbanflavour.pl\/wp-content\/uploads\/2020\/12\/fotograf-na-konferencje-szwedzka-warszawa-46-830x554.jpg 830w, https:\/\/urbanflavour.pl\/wp-content\/uploads\/2020\/12\/fotograf-na-konferencje-szwedzka-warszawa-46-1024x684.jpg 1024w, https:\/\/urbanflavour.pl\/wp-content\/uploads\/2020\/12\/fotograf-na-konferencje-szwedzka-warszawa-46-500x334.jpg 500w, https:\/\/urbanflavour.pl\/wp-content\/uploads\/2020\/12\/fotograf-na-konferencje-szwedzka-warszawa-46.jpg 1400w\" sizes=\"auto, (max-width: 830px) 100vw, 830px\" \/><\/figure><\/li><li class=\"blocks-gallery-item\"><figure><img loading=\"lazy\" decoding=\"async\" width=\"830\" height=\"554\" src=\"https:\/\/urbanflavour.pl\/wp-content\/uploads\/2020\/12\/fotograf-na-konferencje-szwedzka-warszawa-51-830x554.jpg\" alt=\"Photo from the audience\" data-id=\"18913\" data-full-url=\"https:\/\/urbanflavour.pl\/wp-content\/uploads\/2020\/12\/fotograf-na-konferencje-szwedzka-warszawa-51.jpg\" data-link=\"https:\/\/urbanflavour.pl\/konferencja-na-szwedzkiej\/fotograf-na-konferencje-szwedzka-warszawa-51\/#main\" class=\"wp-image-18913\" title=\"Urbanflavour.pl\" srcset=\"https:\/\/urbanflavour.pl\/wp-content\/uploads\/2020\/12\/fotograf-na-konferencje-szwedzka-warszawa-51-830x554.jpg 830w, https:\/\/urbanflavour.pl\/wp-content\/uploads\/2020\/12\/fotograf-na-konferencje-szwedzka-warszawa-51-1024x684.jpg 1024w, https:\/\/urbanflavour.pl\/wp-content\/uploads\/2020\/12\/fotograf-na-konferencje-szwedzka-warszawa-51-500x334.jpg 500w, https:\/\/urbanflavour.pl\/wp-content\/uploads\/2020\/12\/fotograf-na-konferencje-szwedzka-warszawa-51.jpg 1400w\" sizes=\"auto, (max-width: 830px) 100vw, 830px\" \/><\/figure><\/li><li class=\"blocks-gallery-item\"><figure><img loading=\"lazy\" decoding=\"async\" width=\"830\" height=\"554\" src=\"https:\/\/urbanflavour.pl\/wp-content\/uploads\/2020\/12\/fotograf-na-konferencje-szwedzka-warszawa-52-830x554.jpg\" alt=\"Easel with presentation\" data-id=\"18912\" data-full-url=\"https:\/\/urbanflavour.pl\/wp-content\/uploads\/2020\/12\/fotograf-na-konferencje-szwedzka-warszawa-52.jpg\" data-link=\"https:\/\/urbanflavour.pl\/konferencja-na-szwedzkiej\/fotograf-na-konferencje-szwedzka-warszawa-52\/#main\" class=\"wp-image-18912\" title=\"Urbanflavour.pl\" srcset=\"https:\/\/urbanflavour.pl\/wp-content\/uploads\/2020\/12\/fotograf-na-konferencje-szwedzka-warszawa-52-830x554.jpg 830w, https:\/\/urbanflavour.pl\/wp-content\/uploads\/2020\/12\/fotograf-na-konferencje-szwedzka-warszawa-52-1024x684.jpg 1024w, https:\/\/urbanflavour.pl\/wp-content\/uploads\/2020\/12\/fotograf-na-konferencje-szwedzka-warszawa-52-500x334.jpg 500w, https:\/\/urbanflavour.pl\/wp-content\/uploads\/2020\/12\/fotograf-na-konferencje-szwedzka-warszawa-52.jpg 1400w\" sizes=\"auto, (max-width: 830px) 100vw, 830px\" \/><\/figure><\/li><\/ul><\/figure>\n\n\n\n<figure class=\"wp-block-gallery alignwide columns-2 wp-block-gallery-12 is-layout-flex wp-block-gallery-is-layout-flex\"><ul class=\"blocks-gallery-grid\"><li class=\"blocks-gallery-item\"><figure><a href=\"https:\/\/urbanflavour.pl\/wp-content\/uploads\/2020\/12\/fotograf-na-konferencje-szwedzka-warszawa-43-500x749.jpg\"><img loading=\"lazy\" decoding=\"async\" width=\"500\" height=\"749\" src=\"https:\/\/urbanflavour.pl\/wp-content\/uploads\/2020\/12\/fotograf-na-konferencje-szwedzka-warszawa-43-500x749.jpg\" alt=\"M\u0119\u017cczyzna poprawia mikrofon na m\u00f3wnicy\" data-id=\"18922\" data-full-url=\"https:\/\/urbanflavour.pl\/wp-content\/uploads\/2020\/12\/fotograf-na-konferencje-szwedzka-warszawa-43.jpg\" data-link=\"https:\/\/urbanflavour.pl\/konferencja-na-szwedzkiej\/fotograf-na-konferencje-szwedzka-warszawa-43\/#main\" class=\"wp-image-18922\" title=\"Urbanflavour.pl\" srcset=\"https:\/\/urbanflavour.pl\/wp-content\/uploads\/2020\/12\/fotograf-na-konferencje-szwedzka-warszawa-43-500x749.jpg 500w, https:\/\/urbanflavour.pl\/wp-content\/uploads\/2020\/12\/fotograf-na-konferencje-szwedzka-warszawa-43-830x1243.jpg 830w, https:\/\/urbanflavour.pl\/wp-content\/uploads\/2020\/12\/fotograf-na-konferencje-szwedzka-warszawa-43-1024x1534.jpg 1024w, https:\/\/urbanflavour.pl\/wp-content\/uploads\/2020\/12\/fotograf-na-konferencje-szwedzka-warszawa-43.jpg 1400w\" sizes=\"auto, (max-width: 500px) 100vw, 500px\" \/><\/a><\/figure><\/li><li class=\"blocks-gallery-item\"><figure><a href=\"https:\/\/urbanflavour.pl\/wp-content\/uploads\/2020\/12\/fotograf-na-konferencje-szwedzka-warszawa-38-500x749.jpg\"><img loading=\"lazy\" decoding=\"async\" width=\"500\" height=\"749\" src=\"https:\/\/urbanflavour.pl\/wp-content\/uploads\/2020\/12\/fotograf-na-konferencje-szwedzka-warszawa-38-500x749.jpg\" alt=\"M\u0119\u017cczyzna na scenie zmienia slajdy\" data-id=\"18927\" data-full-url=\"https:\/\/urbanflavour.pl\/wp-content\/uploads\/2020\/12\/fotograf-na-konferencje-szwedzka-warszawa-38.jpg\" data-link=\"https:\/\/urbanflavour.pl\/konferencja-na-szwedzkiej\/fotograf-na-konferencje-szwedzka-warszawa-38\/#main\" class=\"wp-image-18927\" title=\"Urbanflavour.pl\" srcset=\"https:\/\/urbanflavour.pl\/wp-content\/uploads\/2020\/12\/fotograf-na-konferencje-szwedzka-warszawa-38-500x749.jpg 500w, https:\/\/urbanflavour.pl\/wp-content\/uploads\/2020\/12\/fotograf-na-konferencje-szwedzka-warszawa-38-830x1243.jpg 830w, https:\/\/urbanflavour.pl\/wp-content\/uploads\/2020\/12\/fotograf-na-konferencje-szwedzka-warszawa-38-1024x1534.jpg 1024w, https:\/\/urbanflavour.pl\/wp-content\/uploads\/2020\/12\/fotograf-na-konferencje-szwedzka-warszawa-38.jpg 1400w\" sizes=\"auto, (max-width: 500px) 100vw, 500px\" \/><\/a><\/figure><\/li><\/ul><\/figure>\n\n\n\n<figure class=\"wp-block-gallery columns-1 wp-block-gallery-13 is-layout-flex wp-block-gallery-is-layout-flex\"><ul class=\"blocks-gallery-grid\"><li class=\"blocks-gallery-item\"><figure><img loading=\"lazy\" decoding=\"async\" width=\"830\" height=\"554\" src=\"https:\/\/urbanflavour.pl\/wp-content\/uploads\/2020\/12\/fotograf-na-konferencje-szwedzka-warszawa-57-830x554.jpg\" alt=\"The woman is holding a microphone in her hands\" data-id=\"18907\" data-full-url=\"https:\/\/urbanflavour.pl\/wp-content\/uploads\/2020\/12\/fotograf-na-konferencje-szwedzka-warszawa-57.jpg\" data-link=\"https:\/\/urbanflavour.pl\/konferencja-na-szwedzkiej\/fotograf-na-konferencje-szwedzka-warszawa-57\/#main\" class=\"wp-image-18907\" title=\"Urbanflavour.pl\" srcset=\"https:\/\/urbanflavour.pl\/wp-content\/uploads\/2020\/12\/fotograf-na-konferencje-szwedzka-warszawa-57-830x554.jpg 830w, https:\/\/urbanflavour.pl\/wp-content\/uploads\/2020\/12\/fotograf-na-konferencje-szwedzka-warszawa-57-1024x684.jpg 1024w, https:\/\/urbanflavour.pl\/wp-content\/uploads\/2020\/12\/fotograf-na-konferencje-szwedzka-warszawa-57-500x334.jpg 500w, https:\/\/urbanflavour.pl\/wp-content\/uploads\/2020\/12\/fotograf-na-konferencje-szwedzka-warszawa-57.jpg 1400w\" sizes=\"auto, (max-width: 830px) 100vw, 830px\" \/><\/figure><\/li><\/ul><\/figure>\n\n<\/div><\/div>\n\n<div class=\"gb-container gb-container-f4c23fff\"><div class=\"gb-inside-container\">\n\n<h2 class=\"has-text-align-center wp-block-heading\">Photos from the debate<\/h2>\n\n\n\n<p>At the very end, it was time for a discussion between the presenters and the audience who also had their questions and comments. It is an important element of each conference, as it gives the possibility of a broader discussion on the discussed topics throughout the conference.<\/p>\n\n\n\n<figure class=\"wp-block-gallery columns-1 wp-block-gallery-14 is-layout-flex wp-block-gallery-is-layout-flex\"><ul class=\"blocks-gallery-grid\"><li class=\"blocks-gallery-item\"><figure><img loading=\"lazy\" decoding=\"async\" width=\"830\" height=\"554\" src=\"https:\/\/urbanflavour.pl\/wp-content\/uploads\/2020\/12\/fotograf-na-konferencje-szwedzka-warszawa-47-830x554.jpg\" alt=\"Water bottles and microphones on white tables\" data-id=\"18917\" data-full-url=\"https:\/\/urbanflavour.pl\/wp-content\/uploads\/2020\/12\/fotograf-na-konferencje-szwedzka-warszawa-47.jpg\" data-link=\"https:\/\/urbanflavour.pl\/konferencja-na-szwedzkiej\/fotograf-na-konferencje-szwedzka-warszawa-47\/#main\" class=\"wp-image-18917\" title=\"Urbanflavour.pl\" srcset=\"https:\/\/urbanflavour.pl\/wp-content\/uploads\/2020\/12\/fotograf-na-konferencje-szwedzka-warszawa-47-830x554.jpg 830w, https:\/\/urbanflavour.pl\/wp-content\/uploads\/2020\/12\/fotograf-na-konferencje-szwedzka-warszawa-47-1024x684.jpg 1024w, https:\/\/urbanflavour.pl\/wp-content\/uploads\/2020\/12\/fotograf-na-konferencje-szwedzka-warszawa-47-500x334.jpg 500w, https:\/\/urbanflavour.pl\/wp-content\/uploads\/2020\/12\/fotograf-na-konferencje-szwedzka-warszawa-47.jpg 1400w\" sizes=\"auto, (max-width: 830px) 100vw, 830px\" \/><\/figure><\/li><li class=\"blocks-gallery-item\"><figure><img loading=\"lazy\" decoding=\"async\" width=\"830\" height=\"554\" src=\"https:\/\/urbanflavour.pl\/wp-content\/uploads\/2020\/12\/fotograf-na-konferencje-szwedzka-warszawa-53-830x554.jpg\" alt=\"The scene in high culture\" data-id=\"18911\" data-full-url=\"https:\/\/urbanflavour.pl\/wp-content\/uploads\/2020\/12\/fotograf-na-konferencje-szwedzka-warszawa-53.jpg\" data-link=\"https:\/\/urbanflavour.pl\/konferencja-na-szwedzkiej\/fotograf-na-konferencje-szwedzka-warszawa-53\/#main\" class=\"wp-image-18911\" title=\"Urbanflavour.pl\" srcset=\"https:\/\/urbanflavour.pl\/wp-content\/uploads\/2020\/12\/fotograf-na-konferencje-szwedzka-warszawa-53-830x554.jpg 830w, https:\/\/urbanflavour.pl\/wp-content\/uploads\/2020\/12\/fotograf-na-konferencje-szwedzka-warszawa-53-1024x684.jpg 1024w, https:\/\/urbanflavour.pl\/wp-content\/uploads\/2020\/12\/fotograf-na-konferencje-szwedzka-warszawa-53-500x334.jpg 500w, https:\/\/urbanflavour.pl\/wp-content\/uploads\/2020\/12\/fotograf-na-konferencje-szwedzka-warszawa-53.jpg 1400w\" sizes=\"auto, (max-width: 830px) 100vw, 830px\" \/><\/figure><\/li><li class=\"blocks-gallery-item\"><figure><img loading=\"lazy\" decoding=\"async\" width=\"830\" height=\"554\" src=\"https:\/\/urbanflavour.pl\/wp-content\/uploads\/2020\/12\/fotograf-na-konferencje-szwedzka-warszawa-54-830x554.jpg\" alt=\"Conversation on stage\" data-id=\"18910\" data-full-url=\"https:\/\/urbanflavour.pl\/wp-content\/uploads\/2020\/12\/fotograf-na-konferencje-szwedzka-warszawa-54.jpg\" data-link=\"https:\/\/urbanflavour.pl\/konferencja-na-szwedzkiej\/fotograf-na-konferencje-szwedzka-warszawa-54\/#main\" class=\"wp-image-18910\" title=\"Urbanflavour.pl\" srcset=\"https:\/\/urbanflavour.pl\/wp-content\/uploads\/2020\/12\/fotograf-na-konferencje-szwedzka-warszawa-54-830x554.jpg 830w, https:\/\/urbanflavour.pl\/wp-content\/uploads\/2020\/12\/fotograf-na-konferencje-szwedzka-warszawa-54-1024x684.jpg 1024w, https:\/\/urbanflavour.pl\/wp-content\/uploads\/2020\/12\/fotograf-na-konferencje-szwedzka-warszawa-54-500x334.jpg 500w, https:\/\/urbanflavour.pl\/wp-content\/uploads\/2020\/12\/fotograf-na-konferencje-szwedzka-warszawa-54.jpg 1400w\" sizes=\"auto, (max-width: 830px) 100vw, 830px\" \/><\/figure><\/li><li class=\"blocks-gallery-item\"><figure><img loading=\"lazy\" decoding=\"async\" width=\"830\" height=\"554\" src=\"https:\/\/urbanflavour.pl\/wp-content\/uploads\/2020\/12\/fotograf-na-konferencje-szwedzka-warszawa-55-830x554.jpg\" alt=\"Debate on stage during the conference\" data-id=\"18909\" data-full-url=\"https:\/\/urbanflavour.pl\/wp-content\/uploads\/2020\/12\/fotograf-na-konferencje-szwedzka-warszawa-55.jpg\" data-link=\"https:\/\/urbanflavour.pl\/konferencja-na-szwedzkiej\/fotograf-na-konferencje-szwedzka-warszawa-55\/#main\" class=\"wp-image-18909\" title=\"Urbanflavour.pl\" srcset=\"https:\/\/urbanflavour.pl\/wp-content\/uploads\/2020\/12\/fotograf-na-konferencje-szwedzka-warszawa-55-830x554.jpg 830w, https:\/\/urbanflavour.pl\/wp-content\/uploads\/2020\/12\/fotograf-na-konferencje-szwedzka-warszawa-55-1024x684.jpg 1024w, https:\/\/urbanflavour.pl\/wp-content\/uploads\/2020\/12\/fotograf-na-konferencje-szwedzka-warszawa-55-500x334.jpg 500w, https:\/\/urbanflavour.pl\/wp-content\/uploads\/2020\/12\/fotograf-na-konferencje-szwedzka-warszawa-55.jpg 1400w\" sizes=\"auto, (max-width: 830px) 100vw, 830px\" \/><\/figure><\/li><li class=\"blocks-gallery-item\"><figure><img loading=\"lazy\" decoding=\"async\" width=\"830\" height=\"554\" src=\"https:\/\/urbanflavour.pl\/wp-content\/uploads\/2020\/12\/fotograf-na-konferencje-szwedzka-warszawa-56-830x554.jpg\" alt=\"Conversation on stage\" data-id=\"18908\" data-full-url=\"https:\/\/urbanflavour.pl\/wp-content\/uploads\/2020\/12\/fotograf-na-konferencje-szwedzka-warszawa-56.jpg\" data-link=\"https:\/\/urbanflavour.pl\/konferencja-na-szwedzkiej\/fotograf-na-konferencje-szwedzka-warszawa-56\/#main\" class=\"wp-image-18908\" title=\"Urbanflavour.pl\" srcset=\"https:\/\/urbanflavour.pl\/wp-content\/uploads\/2020\/12\/fotograf-na-konferencje-szwedzka-warszawa-56-830x554.jpg 830w, https:\/\/urbanflavour.pl\/wp-content\/uploads\/2020\/12\/fotograf-na-konferencje-szwedzka-warszawa-56-1024x684.jpg 1024w, https:\/\/urbanflavour.pl\/wp-content\/uploads\/2020\/12\/fotograf-na-konferencje-szwedzka-warszawa-56-500x334.jpg 500w, https:\/\/urbanflavour.pl\/wp-content\/uploads\/2020\/12\/fotograf-na-konferencje-szwedzka-warszawa-56.jpg 1400w\" sizes=\"auto, (max-width: 830px) 100vw, 830px\" \/><\/figure><\/li><li class=\"blocks-gallery-item\"><figure><img loading=\"lazy\" decoding=\"async\" width=\"830\" height=\"554\" src=\"https:\/\/urbanflavour.pl\/wp-content\/uploads\/2020\/12\/fotograf-na-konferencje-szwedzka-warszawa-58-830x554.jpg\" alt=\"Stage conversations\" data-id=\"18906\" data-full-url=\"https:\/\/urbanflavour.pl\/wp-content\/uploads\/2020\/12\/fotograf-na-konferencje-szwedzka-warszawa-58.jpg\" data-link=\"https:\/\/urbanflavour.pl\/konferencja-na-szwedzkiej\/fotograf-na-konferencje-szwedzka-warszawa-58\/#main\" class=\"wp-image-18906\" title=\"Urbanflavour.pl\" srcset=\"https:\/\/urbanflavour.pl\/wp-content\/uploads\/2020\/12\/fotograf-na-konferencje-szwedzka-warszawa-58-830x554.jpg 830w, https:\/\/urbanflavour.pl\/wp-content\/uploads\/2020\/12\/fotograf-na-konferencje-szwedzka-warszawa-58-1024x684.jpg 1024w, https:\/\/urbanflavour.pl\/wp-content\/uploads\/2020\/12\/fotograf-na-konferencje-szwedzka-warszawa-58-500x334.jpg 500w, https:\/\/urbanflavour.pl\/wp-content\/uploads\/2020\/12\/fotograf-na-konferencje-szwedzka-warszawa-58.jpg 1400w\" sizes=\"auto, (max-width: 830px) 100vw, 830px\" \/><\/figure><\/li><li class=\"blocks-gallery-item\"><figure><img loading=\"lazy\" decoding=\"async\" width=\"830\" height=\"554\" src=\"https:\/\/urbanflavour.pl\/wp-content\/uploads\/2020\/12\/fotograf-na-konferencje-szwedzka-warszawa-59-830x554.jpg\" alt=\"A woman asking a question at a conference\" data-id=\"18905\" data-full-url=\"https:\/\/urbanflavour.pl\/wp-content\/uploads\/2020\/12\/fotograf-na-konferencje-szwedzka-warszawa-59.jpg\" data-link=\"https:\/\/urbanflavour.pl\/konferencja-na-szwedzkiej\/fotograf-na-konferencje-szwedzka-warszawa-59\/#main\" class=\"wp-image-18905\" title=\"Urbanflavour.pl\" srcset=\"https:\/\/urbanflavour.pl\/wp-content\/uploads\/2020\/12\/fotograf-na-konferencje-szwedzka-warszawa-59-830x554.jpg 830w, https:\/\/urbanflavour.pl\/wp-content\/uploads\/2020\/12\/fotograf-na-konferencje-szwedzka-warszawa-59-1024x684.jpg 1024w, https:\/\/urbanflavour.pl\/wp-content\/uploads\/2020\/12\/fotograf-na-konferencje-szwedzka-warszawa-59-500x334.jpg 500w, https:\/\/urbanflavour.pl\/wp-content\/uploads\/2020\/12\/fotograf-na-konferencje-szwedzka-warszawa-59.jpg 1400w\" sizes=\"auto, (max-width: 830px) 100vw, 830px\" \/><\/figure><\/li><li class=\"blocks-gallery-item\"><figure><img loading=\"lazy\" decoding=\"async\" width=\"830\" height=\"554\" src=\"https:\/\/urbanflavour.pl\/wp-content\/uploads\/2020\/12\/fotograf-na-konferencje-szwedzka-warszawa-60-830x554.jpg\" alt=\"Debate on stage\" data-id=\"18903\" data-full-url=\"https:\/\/urbanflavour.pl\/wp-content\/uploads\/2020\/12\/fotograf-na-konferencje-szwedzka-warszawa-60.jpg\" data-link=\"https:\/\/urbanflavour.pl\/konferencja-na-szwedzkiej\/fotograf-na-konferencje-szwedzka-warszawa-60\/#main\" class=\"wp-image-18903\" title=\"Urbanflavour.pl\" srcset=\"https:\/\/urbanflavour.pl\/wp-content\/uploads\/2020\/12\/fotograf-na-konferencje-szwedzka-warszawa-60-830x554.jpg 830w, https:\/\/urbanflavour.pl\/wp-content\/uploads\/2020\/12\/fotograf-na-konferencje-szwedzka-warszawa-60-1024x684.jpg 1024w, https:\/\/urbanflavour.pl\/wp-content\/uploads\/2020\/12\/fotograf-na-konferencje-szwedzka-warszawa-60-500x334.jpg 500w, https:\/\/urbanflavour.pl\/wp-content\/uploads\/2020\/12\/fotograf-na-konferencje-szwedzka-warszawa-60.jpg 1400w\" sizes=\"auto, (max-width: 830px) 100vw, 830px\" \/><\/figure><\/li><li class=\"blocks-gallery-item\"><figure><img loading=\"lazy\" decoding=\"async\" width=\"830\" height=\"554\" src=\"https:\/\/urbanflavour.pl\/wp-content\/uploads\/2020\/12\/fotograf-na-konferencje-szwedzka-warszawa-61-830x554.jpg\" alt=\"Leading with a hat\" data-id=\"18904\" data-full-url=\"https:\/\/urbanflavour.pl\/wp-content\/uploads\/2020\/12\/fotograf-na-konferencje-szwedzka-warszawa-61.jpg\" data-link=\"https:\/\/urbanflavour.pl\/konferencja-na-szwedzkiej\/fotograf-na-konferencje-szwedzka-warszawa-61\/#main\" class=\"wp-image-18904\" title=\"Urbanflavour.pl\" srcset=\"https:\/\/urbanflavour.pl\/wp-content\/uploads\/2020\/12\/fotograf-na-konferencje-szwedzka-warszawa-61-830x554.jpg 830w, https:\/\/urbanflavour.pl\/wp-content\/uploads\/2020\/12\/fotograf-na-konferencje-szwedzka-warszawa-61-1024x684.jpg 1024w, https:\/\/urbanflavour.pl\/wp-content\/uploads\/2020\/12\/fotograf-na-konferencje-szwedzka-warszawa-61-500x334.jpg 500w, https:\/\/urbanflavour.pl\/wp-content\/uploads\/2020\/12\/fotograf-na-konferencje-szwedzka-warszawa-61.jpg 1400w\" sizes=\"auto, (max-width: 830px) 100vw, 830px\" \/><\/figure><\/li><\/ul><\/figure>\n\n<\/div><\/div>\n\n\n<div class=\"wp-block-group\"><div class=\"wp-block-group__inner-container is-layout-flow wp-block-group-is-layout-flow\">\n<h2 class=\"has-text-align-center wp-block-heading\">Photographer at the conference<\/h2>\n\n\n\n<p class=\"has-text-align-justify\">If you are organizing an important event and you need a photographer for the conference, check out my event offer page. There you will find more photos from conferences and other events as well as terms of cooperation. I photograph events in Warsaw, \u0141\u00f3d\u017a, Gda\u0144sk, Wroc\u0142aw and other cities in Poland. Feel free to<a href=\"https:\/\/urbanflavour.pl\/en\/contact\/\" class=\"rank-math-link\"> contact<\/a> .<\/p>\n<\/div><\/div>\n","protected":false},"excerpt":{"rendered":"<p>Photo report from the archaeological conference &#8220;POli\u015a about the past&#8221; in the Kultura Wysoka building at ul. Swedish. <\/p>\n","protected":false},"author":1,"featured_media":23297,"comment_status":"open","ping_status":"closed","sticky":false,"template":"","format":"standard","meta":{"footnotes":""},"categories":[42,44,43],"tags":[],"class_list":["post-27871","post","type-post","status-publish","format-standard","has-post-thumbnail","hentry","category-portfolio-en","category-conferences","category-event-photography","infinite-scroll-item","generate-columns","tablet-grid-50","mobile-grid-100","grid-parent","grid-33"],"featured_image_urls_v2":{"full":["https:\/\/urbanflavour.pl\/wp-content\/uploads\/2020\/11\/fotograf-na-konferencje-warszawa.jpg",1920,1282,false],"thumbnail":["https:\/\/urbanflavour.pl\/wp-content\/uploads\/2020\/11\/fotograf-na-konferencje-warszawa-500x334.jpg",500,334,true],"medium":["https:\/\/urbanflavour.pl\/wp-content\/uploads\/2020\/11\/fotograf-na-konferencje-warszawa-830x554.jpg",830,554,true],"medium_large":["https:\/\/urbanflavour.pl\/wp-content\/uploads\/2020\/11\/fotograf-na-konferencje-warszawa.jpg",768,513,false],"large":["https:\/\/urbanflavour.pl\/wp-content\/uploads\/2020\/11\/fotograf-na-konferencje-warszawa-1024x684.jpg",1024,684,true],"1536x1536":["https:\/\/urbanflavour.pl\/wp-content\/uploads\/2020\/11\/fotograf-na-konferencje-warszawa.jpg",1536,1026,false],"2048x2048":["https:\/\/urbanflavour.pl\/wp-content\/uploads\/2020\/11\/fotograf-na-konferencje-warszawa.jpg",1920,1282,false],"gform-image-choice-sm":["https:\/\/urbanflavour.pl\/wp-content\/uploads\/2020\/11\/fotograf-na-konferencje-warszawa.jpg",300,200,false],"gform-image-choice-md":["https:\/\/urbanflavour.pl\/wp-content\/uploads\/2020\/11\/fotograf-na-konferencje-warszawa.jpg",400,267,false],"gform-image-choice-lg":["https:\/\/urbanflavour.pl\/wp-content\/uploads\/2020\/11\/fotograf-na-konferencje-warszawa.jpg",600,401,false]},"post_excerpt_stackable_v2":"<p>Photo report from the archaeological conference &#8220;POli\u015a about the past&#8221; in the Kultura Wysoka building at ul. Swedish. <\/p>\n","category_list_v2":"<a href=\"https:\/\/urbanflavour.pl\/en\/kategoria\/portfolio-en\/\" rel=\"category tag\">Portfolio<\/a>, <a href=\"https:\/\/urbanflavour.pl\/en\/kategoria\/portfolio-en\/event-photography\/conferences\/\" rel=\"category tag\">Conferences<\/a>, <a href=\"https:\/\/urbanflavour.pl\/en\/kategoria\/portfolio-en\/event-photography\/\" rel=\"category tag\">Event Photography<\/a>","author_info_v2":{"name":"Marcin Krokowski","url":"https:\/\/urbanflavour.pl\/en\/author\/marcin_d3rfw32\/"},"comments_num_v2":"0 comments","_links":{"self":[{"href":"https:\/\/urbanflavour.pl\/en\/wp-json\/wp\/v2\/posts\/27871","targetHints":{"allow":["GET"]}}],"collection":[{"href":"https:\/\/urbanflavour.pl\/en\/wp-json\/wp\/v2\/posts"}],"about":[{"href":"https:\/\/urbanflavour.pl\/en\/wp-json\/wp\/v2\/types\/post"}],"author":[{"embeddable":true,"href":"https:\/\/urbanflavour.pl\/en\/wp-json\/wp\/v2\/users\/1"}],"replies":[{"embeddable":true,"href":"https:\/\/urbanflavour.pl\/en\/wp-json\/wp\/v2\/comments?post=27871"}],"version-history":[{"count":0,"href":"https:\/\/urbanflavour.pl\/en\/wp-json\/wp\/v2\/posts\/27871\/revisions"}],"wp:featuredmedia":[{"embeddable":true,"href":"https:\/\/urbanflavour.pl\/en\/wp-json\/wp\/v2\/media\/23297"}],"wp:attachment":[{"href":"https:\/\/urbanflavour.pl\/en\/wp-json\/wp\/v2\/media?parent=27871"}],"wp:term":[{"taxonomy":"category","embeddable":true,"href":"https:\/\/urbanflavour.pl\/en\/wp-json\/wp\/v2\/categories?post=27871"},{"taxonomy":"post_tag","embeddable":true,"href":"https:\/\/urbanflavour.pl\/en\/wp-json\/wp\/v2\/tags?post=27871"}],"curies":[{"name":"wp","href":"https:\/\/api.w.org\/{rel}","templated":true}]}}