{"id":27895,"date":"2020-12-02T22:34:50","date_gmt":"2020-12-02T21:34:50","guid":{"rendered":"https:\/\/urbanflavour.pl\/magazine-premiere-magazine-in-space-facebook\/"},"modified":"2021-02-27T19:06:32","modified_gmt":"2021-02-27T18:06:32","slug":"magazine-premiere-magazine-in-space-facebook","status":"publish","type":"post","link":"https:\/\/urbanflavour.pl\/en\/magazine-premiere-magazine-in-space-facebook\/","title":{"rendered":"The premiere of the magazine Pismo in Przestrze\u0144 Facebooka"},"content":{"rendered":"<div class=\"gb-container gb-container-3a4f1758\"><div class=\"gb-inside-container\">\n\n<p>The premiere of the magazine Pismo which answered the question &#8220;<strong><a rel=\"noreferrer noopener\" href=\"https:\/\/magazynpismo.pl\/dlaczego-nie-wyciagamy-wnioskow-z-historii\/\" target=\"_blank\" class=\"ek-link\"> Why don&#8217;t we learn from history? &#8220;<\/a><\/strong> in &#8220;Przestrzenie from Facebook&#8221; at ul. Koszykowa.<\/p>\n\n\n\n<figure class=\"wp-block-image alignwide size-large\"><img loading=\"lazy\" decoding=\"async\" width=\"1024\" height=\"684\" src=\"https:\/\/urbanflavour.pl\/wp-content\/uploads\/2020\/12\/premiera-magazynu-pismo-w-przestrzeni-faceboooka-1024x684.jpg\" alt=\"photographer for the premiere of the magazine\" class=\"wp-image-19208\" title=\"Urbanflavour.pl\" srcset=\"https:\/\/urbanflavour.pl\/wp-content\/uploads\/2020\/12\/premiera-magazynu-pismo-w-przestrzeni-faceboooka-1024x684.jpg 1024w, https:\/\/urbanflavour.pl\/wp-content\/uploads\/2020\/12\/premiera-magazynu-pismo-w-przestrzeni-faceboooka-830x554.jpg 830w, https:\/\/urbanflavour.pl\/wp-content\/uploads\/2020\/12\/premiera-magazynu-pismo-w-przestrzeni-faceboooka-500x334.jpg 500w, https:\/\/urbanflavour.pl\/wp-content\/uploads\/2020\/12\/premiera-magazynu-pismo-w-przestrzeni-faceboooka.jpg 1920w\" sizes=\"auto, (max-width: 1024px) 100vw, 1024px\" \/><\/figure>\n\n<\/div><\/div>\n\n<div class=\"gb-container gb-container-2442d244\"><div class=\"gb-inside-container\">\n\n<h2 class=\"has-text-align-center wp-block-heading\">Facebook space in Koszykowa<\/h2>\n\n\n\n<p>Facebook is not only online services. Facebook in Warsaw has prepared a great place for the development of creativity, culture and other social and non-profit events. <\/p>\n\n\n\n<figure class=\"wp-block-gallery columns-1 wp-block-gallery-1 is-layout-flex wp-block-gallery-is-layout-flex\"><ul class=\"blocks-gallery-grid\"><li class=\"blocks-gallery-item\"><figure><img loading=\"lazy\" decoding=\"async\" width=\"830\" height=\"554\" src=\"https:\/\/urbanflavour.pl\/wp-content\/uploads\/2020\/12\/fotografia-eventowa-premiera-magazynu-przestrzen-facebooka-1-830x554.jpg\" alt=\"The entrance to the Facebook space on Koszykowa Street\" data-id=\"19210\" data-full-url=\"https:\/\/urbanflavour.pl\/wp-content\/uploads\/2020\/12\/fotografia-eventowa-premiera-magazynu-przestrzen-facebooka-1.jpg\" data-link=\"https:\/\/urbanflavour.pl\/premiera-magazynu-pismo-w-przestrzeni-facebooka\/fotografia-eventowa-premiera-magazynu-przestrzen-facebooka-1\/#main\" class=\"wp-image-19210\" title=\"Urbanflavour.pl\" srcset=\"https:\/\/urbanflavour.pl\/wp-content\/uploads\/2020\/12\/fotografia-eventowa-premiera-magazynu-przestrzen-facebooka-1-830x554.jpg 830w, https:\/\/urbanflavour.pl\/wp-content\/uploads\/2020\/12\/fotografia-eventowa-premiera-magazynu-przestrzen-facebooka-1-1024x684.jpg 1024w, https:\/\/urbanflavour.pl\/wp-content\/uploads\/2020\/12\/fotografia-eventowa-premiera-magazynu-przestrzen-facebooka-1-500x334.jpg 500w, https:\/\/urbanflavour.pl\/wp-content\/uploads\/2020\/12\/fotografia-eventowa-premiera-magazynu-przestrzen-facebooka-1.jpg 1400w\" sizes=\"auto, (max-width: 830px) 100vw, 830px\" \/><\/figure><\/li><li class=\"blocks-gallery-item\"><figure><img loading=\"lazy\" decoding=\"async\" width=\"830\" height=\"554\" src=\"https:\/\/urbanflavour.pl\/wp-content\/uploads\/2020\/12\/fotografia-eventowa-premiera-magazynu-przestrzen-facebooka-0-830x554.jpg\" alt=\"Reception\" data-id=\"19209\" data-full-url=\"https:\/\/urbanflavour.pl\/wp-content\/uploads\/2020\/12\/fotografia-eventowa-premiera-magazynu-przestrzen-facebooka-0.jpg\" data-link=\"https:\/\/urbanflavour.pl\/premiera-magazynu-pismo-w-przestrzeni-facebooka\/fotografia-eventowa-premiera-magazynu-przestrzen-facebooka-0\/#main\" class=\"wp-image-19209\" title=\"Urbanflavour.pl\" srcset=\"https:\/\/urbanflavour.pl\/wp-content\/uploads\/2020\/12\/fotografia-eventowa-premiera-magazynu-przestrzen-facebooka-0-830x554.jpg 830w, https:\/\/urbanflavour.pl\/wp-content\/uploads\/2020\/12\/fotografia-eventowa-premiera-magazynu-przestrzen-facebooka-0-1024x684.jpg 1024w, https:\/\/urbanflavour.pl\/wp-content\/uploads\/2020\/12\/fotografia-eventowa-premiera-magazynu-przestrzen-facebooka-0-500x334.jpg 500w, https:\/\/urbanflavour.pl\/wp-content\/uploads\/2020\/12\/fotografia-eventowa-premiera-magazynu-przestrzen-facebooka-0.jpg 1400w\" sizes=\"auto, (max-width: 830px) 100vw, 830px\" \/><\/figure><\/li><\/ul><\/figure>\n\n\n\n<figure class=\"wp-block-gallery alignwide columns-2 wp-block-gallery-2 is-layout-flex wp-block-gallery-is-layout-flex\"><ul class=\"blocks-gallery-grid\"><li class=\"blocks-gallery-item\"><figure><img loading=\"lazy\" decoding=\"async\" width=\"500\" height=\"749\" src=\"https:\/\/urbanflavour.pl\/wp-content\/uploads\/2020\/12\/fotografia-eventowa-premiera-magazynu-przestrzen-facebooka-2-500x749.jpg\" alt=\"Premiere of the magazine great hand on the wall\" data-id=\"19211\" data-full-url=\"https:\/\/urbanflavour.pl\/wp-content\/uploads\/2020\/12\/fotografia-eventowa-premiera-magazynu-przestrzen-facebooka-2.jpg\" data-link=\"https:\/\/urbanflavour.pl\/premiera-magazynu-pismo-w-przestrzeni-facebooka\/fotografia-eventowa-premiera-magazynu-przestrzen-facebooka-2\/#main\" class=\"wp-image-19211\" title=\"Urbanflavour.pl\" srcset=\"https:\/\/urbanflavour.pl\/wp-content\/uploads\/2020\/12\/fotografia-eventowa-premiera-magazynu-przestrzen-facebooka-2-500x749.jpg 500w, https:\/\/urbanflavour.pl\/wp-content\/uploads\/2020\/12\/fotografia-eventowa-premiera-magazynu-przestrzen-facebooka-2-830x1243.jpg 830w, https:\/\/urbanflavour.pl\/wp-content\/uploads\/2020\/12\/fotografia-eventowa-premiera-magazynu-przestrzen-facebooka-2-1024x1534.jpg 1024w, https:\/\/urbanflavour.pl\/wp-content\/uploads\/2020\/12\/fotografia-eventowa-premiera-magazynu-przestrzen-facebooka-2.jpg 1400w\" sizes=\"auto, (max-width: 500px) 100vw, 500px\" \/><\/figure><\/li><li class=\"blocks-gallery-item\"><figure><img loading=\"lazy\" decoding=\"async\" width=\"500\" height=\"749\" src=\"https:\/\/urbanflavour.pl\/wp-content\/uploads\/2020\/12\/fotografia-eventowa-premiera-magazynu-przestrzen-facebooka-71-500x749.jpg\" alt=\"Armchair in the clouds\" data-id=\"19279\" data-full-url=\"https:\/\/urbanflavour.pl\/wp-content\/uploads\/2020\/12\/fotografia-eventowa-premiera-magazynu-przestrzen-facebooka-71.jpg\" data-link=\"https:\/\/urbanflavour.pl\/premiera-magazynu-pismo-w-przestrzeni-facebooka\/fotografia-eventowa-premiera-magazynu-przestrzen-facebooka-71\/#main\" class=\"wp-image-19279\" title=\"Urbanflavour.pl\" srcset=\"https:\/\/urbanflavour.pl\/wp-content\/uploads\/2020\/12\/fotografia-eventowa-premiera-magazynu-przestrzen-facebooka-71-500x749.jpg 500w, https:\/\/urbanflavour.pl\/wp-content\/uploads\/2020\/12\/fotografia-eventowa-premiera-magazynu-przestrzen-facebooka-71-830x1243.jpg 830w, https:\/\/urbanflavour.pl\/wp-content\/uploads\/2020\/12\/fotografia-eventowa-premiera-magazynu-przestrzen-facebooka-71-1024x1534.jpg 1024w, https:\/\/urbanflavour.pl\/wp-content\/uploads\/2020\/12\/fotografia-eventowa-premiera-magazynu-przestrzen-facebooka-71.jpg 1400w\" sizes=\"auto, (max-width: 500px) 100vw, 500px\" \/><\/figure><\/li><\/ul><\/figure>\n\n\n\n<figure class=\"wp-block-gallery columns-1 wp-block-gallery-3 is-layout-flex wp-block-gallery-is-layout-flex\"><ul class=\"blocks-gallery-grid\"><li class=\"blocks-gallery-item\"><figure><img loading=\"lazy\" decoding=\"async\" width=\"830\" height=\"554\" src=\"https:\/\/urbanflavour.pl\/wp-content\/uploads\/2020\/12\/fotografia-eventowa-premiera-magazynu-przestrzen-facebooka-72-830x554.jpg\" alt=\"White table with an emoticon\" data-id=\"19280\" data-full-url=\"https:\/\/urbanflavour.pl\/wp-content\/uploads\/2020\/12\/fotografia-eventowa-premiera-magazynu-przestrzen-facebooka-72.jpg\" data-link=\"https:\/\/urbanflavour.pl\/premiera-magazynu-pismo-w-przestrzeni-facebooka\/fotografia-eventowa-premiera-magazynu-przestrzen-facebooka-72\/#main\" class=\"wp-image-19280\" title=\"Urbanflavour.pl\" srcset=\"https:\/\/urbanflavour.pl\/wp-content\/uploads\/2020\/12\/fotografia-eventowa-premiera-magazynu-przestrzen-facebooka-72-830x554.jpg 830w, https:\/\/urbanflavour.pl\/wp-content\/uploads\/2020\/12\/fotografia-eventowa-premiera-magazynu-przestrzen-facebooka-72-1024x684.jpg 1024w, https:\/\/urbanflavour.pl\/wp-content\/uploads\/2020\/12\/fotografia-eventowa-premiera-magazynu-przestrzen-facebooka-72-500x334.jpg 500w, https:\/\/urbanflavour.pl\/wp-content\/uploads\/2020\/12\/fotografia-eventowa-premiera-magazynu-przestrzen-facebooka-72.jpg 1400w\" sizes=\"auto, (max-width: 830px) 100vw, 830px\" \/><\/figure><\/li><\/ul><\/figure>\n\n\n\n<figure class=\"wp-block-gallery aligncenter columns-1 wp-block-gallery-4 is-layout-flex wp-block-gallery-is-layout-flex\"><ul class=\"blocks-gallery-grid\"><li class=\"blocks-gallery-item\"><figure><img loading=\"lazy\" decoding=\"async\" width=\"830\" height=\"554\" src=\"https:\/\/urbanflavour.pl\/wp-content\/uploads\/2020\/12\/fotografia-eventowa-premiera-magazynu-przestrzen-facebooka-66-830x554.jpg\" alt=\"Facebook space logo\" data-id=\"19274\" data-full-url=\"https:\/\/urbanflavour.pl\/wp-content\/uploads\/2020\/12\/fotografia-eventowa-premiera-magazynu-przestrzen-facebooka-66.jpg\" data-link=\"https:\/\/urbanflavour.pl\/premiera-magazynu-pismo-w-przestrzeni-facebooka\/fotografia-eventowa-premiera-magazynu-przestrzen-facebooka-66\/#main\" class=\"wp-image-19274\" title=\"Urbanflavour.pl\" srcset=\"https:\/\/urbanflavour.pl\/wp-content\/uploads\/2020\/12\/fotografia-eventowa-premiera-magazynu-przestrzen-facebooka-66-830x554.jpg 830w, https:\/\/urbanflavour.pl\/wp-content\/uploads\/2020\/12\/fotografia-eventowa-premiera-magazynu-przestrzen-facebooka-66-1024x684.jpg 1024w, https:\/\/urbanflavour.pl\/wp-content\/uploads\/2020\/12\/fotografia-eventowa-premiera-magazynu-przestrzen-facebooka-66-500x334.jpg 500w, https:\/\/urbanflavour.pl\/wp-content\/uploads\/2020\/12\/fotografia-eventowa-premiera-magazynu-przestrzen-facebooka-66.jpg 1400w\" sizes=\"auto, (max-width: 830px) 100vw, 830px\" \/><\/figure><\/li><\/ul><\/figure>\n\n<\/div><\/div>\n\n<div class=\"gb-container gb-container-2bd96e20\"><div class=\"gb-inside-container\">\n\n<h2 class=\"has-text-align-center wp-block-heading\">The premiere of Pismo Magazine<\/h2>\n\n\n\n<p class=\"has-text-align-justify\">The premiere of the magazine Pismo is a great cultural event that provokes discussion and reflection. The topic of Polishness and our beliefs was raised. The subject of the meeting encouraged many people to discuss.<\/p>\n\n<\/div><\/div>\n\n\n<figure class=\"wp-block-gallery alignwide columns-3 wp-block-gallery-5 is-layout-flex wp-block-gallery-is-layout-flex\"><ul class=\"blocks-gallery-grid\"><li class=\"blocks-gallery-item\"><figure><a href=\"https:\/\/urbanflavour.pl\/wp-content\/uploads\/2020\/12\/fotografia-eventowa-premiera-magazynu-przestrzen-facebooka-6-500x334.jpg\"><img loading=\"lazy\" decoding=\"async\" width=\"500\" height=\"334\" src=\"https:\/\/urbanflavour.pl\/wp-content\/uploads\/2020\/12\/fotografia-eventowa-premiera-magazynu-przestrzen-facebooka-6-500x334.jpg\" alt=\"Magazyn pismo\" data-id=\"19215\" data-full-url=\"https:\/\/urbanflavour.pl\/wp-content\/uploads\/2020\/12\/fotografia-eventowa-premiera-magazynu-przestrzen-facebooka-6.jpg\" data-link=\"https:\/\/urbanflavour.pl\/premiera-magazynu-pismo-w-przestrzeni-facebooka\/fotografia-eventowa-premiera-magazynu-przestrzen-facebooka-6\/#main\" class=\"wp-image-19215\" title=\"Urbanflavour.pl\" srcset=\"https:\/\/urbanflavour.pl\/wp-content\/uploads\/2020\/12\/fotografia-eventowa-premiera-magazynu-przestrzen-facebooka-6-500x334.jpg 500w, https:\/\/urbanflavour.pl\/wp-content\/uploads\/2020\/12\/fotografia-eventowa-premiera-magazynu-przestrzen-facebooka-6-830x554.jpg 830w, https:\/\/urbanflavour.pl\/wp-content\/uploads\/2020\/12\/fotografia-eventowa-premiera-magazynu-przestrzen-facebooka-6-1024x684.jpg 1024w, https:\/\/urbanflavour.pl\/wp-content\/uploads\/2020\/12\/fotografia-eventowa-premiera-magazynu-przestrzen-facebooka-6.jpg 1400w\" sizes=\"auto, (max-width: 500px) 100vw, 500px\" \/><\/a><\/figure><\/li><li class=\"blocks-gallery-item\"><figure><a href=\"https:\/\/urbanflavour.pl\/wp-content\/uploads\/2020\/12\/fotografia-eventowa-premiera-magazynu-przestrzen-facebooka-7-500x334.jpg\"><img loading=\"lazy\" decoding=\"async\" width=\"500\" height=\"334\" src=\"https:\/\/urbanflavour.pl\/wp-content\/uploads\/2020\/12\/fotografia-eventowa-premiera-magazynu-przestrzen-facebooka-7-500x334.jpg\" alt=\"Ludzie wchodz\u0105cy drzwiami\" data-id=\"19216\" data-full-url=\"https:\/\/urbanflavour.pl\/wp-content\/uploads\/2020\/12\/fotografia-eventowa-premiera-magazynu-przestrzen-facebooka-7.jpg\" data-link=\"https:\/\/urbanflavour.pl\/premiera-magazynu-pismo-w-przestrzeni-facebooka\/fotografia-eventowa-premiera-magazynu-przestrzen-facebooka-7\/#main\" class=\"wp-image-19216\" title=\"Urbanflavour.pl\" srcset=\"https:\/\/urbanflavour.pl\/wp-content\/uploads\/2020\/12\/fotografia-eventowa-premiera-magazynu-przestrzen-facebooka-7-500x334.jpg 500w, https:\/\/urbanflavour.pl\/wp-content\/uploads\/2020\/12\/fotografia-eventowa-premiera-magazynu-przestrzen-facebooka-7-830x554.jpg 830w, https:\/\/urbanflavour.pl\/wp-content\/uploads\/2020\/12\/fotografia-eventowa-premiera-magazynu-przestrzen-facebooka-7-1024x684.jpg 1024w, https:\/\/urbanflavour.pl\/wp-content\/uploads\/2020\/12\/fotografia-eventowa-premiera-magazynu-przestrzen-facebooka-7.jpg 1400w\" sizes=\"auto, (max-width: 500px) 100vw, 500px\" \/><\/a><\/figure><\/li><li class=\"blocks-gallery-item\"><figure><a href=\"https:\/\/urbanflavour.pl\/wp-content\/uploads\/2020\/12\/fotografia-eventowa-premiera-magazynu-przestrzen-facebooka-8-500x334.jpg\"><img loading=\"lazy\" decoding=\"async\" width=\"500\" height=\"334\" src=\"https:\/\/urbanflavour.pl\/wp-content\/uploads\/2020\/12\/fotografia-eventowa-premiera-magazynu-przestrzen-facebooka-8-500x334.jpg\" alt=\"Powitanie go\u015bci na premierze magazynu\" data-id=\"19217\" data-full-url=\"https:\/\/urbanflavour.pl\/wp-content\/uploads\/2020\/12\/fotografia-eventowa-premiera-magazynu-przestrzen-facebooka-8.jpg\" data-link=\"https:\/\/urbanflavour.pl\/premiera-magazynu-pismo-w-przestrzeni-facebooka\/fotografia-eventowa-premiera-magazynu-przestrzen-facebooka-8\/#main\" class=\"wp-image-19217\" title=\"Urbanflavour.pl\" srcset=\"https:\/\/urbanflavour.pl\/wp-content\/uploads\/2020\/12\/fotografia-eventowa-premiera-magazynu-przestrzen-facebooka-8-500x334.jpg 500w, https:\/\/urbanflavour.pl\/wp-content\/uploads\/2020\/12\/fotografia-eventowa-premiera-magazynu-przestrzen-facebooka-8-830x554.jpg 830w, https:\/\/urbanflavour.pl\/wp-content\/uploads\/2020\/12\/fotografia-eventowa-premiera-magazynu-przestrzen-facebooka-8-1024x684.jpg 1024w, https:\/\/urbanflavour.pl\/wp-content\/uploads\/2020\/12\/fotografia-eventowa-premiera-magazynu-przestrzen-facebooka-8.jpg 1400w\" sizes=\"auto, (max-width: 500px) 100vw, 500px\" \/><\/a><\/figure><\/li><li class=\"blocks-gallery-item\"><figure><a href=\"https:\/\/urbanflavour.pl\/wp-content\/uploads\/2020\/12\/fotografia-eventowa-premiera-magazynu-przestrzen-facebooka-9-500x334.jpg\"><img loading=\"lazy\" decoding=\"async\" width=\"500\" height=\"334\" src=\"https:\/\/urbanflavour.pl\/wp-content\/uploads\/2020\/12\/fotografia-eventowa-premiera-magazynu-przestrzen-facebooka-9-500x334.jpg\" alt=\"Magazyn skarpeta w sandale\" data-id=\"19218\" data-full-url=\"https:\/\/urbanflavour.pl\/wp-content\/uploads\/2020\/12\/fotografia-eventowa-premiera-magazynu-przestrzen-facebooka-9.jpg\" data-link=\"https:\/\/urbanflavour.pl\/premiera-magazynu-pismo-w-przestrzeni-facebooka\/fotografia-eventowa-premiera-magazynu-przestrzen-facebooka-9\/#main\" class=\"wp-image-19218\" title=\"Urbanflavour.pl\" srcset=\"https:\/\/urbanflavour.pl\/wp-content\/uploads\/2020\/12\/fotografia-eventowa-premiera-magazynu-przestrzen-facebooka-9-500x334.jpg 500w, https:\/\/urbanflavour.pl\/wp-content\/uploads\/2020\/12\/fotografia-eventowa-premiera-magazynu-przestrzen-facebooka-9-830x554.jpg 830w, https:\/\/urbanflavour.pl\/wp-content\/uploads\/2020\/12\/fotografia-eventowa-premiera-magazynu-przestrzen-facebooka-9-1024x684.jpg 1024w, https:\/\/urbanflavour.pl\/wp-content\/uploads\/2020\/12\/fotografia-eventowa-premiera-magazynu-przestrzen-facebooka-9.jpg 1400w\" sizes=\"auto, (max-width: 500px) 100vw, 500px\" \/><\/a><\/figure><\/li><li class=\"blocks-gallery-item\"><figure><a href=\"https:\/\/urbanflavour.pl\/wp-content\/uploads\/2020\/12\/fotografia-eventowa-premiera-magazynu-przestrzen-facebooka-4-500x334.jpg\"><img loading=\"lazy\" decoding=\"async\" width=\"500\" height=\"334\" src=\"https:\/\/urbanflavour.pl\/wp-content\/uploads\/2020\/12\/fotografia-eventowa-premiera-magazynu-przestrzen-facebooka-4-500x334.jpg\" alt=\"Przestrze\u0144 facebooka\" data-id=\"19213\" data-full-url=\"https:\/\/urbanflavour.pl\/wp-content\/uploads\/2020\/12\/fotografia-eventowa-premiera-magazynu-przestrzen-facebooka-4.jpg\" data-link=\"https:\/\/urbanflavour.pl\/premiera-magazynu-pismo-w-przestrzeni-facebooka\/fotografia-eventowa-premiera-magazynu-przestrzen-facebooka-4\/#main\" class=\"wp-image-19213\" title=\"Urbanflavour.pl\" srcset=\"https:\/\/urbanflavour.pl\/wp-content\/uploads\/2020\/12\/fotografia-eventowa-premiera-magazynu-przestrzen-facebooka-4-500x334.jpg 500w, https:\/\/urbanflavour.pl\/wp-content\/uploads\/2020\/12\/fotografia-eventowa-premiera-magazynu-przestrzen-facebooka-4-830x554.jpg 830w, https:\/\/urbanflavour.pl\/wp-content\/uploads\/2020\/12\/fotografia-eventowa-premiera-magazynu-przestrzen-facebooka-4-1024x684.jpg 1024w, https:\/\/urbanflavour.pl\/wp-content\/uploads\/2020\/12\/fotografia-eventowa-premiera-magazynu-przestrzen-facebooka-4.jpg 1400w\" sizes=\"auto, (max-width: 500px) 100vw, 500px\" \/><\/a><\/figure><\/li><li class=\"blocks-gallery-item\"><figure><a href=\"https:\/\/urbanflavour.pl\/wp-content\/uploads\/2020\/12\/fotografia-eventowa-premiera-magazynu-przestrzen-facebooka-5-500x334.jpg\"><img loading=\"lazy\" decoding=\"async\" width=\"500\" height=\"334\" src=\"https:\/\/urbanflavour.pl\/wp-content\/uploads\/2020\/12\/fotografia-eventowa-premiera-magazynu-przestrzen-facebooka-5-500x334.jpg\" alt=\"Ludzie czytaj\u0105cy pismo\" data-id=\"19214\" data-full-url=\"https:\/\/urbanflavour.pl\/wp-content\/uploads\/2020\/12\/fotografia-eventowa-premiera-magazynu-przestrzen-facebooka-5.jpg\" data-link=\"https:\/\/urbanflavour.pl\/premiera-magazynu-pismo-w-przestrzeni-facebooka\/fotografia-eventowa-premiera-magazynu-przestrzen-facebooka-5\/#main\" class=\"wp-image-19214\" title=\"Urbanflavour.pl\" srcset=\"https:\/\/urbanflavour.pl\/wp-content\/uploads\/2020\/12\/fotografia-eventowa-premiera-magazynu-przestrzen-facebooka-5-500x334.jpg 500w, https:\/\/urbanflavour.pl\/wp-content\/uploads\/2020\/12\/fotografia-eventowa-premiera-magazynu-przestrzen-facebooka-5-830x554.jpg 830w, https:\/\/urbanflavour.pl\/wp-content\/uploads\/2020\/12\/fotografia-eventowa-premiera-magazynu-przestrzen-facebooka-5-1024x684.jpg 1024w, https:\/\/urbanflavour.pl\/wp-content\/uploads\/2020\/12\/fotografia-eventowa-premiera-magazynu-przestrzen-facebooka-5.jpg 1400w\" sizes=\"auto, (max-width: 500px) 100vw, 500px\" \/><\/a><\/figure><\/li><\/ul><\/figure>\n\n\n\n<figure class=\"wp-block-gallery columns-1 wp-block-gallery-6 is-layout-flex wp-block-gallery-is-layout-flex\"><ul class=\"blocks-gallery-grid\"><li class=\"blocks-gallery-item\"><figure><img loading=\"lazy\" decoding=\"async\" width=\"830\" height=\"554\" src=\"https:\/\/urbanflavour.pl\/wp-content\/uploads\/2020\/12\/fotografia-eventowa-premiera-magazynu-przestrzen-facebooka-10-830x554.jpg\" alt=\"Event photo of the magazine&#039;s premiere\" data-id=\"19219\" data-full-url=\"https:\/\/urbanflavour.pl\/wp-content\/uploads\/2020\/12\/fotografia-eventowa-premiera-magazynu-przestrzen-facebooka-10.jpg\" data-link=\"https:\/\/urbanflavour.pl\/premiera-magazynu-pismo-w-przestrzeni-facebooka\/fotografia-eventowa-premiera-magazynu-przestrzen-facebooka-10\/#main\" class=\"wp-image-19219\" title=\"Urbanflavour.pl\" srcset=\"https:\/\/urbanflavour.pl\/wp-content\/uploads\/2020\/12\/fotografia-eventowa-premiera-magazynu-przestrzen-facebooka-10-830x554.jpg 830w, https:\/\/urbanflavour.pl\/wp-content\/uploads\/2020\/12\/fotografia-eventowa-premiera-magazynu-przestrzen-facebooka-10-1024x684.jpg 1024w, https:\/\/urbanflavour.pl\/wp-content\/uploads\/2020\/12\/fotografia-eventowa-premiera-magazynu-przestrzen-facebooka-10-500x334.jpg 500w, https:\/\/urbanflavour.pl\/wp-content\/uploads\/2020\/12\/fotografia-eventowa-premiera-magazynu-przestrzen-facebooka-10.jpg 1400w\" sizes=\"auto, (max-width: 830px) 100vw, 830px\" \/><\/figure><\/li><li class=\"blocks-gallery-item\"><figure><img loading=\"lazy\" decoding=\"async\" width=\"830\" height=\"554\" src=\"https:\/\/urbanflavour.pl\/wp-content\/uploads\/2020\/12\/fotografia-eventowa-premiera-magazynu-przestrzen-facebooka-11-830x554.jpg\" alt=\"Reading a magazine\" data-id=\"19220\" data-full-url=\"https:\/\/urbanflavour.pl\/wp-content\/uploads\/2020\/12\/fotografia-eventowa-premiera-magazynu-przestrzen-facebooka-11.jpg\" data-link=\"https:\/\/urbanflavour.pl\/premiera-magazynu-pismo-w-przestrzeni-facebooka\/fotografia-eventowa-premiera-magazynu-przestrzen-facebooka-11\/#main\" class=\"wp-image-19220\" title=\"Urbanflavour.pl\" srcset=\"https:\/\/urbanflavour.pl\/wp-content\/uploads\/2020\/12\/fotografia-eventowa-premiera-magazynu-przestrzen-facebooka-11-830x554.jpg 830w, https:\/\/urbanflavour.pl\/wp-content\/uploads\/2020\/12\/fotografia-eventowa-premiera-magazynu-przestrzen-facebooka-11-1024x684.jpg 1024w, https:\/\/urbanflavour.pl\/wp-content\/uploads\/2020\/12\/fotografia-eventowa-premiera-magazynu-przestrzen-facebooka-11-500x334.jpg 500w, https:\/\/urbanflavour.pl\/wp-content\/uploads\/2020\/12\/fotografia-eventowa-premiera-magazynu-przestrzen-facebooka-11.jpg 1400w\" sizes=\"auto, (max-width: 830px) 100vw, 830px\" \/><\/figure><\/li><li class=\"blocks-gallery-item\"><figure><img loading=\"lazy\" decoding=\"async\" width=\"830\" height=\"554\" src=\"https:\/\/urbanflavour.pl\/wp-content\/uploads\/2020\/12\/fotografia-eventowa-premiera-magazynu-przestrzen-facebooka-12-830x554.jpg\" alt=\"Interviews of the lecturers\" data-id=\"19221\" data-full-url=\"https:\/\/urbanflavour.pl\/wp-content\/uploads\/2020\/12\/fotografia-eventowa-premiera-magazynu-przestrzen-facebooka-12.jpg\" data-link=\"https:\/\/urbanflavour.pl\/premiera-magazynu-pismo-w-przestrzeni-facebooka\/fotografia-eventowa-premiera-magazynu-przestrzen-facebooka-12\/#main\" class=\"wp-image-19221\" title=\"Urbanflavour.pl\" srcset=\"https:\/\/urbanflavour.pl\/wp-content\/uploads\/2020\/12\/fotografia-eventowa-premiera-magazynu-przestrzen-facebooka-12-830x554.jpg 830w, https:\/\/urbanflavour.pl\/wp-content\/uploads\/2020\/12\/fotografia-eventowa-premiera-magazynu-przestrzen-facebooka-12-1024x684.jpg 1024w, https:\/\/urbanflavour.pl\/wp-content\/uploads\/2020\/12\/fotografia-eventowa-premiera-magazynu-przestrzen-facebooka-12-500x334.jpg 500w, https:\/\/urbanflavour.pl\/wp-content\/uploads\/2020\/12\/fotografia-eventowa-premiera-magazynu-przestrzen-facebooka-12.jpg 1400w\" sizes=\"auto, (max-width: 830px) 100vw, 830px\" \/><\/figure><\/li><\/ul><\/figure>\n\n\n\n<figure class=\"wp-block-gallery alignwide columns-2 wp-block-gallery-7 is-layout-flex wp-block-gallery-is-layout-flex\"><ul class=\"blocks-gallery-grid\"><li class=\"blocks-gallery-item\"><figure><a href=\"https:\/\/urbanflavour.pl\/wp-content\/uploads\/2020\/12\/fotografia-eventowa-premiera-magazynu-przestrzen-facebooka-17-500x749.jpg\"><img loading=\"lazy\" decoding=\"async\" width=\"500\" height=\"749\" src=\"https:\/\/urbanflavour.pl\/wp-content\/uploads\/2020\/12\/fotografia-eventowa-premiera-magazynu-przestrzen-facebooka-17-500x749.jpg\" alt=\"Kobieta na kanapie rozmawia z prowadz\u0105c\u0105\" data-id=\"19225\" data-full-url=\"https:\/\/urbanflavour.pl\/wp-content\/uploads\/2020\/12\/fotografia-eventowa-premiera-magazynu-przestrzen-facebooka-17.jpg\" data-link=\"https:\/\/urbanflavour.pl\/premiera-magazynu-pismo-w-przestrzeni-facebooka\/fotografia-eventowa-premiera-magazynu-przestrzen-facebooka-17\/#main\" class=\"wp-image-19225\" title=\"Urbanflavour.pl\" srcset=\"https:\/\/urbanflavour.pl\/wp-content\/uploads\/2020\/12\/fotografia-eventowa-premiera-magazynu-przestrzen-facebooka-17-500x749.jpg 500w, https:\/\/urbanflavour.pl\/wp-content\/uploads\/2020\/12\/fotografia-eventowa-premiera-magazynu-przestrzen-facebooka-17-830x1243.jpg 830w, https:\/\/urbanflavour.pl\/wp-content\/uploads\/2020\/12\/fotografia-eventowa-premiera-magazynu-przestrzen-facebooka-17-1024x1534.jpg 1024w, https:\/\/urbanflavour.pl\/wp-content\/uploads\/2020\/12\/fotografia-eventowa-premiera-magazynu-przestrzen-facebooka-17.jpg 1400w\" sizes=\"auto, (max-width: 500px) 100vw, 500px\" \/><\/a><\/figure><\/li><li class=\"blocks-gallery-item\"><figure><a href=\"https:\/\/urbanflavour.pl\/wp-content\/uploads\/2020\/12\/fotografia-eventowa-premiera-magazynu-przestrzen-facebooka-14-500x749.jpg\"><img loading=\"lazy\" decoding=\"async\" width=\"500\" height=\"749\" src=\"https:\/\/urbanflavour.pl\/wp-content\/uploads\/2020\/12\/fotografia-eventowa-premiera-magazynu-przestrzen-facebooka-14-500x749.jpg\" alt=\"M\u0119\u017cczyzna w czerwonym swetrze\" data-id=\"19222\" data-full-url=\"https:\/\/urbanflavour.pl\/wp-content\/uploads\/2020\/12\/fotografia-eventowa-premiera-magazynu-przestrzen-facebooka-14.jpg\" data-link=\"https:\/\/urbanflavour.pl\/premiera-magazynu-pismo-w-przestrzeni-facebooka\/fotografia-eventowa-premiera-magazynu-przestrzen-facebooka-14\/#main\" class=\"wp-image-19222\" title=\"Urbanflavour.pl\" srcset=\"https:\/\/urbanflavour.pl\/wp-content\/uploads\/2020\/12\/fotografia-eventowa-premiera-magazynu-przestrzen-facebooka-14-500x749.jpg 500w, https:\/\/urbanflavour.pl\/wp-content\/uploads\/2020\/12\/fotografia-eventowa-premiera-magazynu-przestrzen-facebooka-14-830x1243.jpg 830w, https:\/\/urbanflavour.pl\/wp-content\/uploads\/2020\/12\/fotografia-eventowa-premiera-magazynu-przestrzen-facebooka-14-1024x1534.jpg 1024w, https:\/\/urbanflavour.pl\/wp-content\/uploads\/2020\/12\/fotografia-eventowa-premiera-magazynu-przestrzen-facebooka-14.jpg 1400w\" sizes=\"auto, (max-width: 500px) 100vw, 500px\" \/><\/a><\/figure><\/li><\/ul><\/figure>\n\n\n\n<figure class=\"wp-block-gallery alignwide columns-3 wp-block-gallery-8 is-layout-flex wp-block-gallery-is-layout-flex\"><ul class=\"blocks-gallery-grid\"><li class=\"blocks-gallery-item\"><figure><a href=\"https:\/\/urbanflavour.pl\/wp-content\/uploads\/2020\/12\/fotografia-eventowa-premiera-magazynu-przestrzen-facebooka-16-500x334.jpg\"><img loading=\"lazy\" decoding=\"async\" width=\"500\" height=\"334\" src=\"https:\/\/urbanflavour.pl\/wp-content\/uploads\/2020\/12\/fotografia-eventowa-premiera-magazynu-przestrzen-facebooka-16-500x334.jpg\" alt=\"Publiczno\u015b\u0107 na premierze\" data-id=\"19224\" data-full-url=\"https:\/\/urbanflavour.pl\/wp-content\/uploads\/2020\/12\/fotografia-eventowa-premiera-magazynu-przestrzen-facebooka-16.jpg\" data-link=\"https:\/\/urbanflavour.pl\/premiera-magazynu-pismo-w-przestrzeni-facebooka\/fotografia-eventowa-premiera-magazynu-przestrzen-facebooka-16\/#main\" class=\"wp-image-19224\" title=\"Urbanflavour.pl\" srcset=\"https:\/\/urbanflavour.pl\/wp-content\/uploads\/2020\/12\/fotografia-eventowa-premiera-magazynu-przestrzen-facebooka-16-500x334.jpg 500w, https:\/\/urbanflavour.pl\/wp-content\/uploads\/2020\/12\/fotografia-eventowa-premiera-magazynu-przestrzen-facebooka-16-830x554.jpg 830w, https:\/\/urbanflavour.pl\/wp-content\/uploads\/2020\/12\/fotografia-eventowa-premiera-magazynu-przestrzen-facebooka-16-1024x684.jpg 1024w, https:\/\/urbanflavour.pl\/wp-content\/uploads\/2020\/12\/fotografia-eventowa-premiera-magazynu-przestrzen-facebooka-16.jpg 1400w\" sizes=\"auto, (max-width: 500px) 100vw, 500px\" \/><\/a><\/figure><\/li><li class=\"blocks-gallery-item\"><figure><a href=\"https:\/\/urbanflavour.pl\/wp-content\/uploads\/2020\/12\/fotografia-eventowa-premiera-magazynu-przestrzen-facebooka-18-500x334.jpg\"><img loading=\"lazy\" decoding=\"async\" width=\"500\" height=\"334\" src=\"https:\/\/urbanflavour.pl\/wp-content\/uploads\/2020\/12\/fotografia-eventowa-premiera-magazynu-przestrzen-facebooka-18-500x334.jpg\" alt=\"Publiczno\u015b\u0107 zerka\" data-id=\"19226\" data-full-url=\"https:\/\/urbanflavour.pl\/wp-content\/uploads\/2020\/12\/fotografia-eventowa-premiera-magazynu-przestrzen-facebooka-18.jpg\" data-link=\"https:\/\/urbanflavour.pl\/premiera-magazynu-pismo-w-przestrzeni-facebooka\/fotografia-eventowa-premiera-magazynu-przestrzen-facebooka-18\/#main\" class=\"wp-image-19226\" title=\"Urbanflavour.pl\" srcset=\"https:\/\/urbanflavour.pl\/wp-content\/uploads\/2020\/12\/fotografia-eventowa-premiera-magazynu-przestrzen-facebooka-18-500x334.jpg 500w, https:\/\/urbanflavour.pl\/wp-content\/uploads\/2020\/12\/fotografia-eventowa-premiera-magazynu-przestrzen-facebooka-18-830x554.jpg 830w, https:\/\/urbanflavour.pl\/wp-content\/uploads\/2020\/12\/fotografia-eventowa-premiera-magazynu-przestrzen-facebooka-18-1024x684.jpg 1024w, https:\/\/urbanflavour.pl\/wp-content\/uploads\/2020\/12\/fotografia-eventowa-premiera-magazynu-przestrzen-facebooka-18.jpg 1400w\" sizes=\"auto, (max-width: 500px) 100vw, 500px\" \/><\/a><\/figure><\/li><li class=\"blocks-gallery-item\"><figure><a href=\"https:\/\/urbanflavour.pl\/wp-content\/uploads\/2020\/12\/fotografia-eventowa-premiera-magazynu-przestrzen-facebooka-20-500x334.jpg\"><img loading=\"lazy\" decoding=\"async\" width=\"500\" height=\"334\" src=\"https:\/\/urbanflavour.pl\/wp-content\/uploads\/2020\/12\/fotografia-eventowa-premiera-magazynu-przestrzen-facebooka-20-500x334.jpg\" alt=\"Ludzie na publiczno\u015bci\" data-id=\"19228\" data-full-url=\"https:\/\/urbanflavour.pl\/wp-content\/uploads\/2020\/12\/fotografia-eventowa-premiera-magazynu-przestrzen-facebooka-20.jpg\" data-link=\"https:\/\/urbanflavour.pl\/premiera-magazynu-pismo-w-przestrzeni-facebooka\/fotografia-eventowa-premiera-magazynu-przestrzen-facebooka-20\/#main\" class=\"wp-image-19228\" title=\"Urbanflavour.pl\" srcset=\"https:\/\/urbanflavour.pl\/wp-content\/uploads\/2020\/12\/fotografia-eventowa-premiera-magazynu-przestrzen-facebooka-20-500x334.jpg 500w, https:\/\/urbanflavour.pl\/wp-content\/uploads\/2020\/12\/fotografia-eventowa-premiera-magazynu-przestrzen-facebooka-20-830x554.jpg 830w, https:\/\/urbanflavour.pl\/wp-content\/uploads\/2020\/12\/fotografia-eventowa-premiera-magazynu-przestrzen-facebooka-20-1024x684.jpg 1024w, https:\/\/urbanflavour.pl\/wp-content\/uploads\/2020\/12\/fotografia-eventowa-premiera-magazynu-przestrzen-facebooka-20.jpg 1400w\" sizes=\"auto, (max-width: 500px) 100vw, 500px\" \/><\/a><\/figure><\/li><li class=\"blocks-gallery-item\"><figure><a href=\"https:\/\/urbanflavour.pl\/wp-content\/uploads\/2020\/12\/fotografia-eventowa-premiera-magazynu-przestrzen-facebooka-21-500x334.jpg\"><img loading=\"lazy\" decoding=\"async\" width=\"500\" height=\"334\" src=\"https:\/\/urbanflavour.pl\/wp-content\/uploads\/2020\/12\/fotografia-eventowa-premiera-magazynu-przestrzen-facebooka-21-500x334.jpg\" alt=\"Kobieta na publiczno\u015bci\" data-id=\"19229\" data-full-url=\"https:\/\/urbanflavour.pl\/wp-content\/uploads\/2020\/12\/fotografia-eventowa-premiera-magazynu-przestrzen-facebooka-21.jpg\" data-link=\"https:\/\/urbanflavour.pl\/premiera-magazynu-pismo-w-przestrzeni-facebooka\/fotografia-eventowa-premiera-magazynu-przestrzen-facebooka-21\/#main\" class=\"wp-image-19229\" title=\"Urbanflavour.pl\" srcset=\"https:\/\/urbanflavour.pl\/wp-content\/uploads\/2020\/12\/fotografia-eventowa-premiera-magazynu-przestrzen-facebooka-21-500x334.jpg 500w, https:\/\/urbanflavour.pl\/wp-content\/uploads\/2020\/12\/fotografia-eventowa-premiera-magazynu-przestrzen-facebooka-21-830x554.jpg 830w, https:\/\/urbanflavour.pl\/wp-content\/uploads\/2020\/12\/fotografia-eventowa-premiera-magazynu-przestrzen-facebooka-21-1024x684.jpg 1024w, https:\/\/urbanflavour.pl\/wp-content\/uploads\/2020\/12\/fotografia-eventowa-premiera-magazynu-przestrzen-facebooka-21.jpg 1400w\" sizes=\"auto, (max-width: 500px) 100vw, 500px\" \/><\/a><\/figure><\/li><li class=\"blocks-gallery-item\"><figure><a href=\"https:\/\/urbanflavour.pl\/wp-content\/uploads\/2020\/12\/fotografia-eventowa-premiera-magazynu-przestrzen-facebooka-22-500x334.jpg\"><img loading=\"lazy\" decoding=\"async\" width=\"500\" height=\"334\" src=\"https:\/\/urbanflavour.pl\/wp-content\/uploads\/2020\/12\/fotografia-eventowa-premiera-magazynu-przestrzen-facebooka-22-500x334.jpg\" alt=\"M\u0119\u017cczyzna na widowni\" data-id=\"19230\" data-full-url=\"https:\/\/urbanflavour.pl\/wp-content\/uploads\/2020\/12\/fotografia-eventowa-premiera-magazynu-przestrzen-facebooka-22.jpg\" data-link=\"https:\/\/urbanflavour.pl\/premiera-magazynu-pismo-w-przestrzeni-facebooka\/fotografia-eventowa-premiera-magazynu-przestrzen-facebooka-22\/#main\" class=\"wp-image-19230\" title=\"Urbanflavour.pl\" srcset=\"https:\/\/urbanflavour.pl\/wp-content\/uploads\/2020\/12\/fotografia-eventowa-premiera-magazynu-przestrzen-facebooka-22-500x334.jpg 500w, https:\/\/urbanflavour.pl\/wp-content\/uploads\/2020\/12\/fotografia-eventowa-premiera-magazynu-przestrzen-facebooka-22-830x554.jpg 830w, https:\/\/urbanflavour.pl\/wp-content\/uploads\/2020\/12\/fotografia-eventowa-premiera-magazynu-przestrzen-facebooka-22-1024x684.jpg 1024w, https:\/\/urbanflavour.pl\/wp-content\/uploads\/2020\/12\/fotografia-eventowa-premiera-magazynu-przestrzen-facebooka-22.jpg 1400w\" sizes=\"auto, (max-width: 500px) 100vw, 500px\" \/><\/a><\/figure><\/li><li class=\"blocks-gallery-item\"><figure><a href=\"https:\/\/urbanflavour.pl\/wp-content\/uploads\/2020\/12\/fotografia-eventowa-premiera-magazynu-przestrzen-facebooka-23-500x334.jpg\"><img loading=\"lazy\" decoding=\"async\" width=\"500\" height=\"334\" src=\"https:\/\/urbanflavour.pl\/wp-content\/uploads\/2020\/12\/fotografia-eventowa-premiera-magazynu-przestrzen-facebooka-23-500x334.jpg\" alt=\"Kapelusz\" data-id=\"19231\" data-full-url=\"https:\/\/urbanflavour.pl\/wp-content\/uploads\/2020\/12\/fotografia-eventowa-premiera-magazynu-przestrzen-facebooka-23.jpg\" data-link=\"https:\/\/urbanflavour.pl\/premiera-magazynu-pismo-w-przestrzeni-facebooka\/fotografia-eventowa-premiera-magazynu-przestrzen-facebooka-23\/#main\" class=\"wp-image-19231\" title=\"Urbanflavour.pl\" srcset=\"https:\/\/urbanflavour.pl\/wp-content\/uploads\/2020\/12\/fotografia-eventowa-premiera-magazynu-przestrzen-facebooka-23-500x334.jpg 500w, https:\/\/urbanflavour.pl\/wp-content\/uploads\/2020\/12\/fotografia-eventowa-premiera-magazynu-przestrzen-facebooka-23-830x554.jpg 830w, https:\/\/urbanflavour.pl\/wp-content\/uploads\/2020\/12\/fotografia-eventowa-premiera-magazynu-przestrzen-facebooka-23-1024x684.jpg 1024w, https:\/\/urbanflavour.pl\/wp-content\/uploads\/2020\/12\/fotografia-eventowa-premiera-magazynu-przestrzen-facebooka-23.jpg 1400w\" sizes=\"auto, (max-width: 500px) 100vw, 500px\" \/><\/a><\/figure><\/li><\/ul><\/figure>\n\n\n\n<figure class=\"wp-block-gallery alignwide columns-2 wp-block-gallery-9 is-layout-flex wp-block-gallery-is-layout-flex\"><ul class=\"blocks-gallery-grid\"><li class=\"blocks-gallery-item\"><figure><a href=\"https:\/\/urbanflavour.pl\/wp-content\/uploads\/2020\/12\/fotografia-eventowa-premiera-magazynu-przestrzen-facebooka-24-500x749.jpg\"><img loading=\"lazy\" decoding=\"async\" width=\"500\" height=\"749\" src=\"https:\/\/urbanflavour.pl\/wp-content\/uploads\/2020\/12\/fotografia-eventowa-premiera-magazynu-przestrzen-facebooka-24-500x749.jpg\" alt=\"Kobieta na publiczno\u015bci\" data-id=\"19232\" data-full-url=\"https:\/\/urbanflavour.pl\/wp-content\/uploads\/2020\/12\/fotografia-eventowa-premiera-magazynu-przestrzen-facebooka-24.jpg\" data-link=\"https:\/\/urbanflavour.pl\/premiera-magazynu-pismo-w-przestrzeni-facebooka\/fotografia-eventowa-premiera-magazynu-przestrzen-facebooka-24\/#main\" class=\"wp-image-19232\" title=\"Urbanflavour.pl\" srcset=\"https:\/\/urbanflavour.pl\/wp-content\/uploads\/2020\/12\/fotografia-eventowa-premiera-magazynu-przestrzen-facebooka-24-500x749.jpg 500w, https:\/\/urbanflavour.pl\/wp-content\/uploads\/2020\/12\/fotografia-eventowa-premiera-magazynu-przestrzen-facebooka-24-830x1243.jpg 830w, https:\/\/urbanflavour.pl\/wp-content\/uploads\/2020\/12\/fotografia-eventowa-premiera-magazynu-przestrzen-facebooka-24-1024x1534.jpg 1024w, https:\/\/urbanflavour.pl\/wp-content\/uploads\/2020\/12\/fotografia-eventowa-premiera-magazynu-przestrzen-facebooka-24.jpg 1400w\" sizes=\"auto, (max-width: 500px) 100vw, 500px\" \/><\/a><\/figure><\/li><li class=\"blocks-gallery-item\"><figure><a href=\"https:\/\/urbanflavour.pl\/wp-content\/uploads\/2020\/12\/fotografia-eventowa-premiera-magazynu-przestrzen-facebooka-15-500x749.jpg\"><img loading=\"lazy\" decoding=\"async\" width=\"500\" height=\"749\" src=\"https:\/\/urbanflavour.pl\/wp-content\/uploads\/2020\/12\/fotografia-eventowa-premiera-magazynu-przestrzen-facebooka-15-500x749.jpg\" alt=\"Fotografia eventowa premiera magazynu\" data-id=\"19223\" data-full-url=\"https:\/\/urbanflavour.pl\/wp-content\/uploads\/2020\/12\/fotografia-eventowa-premiera-magazynu-przestrzen-facebooka-15.jpg\" data-link=\"https:\/\/urbanflavour.pl\/premiera-magazynu-pismo-w-przestrzeni-facebooka\/fotografia-eventowa-premiera-magazynu-przestrzen-facebooka-15\/#main\" class=\"wp-image-19223\" title=\"Urbanflavour.pl\" srcset=\"https:\/\/urbanflavour.pl\/wp-content\/uploads\/2020\/12\/fotografia-eventowa-premiera-magazynu-przestrzen-facebooka-15-500x749.jpg 500w, https:\/\/urbanflavour.pl\/wp-content\/uploads\/2020\/12\/fotografia-eventowa-premiera-magazynu-przestrzen-facebooka-15-830x1243.jpg 830w, https:\/\/urbanflavour.pl\/wp-content\/uploads\/2020\/12\/fotografia-eventowa-premiera-magazynu-przestrzen-facebooka-15-1024x1534.jpg 1024w, https:\/\/urbanflavour.pl\/wp-content\/uploads\/2020\/12\/fotografia-eventowa-premiera-magazynu-przestrzen-facebooka-15.jpg 1400w\" sizes=\"auto, (max-width: 500px) 100vw, 500px\" \/><\/a><\/figure><\/li><\/ul><\/figure>\n\n\n\n<figure class=\"wp-block-gallery columns-1 wp-block-gallery-10 is-layout-flex wp-block-gallery-is-layout-flex\"><ul class=\"blocks-gallery-grid\"><li class=\"blocks-gallery-item\"><figure><img loading=\"lazy\" decoding=\"async\" width=\"830\" height=\"554\" src=\"https:\/\/urbanflavour.pl\/wp-content\/uploads\/2020\/12\/fotografia-eventowa-premiera-magazynu-przestrzen-facebooka-25-830x554.jpg\" alt=\"The facilitator holds the magazine in her hand\" data-id=\"19233\" data-full-url=\"https:\/\/urbanflavour.pl\/wp-content\/uploads\/2020\/12\/fotografia-eventowa-premiera-magazynu-przestrzen-facebooka-25.jpg\" data-link=\"https:\/\/urbanflavour.pl\/premiera-magazynu-pismo-w-przestrzeni-facebooka\/fotografia-eventowa-premiera-magazynu-przestrzen-facebooka-25\/#main\" class=\"wp-image-19233\" title=\"Urbanflavour.pl\" srcset=\"https:\/\/urbanflavour.pl\/wp-content\/uploads\/2020\/12\/fotografia-eventowa-premiera-magazynu-przestrzen-facebooka-25-830x554.jpg 830w, https:\/\/urbanflavour.pl\/wp-content\/uploads\/2020\/12\/fotografia-eventowa-premiera-magazynu-przestrzen-facebooka-25-1024x684.jpg 1024w, https:\/\/urbanflavour.pl\/wp-content\/uploads\/2020\/12\/fotografia-eventowa-premiera-magazynu-przestrzen-facebooka-25-500x334.jpg 500w, https:\/\/urbanflavour.pl\/wp-content\/uploads\/2020\/12\/fotografia-eventowa-premiera-magazynu-przestrzen-facebooka-25.jpg 1400w\" sizes=\"auto, (max-width: 830px) 100vw, 830px\" \/><\/figure><\/li><\/ul><\/figure>\n\n\n\n<figure class=\"wp-block-gallery alignwide columns-2 wp-block-gallery-11 is-layout-flex wp-block-gallery-is-layout-flex\"><ul class=\"blocks-gallery-grid\"><li class=\"blocks-gallery-item\"><figure><a href=\"https:\/\/urbanflavour.pl\/wp-content\/uploads\/2020\/12\/fotografia-eventowa-premiera-magazynu-przestrzen-facebooka-26-500x749.jpg\"><img loading=\"lazy\" decoding=\"async\" width=\"500\" height=\"749\" src=\"https:\/\/urbanflavour.pl\/wp-content\/uploads\/2020\/12\/fotografia-eventowa-premiera-magazynu-przestrzen-facebooka-26-500x749.jpg\" alt=\"Ludzie czytaj\u0105 magazyn\" data-id=\"19234\" data-full-url=\"https:\/\/urbanflavour.pl\/wp-content\/uploads\/2020\/12\/fotografia-eventowa-premiera-magazynu-przestrzen-facebooka-26.jpg\" data-link=\"https:\/\/urbanflavour.pl\/premiera-magazynu-pismo-w-przestrzeni-facebooka\/fotografia-eventowa-premiera-magazynu-przestrzen-facebooka-26\/#main\" class=\"wp-image-19234\" title=\"Urbanflavour.pl\" srcset=\"https:\/\/urbanflavour.pl\/wp-content\/uploads\/2020\/12\/fotografia-eventowa-premiera-magazynu-przestrzen-facebooka-26-500x749.jpg 500w, https:\/\/urbanflavour.pl\/wp-content\/uploads\/2020\/12\/fotografia-eventowa-premiera-magazynu-przestrzen-facebooka-26-830x1243.jpg 830w, https:\/\/urbanflavour.pl\/wp-content\/uploads\/2020\/12\/fotografia-eventowa-premiera-magazynu-przestrzen-facebooka-26-1024x1534.jpg 1024w, https:\/\/urbanflavour.pl\/wp-content\/uploads\/2020\/12\/fotografia-eventowa-premiera-magazynu-przestrzen-facebooka-26.jpg 1400w\" sizes=\"auto, (max-width: 500px) 100vw, 500px\" \/><\/a><\/figure><\/li><li class=\"blocks-gallery-item\"><figure><a href=\"https:\/\/urbanflavour.pl\/wp-content\/uploads\/2020\/12\/fotografia-eventowa-premiera-magazynu-przestrzen-facebooka-28-500x749.jpg\"><img loading=\"lazy\" decoding=\"async\" width=\"500\" height=\"749\" src=\"https:\/\/urbanflavour.pl\/wp-content\/uploads\/2020\/12\/fotografia-eventowa-premiera-magazynu-przestrzen-facebooka-28-500x749.jpg\" alt=\"Fotograf eventowa warszawa reporta\u017c\" data-id=\"19236\" data-full-url=\"https:\/\/urbanflavour.pl\/wp-content\/uploads\/2020\/12\/fotografia-eventowa-premiera-magazynu-przestrzen-facebooka-28.jpg\" data-link=\"https:\/\/urbanflavour.pl\/premiera-magazynu-pismo-w-przestrzeni-facebooka\/fotografia-eventowa-premiera-magazynu-przestrzen-facebooka-28\/#main\" class=\"wp-image-19236\" title=\"Urbanflavour.pl\" srcset=\"https:\/\/urbanflavour.pl\/wp-content\/uploads\/2020\/12\/fotografia-eventowa-premiera-magazynu-przestrzen-facebooka-28-500x749.jpg 500w, https:\/\/urbanflavour.pl\/wp-content\/uploads\/2020\/12\/fotografia-eventowa-premiera-magazynu-przestrzen-facebooka-28-830x1243.jpg 830w, https:\/\/urbanflavour.pl\/wp-content\/uploads\/2020\/12\/fotografia-eventowa-premiera-magazynu-przestrzen-facebooka-28-1024x1534.jpg 1024w, https:\/\/urbanflavour.pl\/wp-content\/uploads\/2020\/12\/fotografia-eventowa-premiera-magazynu-przestrzen-facebooka-28.jpg 1400w\" sizes=\"auto, (max-width: 500px) 100vw, 500px\" \/><\/a><\/figure><\/li><\/ul><\/figure>\n\n\n\n<figure class=\"wp-block-gallery aligncenter columns-1 wp-block-gallery-12 is-layout-flex wp-block-gallery-is-layout-flex\"><ul class=\"blocks-gallery-grid\"><li class=\"blocks-gallery-item\"><figure><img loading=\"lazy\" decoding=\"async\" width=\"830\" height=\"554\" src=\"https:\/\/urbanflavour.pl\/wp-content\/uploads\/2020\/12\/fotografia-eventowa-premiera-magazynu-przestrzen-facebooka-27-830x554.jpg\" alt=\"Audience\" data-id=\"19235\" data-full-url=\"https:\/\/urbanflavour.pl\/wp-content\/uploads\/2020\/12\/fotografia-eventowa-premiera-magazynu-przestrzen-facebooka-27.jpg\" data-link=\"https:\/\/urbanflavour.pl\/premiera-magazynu-pismo-w-przestrzeni-facebooka\/fotografia-eventowa-premiera-magazynu-przestrzen-facebooka-27\/#main\" class=\"wp-image-19235\" title=\"Urbanflavour.pl\" srcset=\"https:\/\/urbanflavour.pl\/wp-content\/uploads\/2020\/12\/fotografia-eventowa-premiera-magazynu-przestrzen-facebooka-27-830x554.jpg 830w, https:\/\/urbanflavour.pl\/wp-content\/uploads\/2020\/12\/fotografia-eventowa-premiera-magazynu-przestrzen-facebooka-27-1024x684.jpg 1024w, https:\/\/urbanflavour.pl\/wp-content\/uploads\/2020\/12\/fotografia-eventowa-premiera-magazynu-przestrzen-facebooka-27-500x334.jpg 500w, https:\/\/urbanflavour.pl\/wp-content\/uploads\/2020\/12\/fotografia-eventowa-premiera-magazynu-przestrzen-facebooka-27.jpg 1400w\" sizes=\"auto, (max-width: 830px) 100vw, 830px\" \/><\/figure><\/li><\/ul><\/figure>\n\n\n\n<figure class=\"wp-block-gallery alignwide columns-3 wp-block-gallery-13 is-layout-flex wp-block-gallery-is-layout-flex\"><ul class=\"blocks-gallery-grid\"><li class=\"blocks-gallery-item\"><figure><a href=\"https:\/\/urbanflavour.pl\/wp-content\/uploads\/2020\/12\/fotografia-eventowa-premiera-magazynu-przestrzen-facebooka-32-500x334.jpg\"><img loading=\"lazy\" decoding=\"async\" width=\"500\" height=\"334\" src=\"https:\/\/urbanflavour.pl\/wp-content\/uploads\/2020\/12\/fotografia-eventowa-premiera-magazynu-przestrzen-facebooka-32-500x334.jpg\" alt=\"Kobieta na publiczno\u015bci\" data-id=\"19240\" data-full-url=\"https:\/\/urbanflavour.pl\/wp-content\/uploads\/2020\/12\/fotografia-eventowa-premiera-magazynu-przestrzen-facebooka-32.jpg\" data-link=\"https:\/\/urbanflavour.pl\/premiera-magazynu-pismo-w-przestrzeni-facebooka\/fotografia-eventowa-premiera-magazynu-przestrzen-facebooka-32\/#main\" class=\"wp-image-19240\" title=\"Urbanflavour.pl\" srcset=\"https:\/\/urbanflavour.pl\/wp-content\/uploads\/2020\/12\/fotografia-eventowa-premiera-magazynu-przestrzen-facebooka-32-500x334.jpg 500w, https:\/\/urbanflavour.pl\/wp-content\/uploads\/2020\/12\/fotografia-eventowa-premiera-magazynu-przestrzen-facebooka-32-830x554.jpg 830w, https:\/\/urbanflavour.pl\/wp-content\/uploads\/2020\/12\/fotografia-eventowa-premiera-magazynu-przestrzen-facebooka-32-1024x684.jpg 1024w, https:\/\/urbanflavour.pl\/wp-content\/uploads\/2020\/12\/fotografia-eventowa-premiera-magazynu-przestrzen-facebooka-32.jpg 1400w\" sizes=\"auto, (max-width: 500px) 100vw, 500px\" \/><\/a><\/figure><\/li><li class=\"blocks-gallery-item\"><figure><a href=\"https:\/\/urbanflavour.pl\/wp-content\/uploads\/2020\/12\/fotografia-eventowa-premiera-magazynu-przestrzen-facebooka-34-500x334.jpg\"><img loading=\"lazy\" decoding=\"async\" width=\"500\" height=\"334\" src=\"https:\/\/urbanflavour.pl\/wp-content\/uploads\/2020\/12\/fotografia-eventowa-premiera-magazynu-przestrzen-facebooka-34-500x334.jpg\" alt=\"M\u0119\u017cczyzna na kanapie z mikrofonem\" data-id=\"19242\" data-full-url=\"https:\/\/urbanflavour.pl\/wp-content\/uploads\/2020\/12\/fotografia-eventowa-premiera-magazynu-przestrzen-facebooka-34.jpg\" data-link=\"https:\/\/urbanflavour.pl\/premiera-magazynu-pismo-w-przestrzeni-facebooka\/fotografia-eventowa-premiera-magazynu-przestrzen-facebooka-34\/#main\" class=\"wp-image-19242\" title=\"Urbanflavour.pl\" srcset=\"https:\/\/urbanflavour.pl\/wp-content\/uploads\/2020\/12\/fotografia-eventowa-premiera-magazynu-przestrzen-facebooka-34-500x334.jpg 500w, https:\/\/urbanflavour.pl\/wp-content\/uploads\/2020\/12\/fotografia-eventowa-premiera-magazynu-przestrzen-facebooka-34-830x554.jpg 830w, https:\/\/urbanflavour.pl\/wp-content\/uploads\/2020\/12\/fotografia-eventowa-premiera-magazynu-przestrzen-facebooka-34-1024x684.jpg 1024w, https:\/\/urbanflavour.pl\/wp-content\/uploads\/2020\/12\/fotografia-eventowa-premiera-magazynu-przestrzen-facebooka-34.jpg 1400w\" sizes=\"auto, (max-width: 500px) 100vw, 500px\" \/><\/a><\/figure><\/li><li class=\"blocks-gallery-item\"><figure><a href=\"https:\/\/urbanflavour.pl\/wp-content\/uploads\/2020\/12\/fotografia-eventowa-premiera-magazynu-przestrzen-facebooka-35-500x334.jpg\"><img loading=\"lazy\" decoding=\"async\" width=\"500\" height=\"334\" src=\"https:\/\/urbanflavour.pl\/wp-content\/uploads\/2020\/12\/fotografia-eventowa-premiera-magazynu-przestrzen-facebooka-35-500x334.jpg\" alt=\"Prowadz\u0105ca z mikrofonem w r\u0119ku\" data-id=\"19243\" data-full-url=\"https:\/\/urbanflavour.pl\/wp-content\/uploads\/2020\/12\/fotografia-eventowa-premiera-magazynu-przestrzen-facebooka-35.jpg\" data-link=\"https:\/\/urbanflavour.pl\/premiera-magazynu-pismo-w-przestrzeni-facebooka\/fotografia-eventowa-premiera-magazynu-przestrzen-facebooka-35\/#main\" class=\"wp-image-19243\" title=\"Urbanflavour.pl\" srcset=\"https:\/\/urbanflavour.pl\/wp-content\/uploads\/2020\/12\/fotografia-eventowa-premiera-magazynu-przestrzen-facebooka-35-500x334.jpg 500w, https:\/\/urbanflavour.pl\/wp-content\/uploads\/2020\/12\/fotografia-eventowa-premiera-magazynu-przestrzen-facebooka-35-830x554.jpg 830w, https:\/\/urbanflavour.pl\/wp-content\/uploads\/2020\/12\/fotografia-eventowa-premiera-magazynu-przestrzen-facebooka-35-1024x684.jpg 1024w, https:\/\/urbanflavour.pl\/wp-content\/uploads\/2020\/12\/fotografia-eventowa-premiera-magazynu-przestrzen-facebooka-35.jpg 1400w\" sizes=\"auto, (max-width: 500px) 100vw, 500px\" \/><\/a><\/figure><\/li><li class=\"blocks-gallery-item\"><figure><a href=\"https:\/\/urbanflavour.pl\/wp-content\/uploads\/2020\/12\/fotografia-eventowa-premiera-magazynu-przestrzen-facebooka-36-500x334.jpg\"><img loading=\"lazy\" decoding=\"async\" width=\"500\" height=\"334\" src=\"https:\/\/urbanflavour.pl\/wp-content\/uploads\/2020\/12\/fotografia-eventowa-premiera-magazynu-przestrzen-facebooka-36-500x334.jpg\" alt=\"U\u015bmiechni\u0119ci ludzie na publiczno\u015bci\" data-id=\"19244\" data-full-url=\"https:\/\/urbanflavour.pl\/wp-content\/uploads\/2020\/12\/fotografia-eventowa-premiera-magazynu-przestrzen-facebooka-36.jpg\" data-link=\"https:\/\/urbanflavour.pl\/premiera-magazynu-pismo-w-przestrzeni-facebooka\/fotografia-eventowa-premiera-magazynu-przestrzen-facebooka-36\/#main\" class=\"wp-image-19244\" title=\"Urbanflavour.pl\" srcset=\"https:\/\/urbanflavour.pl\/wp-content\/uploads\/2020\/12\/fotografia-eventowa-premiera-magazynu-przestrzen-facebooka-36-500x334.jpg 500w, https:\/\/urbanflavour.pl\/wp-content\/uploads\/2020\/12\/fotografia-eventowa-premiera-magazynu-przestrzen-facebooka-36-830x554.jpg 830w, https:\/\/urbanflavour.pl\/wp-content\/uploads\/2020\/12\/fotografia-eventowa-premiera-magazynu-przestrzen-facebooka-36-1024x684.jpg 1024w, https:\/\/urbanflavour.pl\/wp-content\/uploads\/2020\/12\/fotografia-eventowa-premiera-magazynu-przestrzen-facebooka-36.jpg 1400w\" sizes=\"auto, (max-width: 500px) 100vw, 500px\" \/><\/a><\/figure><\/li><li class=\"blocks-gallery-item\"><figure><a href=\"https:\/\/urbanflavour.pl\/wp-content\/uploads\/2020\/12\/fotografia-eventowa-premiera-magazynu-przestrzen-facebooka-37-500x334.jpg\"><img loading=\"lazy\" decoding=\"async\" width=\"500\" height=\"334\" src=\"https:\/\/urbanflavour.pl\/wp-content\/uploads\/2020\/12\/fotografia-eventowa-premiera-magazynu-przestrzen-facebooka-37-500x334.jpg\" alt=\"D\u0142onie ludzi na publiczno\u015bci\" data-id=\"19245\" data-full-url=\"https:\/\/urbanflavour.pl\/wp-content\/uploads\/2020\/12\/fotografia-eventowa-premiera-magazynu-przestrzen-facebooka-37.jpg\" data-link=\"https:\/\/urbanflavour.pl\/premiera-magazynu-pismo-w-przestrzeni-facebooka\/fotografia-eventowa-premiera-magazynu-przestrzen-facebooka-37\/#main\" class=\"wp-image-19245\" title=\"Urbanflavour.pl\" srcset=\"https:\/\/urbanflavour.pl\/wp-content\/uploads\/2020\/12\/fotografia-eventowa-premiera-magazynu-przestrzen-facebooka-37-500x334.jpg 500w, https:\/\/urbanflavour.pl\/wp-content\/uploads\/2020\/12\/fotografia-eventowa-premiera-magazynu-przestrzen-facebooka-37-830x554.jpg 830w, https:\/\/urbanflavour.pl\/wp-content\/uploads\/2020\/12\/fotografia-eventowa-premiera-magazynu-przestrzen-facebooka-37-1024x684.jpg 1024w, https:\/\/urbanflavour.pl\/wp-content\/uploads\/2020\/12\/fotografia-eventowa-premiera-magazynu-przestrzen-facebooka-37.jpg 1400w\" sizes=\"auto, (max-width: 500px) 100vw, 500px\" \/><\/a><\/figure><\/li><li class=\"blocks-gallery-item\"><figure><a href=\"https:\/\/urbanflavour.pl\/wp-content\/uploads\/2020\/12\/fotografia-eventowa-premiera-magazynu-przestrzen-facebooka-39-500x334.jpg\"><img loading=\"lazy\" decoding=\"async\" width=\"500\" height=\"334\" src=\"https:\/\/urbanflavour.pl\/wp-content\/uploads\/2020\/12\/fotografia-eventowa-premiera-magazynu-przestrzen-facebooka-39-500x334.jpg\" alt=\"Publiczno\u015b\u0107\" data-id=\"19247\" data-full-url=\"https:\/\/urbanflavour.pl\/wp-content\/uploads\/2020\/12\/fotografia-eventowa-premiera-magazynu-przestrzen-facebooka-39.jpg\" data-link=\"https:\/\/urbanflavour.pl\/premiera-magazynu-pismo-w-przestrzeni-facebooka\/fotografia-eventowa-premiera-magazynu-przestrzen-facebooka-39\/#main\" class=\"wp-image-19247\" title=\"Urbanflavour.pl\" srcset=\"https:\/\/urbanflavour.pl\/wp-content\/uploads\/2020\/12\/fotografia-eventowa-premiera-magazynu-przestrzen-facebooka-39-500x334.jpg 500w, https:\/\/urbanflavour.pl\/wp-content\/uploads\/2020\/12\/fotografia-eventowa-premiera-magazynu-przestrzen-facebooka-39-830x554.jpg 830w, https:\/\/urbanflavour.pl\/wp-content\/uploads\/2020\/12\/fotografia-eventowa-premiera-magazynu-przestrzen-facebooka-39-1024x684.jpg 1024w, https:\/\/urbanflavour.pl\/wp-content\/uploads\/2020\/12\/fotografia-eventowa-premiera-magazynu-przestrzen-facebooka-39.jpg 1400w\" sizes=\"auto, (max-width: 500px) 100vw, 500px\" \/><\/a><\/figure><\/li><\/ul><\/figure>\n\n\n\n<figure class=\"wp-block-gallery aligncenter columns-1 wp-block-gallery-14 is-layout-flex wp-block-gallery-is-layout-flex\"><ul class=\"blocks-gallery-grid\"><li class=\"blocks-gallery-item\"><figure><img loading=\"lazy\" decoding=\"async\" width=\"830\" height=\"554\" src=\"https:\/\/urbanflavour.pl\/wp-content\/uploads\/2020\/12\/fotografia-eventowa-premiera-magazynu-przestrzen-facebooka-38-830x554.jpg\" alt=\"Event photographer warsaw reportage\" data-id=\"19246\" data-full-url=\"https:\/\/urbanflavour.pl\/wp-content\/uploads\/2020\/12\/fotografia-eventowa-premiera-magazynu-przestrzen-facebooka-38.jpg\" data-link=\"https:\/\/urbanflavour.pl\/premiera-magazynu-pismo-w-przestrzeni-facebooka\/fotografia-eventowa-premiera-magazynu-przestrzen-facebooka-38\/#main\" class=\"wp-image-19246\" title=\"Urbanflavour.pl\" srcset=\"https:\/\/urbanflavour.pl\/wp-content\/uploads\/2020\/12\/fotografia-eventowa-premiera-magazynu-przestrzen-facebooka-38-830x554.jpg 830w, https:\/\/urbanflavour.pl\/wp-content\/uploads\/2020\/12\/fotografia-eventowa-premiera-magazynu-przestrzen-facebooka-38-1024x684.jpg 1024w, https:\/\/urbanflavour.pl\/wp-content\/uploads\/2020\/12\/fotografia-eventowa-premiera-magazynu-przestrzen-facebooka-38-500x334.jpg 500w, https:\/\/urbanflavour.pl\/wp-content\/uploads\/2020\/12\/fotografia-eventowa-premiera-magazynu-przestrzen-facebooka-38.jpg 1400w\" sizes=\"auto, (max-width: 830px) 100vw, 830px\" \/><\/figure><\/li><\/ul><\/figure>\n\n\n\n<figure class=\"wp-block-gallery alignwide columns-2 wp-block-gallery-15 is-layout-flex wp-block-gallery-is-layout-flex\"><ul class=\"blocks-gallery-grid\"><li class=\"blocks-gallery-item\"><figure><a href=\"https:\/\/urbanflavour.pl\/wp-content\/uploads\/2020\/12\/fotografia-eventowa-premiera-magazynu-przestrzen-facebooka-40-500x749.jpg\"><img loading=\"lazy\" decoding=\"async\" width=\"500\" height=\"749\" src=\"https:\/\/urbanflavour.pl\/wp-content\/uploads\/2020\/12\/fotografia-eventowa-premiera-magazynu-przestrzen-facebooka-40-500x749.jpg\" alt=\"Fotograf eventowa warszawa reporta\u017c\" data-id=\"19248\" data-full-url=\"https:\/\/urbanflavour.pl\/wp-content\/uploads\/2020\/12\/fotografia-eventowa-premiera-magazynu-przestrzen-facebooka-40.jpg\" data-link=\"https:\/\/urbanflavour.pl\/premiera-magazynu-pismo-w-przestrzeni-facebooka\/fotografia-eventowa-premiera-magazynu-przestrzen-facebooka-40\/#main\" class=\"wp-image-19248\" title=\"Urbanflavour.pl\" srcset=\"https:\/\/urbanflavour.pl\/wp-content\/uploads\/2020\/12\/fotografia-eventowa-premiera-magazynu-przestrzen-facebooka-40-500x749.jpg 500w, https:\/\/urbanflavour.pl\/wp-content\/uploads\/2020\/12\/fotografia-eventowa-premiera-magazynu-przestrzen-facebooka-40-830x1243.jpg 830w, https:\/\/urbanflavour.pl\/wp-content\/uploads\/2020\/12\/fotografia-eventowa-premiera-magazynu-przestrzen-facebooka-40-1024x1534.jpg 1024w, https:\/\/urbanflavour.pl\/wp-content\/uploads\/2020\/12\/fotografia-eventowa-premiera-magazynu-przestrzen-facebooka-40.jpg 1400w\" sizes=\"auto, (max-width: 500px) 100vw, 500px\" \/><\/a><\/figure><\/li><li class=\"blocks-gallery-item\"><figure><a href=\"https:\/\/urbanflavour.pl\/wp-content\/uploads\/2020\/12\/fotografia-eventowa-premiera-magazynu-przestrzen-facebooka-31-500x749.jpg\"><img loading=\"lazy\" decoding=\"async\" width=\"500\" height=\"749\" src=\"https:\/\/urbanflavour.pl\/wp-content\/uploads\/2020\/12\/fotografia-eventowa-premiera-magazynu-przestrzen-facebooka-31-500x749.jpg\" alt=\"Roze\u015bmiana kobieta na kanapie z mikrofonem w r\u0119ku\" data-id=\"19239\" data-full-url=\"https:\/\/urbanflavour.pl\/wp-content\/uploads\/2020\/12\/fotografia-eventowa-premiera-magazynu-przestrzen-facebooka-31.jpg\" data-link=\"https:\/\/urbanflavour.pl\/premiera-magazynu-pismo-w-przestrzeni-facebooka\/fotografia-eventowa-premiera-magazynu-przestrzen-facebooka-31\/#main\" class=\"wp-image-19239\" title=\"Urbanflavour.pl\" srcset=\"https:\/\/urbanflavour.pl\/wp-content\/uploads\/2020\/12\/fotografia-eventowa-premiera-magazynu-przestrzen-facebooka-31-500x749.jpg 500w, https:\/\/urbanflavour.pl\/wp-content\/uploads\/2020\/12\/fotografia-eventowa-premiera-magazynu-przestrzen-facebooka-31-830x1243.jpg 830w, https:\/\/urbanflavour.pl\/wp-content\/uploads\/2020\/12\/fotografia-eventowa-premiera-magazynu-przestrzen-facebooka-31-1024x1534.jpg 1024w, https:\/\/urbanflavour.pl\/wp-content\/uploads\/2020\/12\/fotografia-eventowa-premiera-magazynu-przestrzen-facebooka-31.jpg 1400w\" sizes=\"auto, (max-width: 500px) 100vw, 500px\" \/><\/a><\/figure><\/li><\/ul><\/figure>\n\n\n\n<figure class=\"wp-block-gallery columns-1 wp-block-gallery-16 is-layout-flex wp-block-gallery-is-layout-flex\"><ul class=\"blocks-gallery-grid\"><li class=\"blocks-gallery-item\"><figure><img loading=\"lazy\" decoding=\"async\" width=\"830\" height=\"554\" src=\"https:\/\/urbanflavour.pl\/wp-content\/uploads\/2020\/12\/fotografia-eventowa-premiera-magazynu-przestrzen-facebooka-41-830x554.jpg\" alt=\"Joy in the audience\" data-id=\"19249\" data-full-url=\"https:\/\/urbanflavour.pl\/wp-content\/uploads\/2020\/12\/fotografia-eventowa-premiera-magazynu-przestrzen-facebooka-41.jpg\" data-link=\"https:\/\/urbanflavour.pl\/premiera-magazynu-pismo-w-przestrzeni-facebooka\/fotografia-eventowa-premiera-magazynu-przestrzen-facebooka-41\/#main\" class=\"wp-image-19249\" title=\"Urbanflavour.pl\" srcset=\"https:\/\/urbanflavour.pl\/wp-content\/uploads\/2020\/12\/fotografia-eventowa-premiera-magazynu-przestrzen-facebooka-41-830x554.jpg 830w, https:\/\/urbanflavour.pl\/wp-content\/uploads\/2020\/12\/fotografia-eventowa-premiera-magazynu-przestrzen-facebooka-41-1024x684.jpg 1024w, https:\/\/urbanflavour.pl\/wp-content\/uploads\/2020\/12\/fotografia-eventowa-premiera-magazynu-przestrzen-facebooka-41-500x334.jpg 500w, https:\/\/urbanflavour.pl\/wp-content\/uploads\/2020\/12\/fotografia-eventowa-premiera-magazynu-przestrzen-facebooka-41.jpg 1400w\" sizes=\"auto, (max-width: 830px) 100vw, 830px\" \/><\/figure><\/li><\/ul><\/figure>\n\n\n\n<figure class=\"wp-block-gallery alignwide columns-3 wp-block-gallery-17 is-layout-flex wp-block-gallery-is-layout-flex\"><ul class=\"blocks-gallery-grid\"><li class=\"blocks-gallery-item\"><figure><a href=\"https:\/\/urbanflavour.pl\/wp-content\/uploads\/2020\/12\/fotografia-eventowa-premiera-magazynu-przestrzen-facebooka-42-500x334.jpg\"><img loading=\"lazy\" decoding=\"async\" width=\"500\" height=\"334\" src=\"https:\/\/urbanflavour.pl\/wp-content\/uploads\/2020\/12\/fotografia-eventowa-premiera-magazynu-przestrzen-facebooka-42-500x334.jpg\" alt=\"Publiczno\u015b\u0107\" data-id=\"19250\" data-full-url=\"https:\/\/urbanflavour.pl\/wp-content\/uploads\/2020\/12\/fotografia-eventowa-premiera-magazynu-przestrzen-facebooka-42.jpg\" data-link=\"https:\/\/urbanflavour.pl\/premiera-magazynu-pismo-w-przestrzeni-facebooka\/fotografia-eventowa-premiera-magazynu-przestrzen-facebooka-42\/#main\" class=\"wp-image-19250\" title=\"Urbanflavour.pl\" srcset=\"https:\/\/urbanflavour.pl\/wp-content\/uploads\/2020\/12\/fotografia-eventowa-premiera-magazynu-przestrzen-facebooka-42-500x334.jpg 500w, https:\/\/urbanflavour.pl\/wp-content\/uploads\/2020\/12\/fotografia-eventowa-premiera-magazynu-przestrzen-facebooka-42-830x554.jpg 830w, https:\/\/urbanflavour.pl\/wp-content\/uploads\/2020\/12\/fotografia-eventowa-premiera-magazynu-przestrzen-facebooka-42-1024x684.jpg 1024w, https:\/\/urbanflavour.pl\/wp-content\/uploads\/2020\/12\/fotografia-eventowa-premiera-magazynu-przestrzen-facebooka-42.jpg 1400w\" sizes=\"auto, (max-width: 500px) 100vw, 500px\" \/><\/a><\/figure><\/li><li class=\"blocks-gallery-item\"><figure><a href=\"https:\/\/urbanflavour.pl\/wp-content\/uploads\/2020\/12\/fotografia-eventowa-premiera-magazynu-przestrzen-facebooka-43-500x334.jpg\"><img loading=\"lazy\" decoding=\"async\" width=\"500\" height=\"334\" src=\"https:\/\/urbanflavour.pl\/wp-content\/uploads\/2020\/12\/fotografia-eventowa-premiera-magazynu-przestrzen-facebooka-43-500x334.jpg\" alt=\"Prowadz\u0105ca z mikrofonem na kanapie\" data-id=\"19251\" data-full-url=\"https:\/\/urbanflavour.pl\/wp-content\/uploads\/2020\/12\/fotografia-eventowa-premiera-magazynu-przestrzen-facebooka-43.jpg\" data-link=\"https:\/\/urbanflavour.pl\/premiera-magazynu-pismo-w-przestrzeni-facebooka\/fotografia-eventowa-premiera-magazynu-przestrzen-facebooka-43\/#main\" class=\"wp-image-19251\" title=\"Urbanflavour.pl\" srcset=\"https:\/\/urbanflavour.pl\/wp-content\/uploads\/2020\/12\/fotografia-eventowa-premiera-magazynu-przestrzen-facebooka-43-500x334.jpg 500w, https:\/\/urbanflavour.pl\/wp-content\/uploads\/2020\/12\/fotografia-eventowa-premiera-magazynu-przestrzen-facebooka-43-830x554.jpg 830w, https:\/\/urbanflavour.pl\/wp-content\/uploads\/2020\/12\/fotografia-eventowa-premiera-magazynu-przestrzen-facebooka-43-1024x684.jpg 1024w, https:\/\/urbanflavour.pl\/wp-content\/uploads\/2020\/12\/fotografia-eventowa-premiera-magazynu-przestrzen-facebooka-43.jpg 1400w\" sizes=\"auto, (max-width: 500px) 100vw, 500px\" \/><\/a><\/figure><\/li><li class=\"blocks-gallery-item\"><figure><a href=\"https:\/\/urbanflavour.pl\/wp-content\/uploads\/2020\/12\/fotografia-eventowa-premiera-magazynu-przestrzen-facebooka-44-500x334.jpg\"><img loading=\"lazy\" decoding=\"async\" width=\"500\" height=\"334\" src=\"https:\/\/urbanflavour.pl\/wp-content\/uploads\/2020\/12\/fotografia-eventowa-premiera-magazynu-przestrzen-facebooka-44-500x334.jpg\" alt=\"M\u0119\u017cczyzna z publiczno\u015bci zadaje pytanie\" data-id=\"19252\" data-full-url=\"https:\/\/urbanflavour.pl\/wp-content\/uploads\/2020\/12\/fotografia-eventowa-premiera-magazynu-przestrzen-facebooka-44.jpg\" data-link=\"https:\/\/urbanflavour.pl\/premiera-magazynu-pismo-w-przestrzeni-facebooka\/fotografia-eventowa-premiera-magazynu-przestrzen-facebooka-44\/#main\" class=\"wp-image-19252\" title=\"Urbanflavour.pl\" srcset=\"https:\/\/urbanflavour.pl\/wp-content\/uploads\/2020\/12\/fotografia-eventowa-premiera-magazynu-przestrzen-facebooka-44-500x334.jpg 500w, https:\/\/urbanflavour.pl\/wp-content\/uploads\/2020\/12\/fotografia-eventowa-premiera-magazynu-przestrzen-facebooka-44-830x554.jpg 830w, https:\/\/urbanflavour.pl\/wp-content\/uploads\/2020\/12\/fotografia-eventowa-premiera-magazynu-przestrzen-facebooka-44-1024x684.jpg 1024w, https:\/\/urbanflavour.pl\/wp-content\/uploads\/2020\/12\/fotografia-eventowa-premiera-magazynu-przestrzen-facebooka-44.jpg 1400w\" sizes=\"auto, (max-width: 500px) 100vw, 500px\" \/><\/a><\/figure><\/li><li class=\"blocks-gallery-item\"><figure><a href=\"https:\/\/urbanflavour.pl\/wp-content\/uploads\/2020\/12\/fotografia-eventowa-premiera-magazynu-przestrzen-facebooka-45-500x334.jpg\"><img loading=\"lazy\" decoding=\"async\" width=\"500\" height=\"334\" src=\"https:\/\/urbanflavour.pl\/wp-content\/uploads\/2020\/12\/fotografia-eventowa-premiera-magazynu-przestrzen-facebooka-45-500x334.jpg\" alt=\"Trzy osoby na publiczno\u015bci\" data-id=\"19253\" data-full-url=\"https:\/\/urbanflavour.pl\/wp-content\/uploads\/2020\/12\/fotografia-eventowa-premiera-magazynu-przestrzen-facebooka-45.jpg\" data-link=\"https:\/\/urbanflavour.pl\/premiera-magazynu-pismo-w-przestrzeni-facebooka\/fotografia-eventowa-premiera-magazynu-przestrzen-facebooka-45\/#main\" class=\"wp-image-19253\" title=\"Urbanflavour.pl\" srcset=\"https:\/\/urbanflavour.pl\/wp-content\/uploads\/2020\/12\/fotografia-eventowa-premiera-magazynu-przestrzen-facebooka-45-500x334.jpg 500w, https:\/\/urbanflavour.pl\/wp-content\/uploads\/2020\/12\/fotografia-eventowa-premiera-magazynu-przestrzen-facebooka-45-830x554.jpg 830w, https:\/\/urbanflavour.pl\/wp-content\/uploads\/2020\/12\/fotografia-eventowa-premiera-magazynu-przestrzen-facebooka-45-1024x684.jpg 1024w, https:\/\/urbanflavour.pl\/wp-content\/uploads\/2020\/12\/fotografia-eventowa-premiera-magazynu-przestrzen-facebooka-45.jpg 1400w\" sizes=\"auto, (max-width: 500px) 100vw, 500px\" \/><\/a><\/figure><\/li><li class=\"blocks-gallery-item\"><figure><a href=\"https:\/\/urbanflavour.pl\/wp-content\/uploads\/2020\/12\/fotografia-eventowa-premiera-magazynu-przestrzen-facebooka-48-500x334.jpg\"><img loading=\"lazy\" decoding=\"async\" width=\"500\" height=\"334\" src=\"https:\/\/urbanflavour.pl\/wp-content\/uploads\/2020\/12\/fotografia-eventowa-premiera-magazynu-przestrzen-facebooka-48-500x334.jpg\" alt=\"Pytanie z publiczno\u015bci\" data-id=\"19256\" data-full-url=\"https:\/\/urbanflavour.pl\/wp-content\/uploads\/2020\/12\/fotografia-eventowa-premiera-magazynu-przestrzen-facebooka-48.jpg\" data-link=\"https:\/\/urbanflavour.pl\/premiera-magazynu-pismo-w-przestrzeni-facebooka\/fotografia-eventowa-premiera-magazynu-przestrzen-facebooka-48\/#main\" class=\"wp-image-19256\" title=\"Urbanflavour.pl\" srcset=\"https:\/\/urbanflavour.pl\/wp-content\/uploads\/2020\/12\/fotografia-eventowa-premiera-magazynu-przestrzen-facebooka-48-500x334.jpg 500w, https:\/\/urbanflavour.pl\/wp-content\/uploads\/2020\/12\/fotografia-eventowa-premiera-magazynu-przestrzen-facebooka-48-830x554.jpg 830w, https:\/\/urbanflavour.pl\/wp-content\/uploads\/2020\/12\/fotografia-eventowa-premiera-magazynu-przestrzen-facebooka-48-1024x684.jpg 1024w, https:\/\/urbanflavour.pl\/wp-content\/uploads\/2020\/12\/fotografia-eventowa-premiera-magazynu-przestrzen-facebooka-48.jpg 1400w\" sizes=\"auto, (max-width: 500px) 100vw, 500px\" \/><\/a><\/figure><\/li><li class=\"blocks-gallery-item\"><figure><a href=\"https:\/\/urbanflavour.pl\/wp-content\/uploads\/2020\/12\/fotografia-eventowa-premiera-magazynu-przestrzen-facebooka-50-500x334.jpg\"><img loading=\"lazy\" decoding=\"async\" width=\"500\" height=\"334\" src=\"https:\/\/urbanflavour.pl\/wp-content\/uploads\/2020\/12\/fotografia-eventowa-premiera-magazynu-przestrzen-facebooka-50-500x334.jpg\" alt=\"M\u0119\u017cczyzna na publiczno\u015bci\" data-id=\"19258\" data-full-url=\"https:\/\/urbanflavour.pl\/wp-content\/uploads\/2020\/12\/fotografia-eventowa-premiera-magazynu-przestrzen-facebooka-50.jpg\" data-link=\"https:\/\/urbanflavour.pl\/premiera-magazynu-pismo-w-przestrzeni-facebooka\/fotografia-eventowa-premiera-magazynu-przestrzen-facebooka-50\/#main\" class=\"wp-image-19258\" title=\"Urbanflavour.pl\" srcset=\"https:\/\/urbanflavour.pl\/wp-content\/uploads\/2020\/12\/fotografia-eventowa-premiera-magazynu-przestrzen-facebooka-50-500x334.jpg 500w, https:\/\/urbanflavour.pl\/wp-content\/uploads\/2020\/12\/fotografia-eventowa-premiera-magazynu-przestrzen-facebooka-50-830x554.jpg 830w, https:\/\/urbanflavour.pl\/wp-content\/uploads\/2020\/12\/fotografia-eventowa-premiera-magazynu-przestrzen-facebooka-50-1024x684.jpg 1024w, https:\/\/urbanflavour.pl\/wp-content\/uploads\/2020\/12\/fotografia-eventowa-premiera-magazynu-przestrzen-facebooka-50.jpg 1400w\" sizes=\"auto, (max-width: 500px) 100vw, 500px\" \/><\/a><\/figure><\/li><li class=\"blocks-gallery-item\"><figure><a href=\"https:\/\/urbanflavour.pl\/wp-content\/uploads\/2020\/12\/fotografia-eventowa-premiera-magazynu-przestrzen-facebooka-51-500x334.jpg\"><img loading=\"lazy\" decoding=\"async\" width=\"500\" height=\"334\" src=\"https:\/\/urbanflavour.pl\/wp-content\/uploads\/2020\/12\/fotografia-eventowa-premiera-magazynu-przestrzen-facebooka-51-500x334.jpg\" alt=\"Fotograf na spotkanie z czytelnikami\" data-id=\"19259\" data-full-url=\"https:\/\/urbanflavour.pl\/wp-content\/uploads\/2020\/12\/fotografia-eventowa-premiera-magazynu-przestrzen-facebooka-51.jpg\" data-link=\"https:\/\/urbanflavour.pl\/premiera-magazynu-pismo-w-przestrzeni-facebooka\/fotografia-eventowa-premiera-magazynu-przestrzen-facebooka-51\/#main\" class=\"wp-image-19259\" title=\"Urbanflavour.pl\" srcset=\"https:\/\/urbanflavour.pl\/wp-content\/uploads\/2020\/12\/fotografia-eventowa-premiera-magazynu-przestrzen-facebooka-51-500x334.jpg 500w, https:\/\/urbanflavour.pl\/wp-content\/uploads\/2020\/12\/fotografia-eventowa-premiera-magazynu-przestrzen-facebooka-51-830x554.jpg 830w, https:\/\/urbanflavour.pl\/wp-content\/uploads\/2020\/12\/fotografia-eventowa-premiera-magazynu-przestrzen-facebooka-51-1024x684.jpg 1024w, https:\/\/urbanflavour.pl\/wp-content\/uploads\/2020\/12\/fotografia-eventowa-premiera-magazynu-przestrzen-facebooka-51.jpg 1400w\" sizes=\"auto, (max-width: 500px) 100vw, 500px\" \/><\/a><\/figure><\/li><li class=\"blocks-gallery-item\"><figure><a href=\"https:\/\/urbanflavour.pl\/wp-content\/uploads\/2020\/12\/fotografia-eventowa-premiera-magazynu-przestrzen-facebooka-54-500x334.jpg\"><img loading=\"lazy\" decoding=\"async\" width=\"500\" height=\"334\" src=\"https:\/\/urbanflavour.pl\/wp-content\/uploads\/2020\/12\/fotografia-eventowa-premiera-magazynu-przestrzen-facebooka-54-500x334.jpg\" alt=\"Publiczno\u015b\u0107\" data-id=\"19262\" data-full-url=\"https:\/\/urbanflavour.pl\/wp-content\/uploads\/2020\/12\/fotografia-eventowa-premiera-magazynu-przestrzen-facebooka-54.jpg\" data-link=\"https:\/\/urbanflavour.pl\/premiera-magazynu-pismo-w-przestrzeni-facebooka\/fotografia-eventowa-premiera-magazynu-przestrzen-facebooka-54\/#main\" class=\"wp-image-19262\" title=\"Urbanflavour.pl\" srcset=\"https:\/\/urbanflavour.pl\/wp-content\/uploads\/2020\/12\/fotografia-eventowa-premiera-magazynu-przestrzen-facebooka-54-500x334.jpg 500w, https:\/\/urbanflavour.pl\/wp-content\/uploads\/2020\/12\/fotografia-eventowa-premiera-magazynu-przestrzen-facebooka-54-830x554.jpg 830w, https:\/\/urbanflavour.pl\/wp-content\/uploads\/2020\/12\/fotografia-eventowa-premiera-magazynu-przestrzen-facebooka-54-1024x684.jpg 1024w, https:\/\/urbanflavour.pl\/wp-content\/uploads\/2020\/12\/fotografia-eventowa-premiera-magazynu-przestrzen-facebooka-54.jpg 1400w\" sizes=\"auto, (max-width: 500px) 100vw, 500px\" \/><\/a><\/figure><\/li><li class=\"blocks-gallery-item\"><figure><a href=\"https:\/\/urbanflavour.pl\/wp-content\/uploads\/2020\/12\/fotografia-eventowa-premiera-magazynu-przestrzen-facebooka-55-500x334.jpg\"><img loading=\"lazy\" decoding=\"async\" width=\"500\" height=\"334\" src=\"https:\/\/urbanflavour.pl\/wp-content\/uploads\/2020\/12\/fotografia-eventowa-premiera-magazynu-przestrzen-facebooka-55-500x334.jpg\" alt=\"Pytania od kobiety na publiczno\u015bci\" data-id=\"19263\" data-full-url=\"https:\/\/urbanflavour.pl\/wp-content\/uploads\/2020\/12\/fotografia-eventowa-premiera-magazynu-przestrzen-facebooka-55.jpg\" data-link=\"https:\/\/urbanflavour.pl\/premiera-magazynu-pismo-w-przestrzeni-facebooka\/fotografia-eventowa-premiera-magazynu-przestrzen-facebooka-55\/#main\" class=\"wp-image-19263\" title=\"Urbanflavour.pl\" srcset=\"https:\/\/urbanflavour.pl\/wp-content\/uploads\/2020\/12\/fotografia-eventowa-premiera-magazynu-przestrzen-facebooka-55-500x334.jpg 500w, https:\/\/urbanflavour.pl\/wp-content\/uploads\/2020\/12\/fotografia-eventowa-premiera-magazynu-przestrzen-facebooka-55-830x554.jpg 830w, https:\/\/urbanflavour.pl\/wp-content\/uploads\/2020\/12\/fotografia-eventowa-premiera-magazynu-przestrzen-facebooka-55-1024x684.jpg 1024w, https:\/\/urbanflavour.pl\/wp-content\/uploads\/2020\/12\/fotografia-eventowa-premiera-magazynu-przestrzen-facebooka-55.jpg 1400w\" sizes=\"auto, (max-width: 500px) 100vw, 500px\" \/><\/a><\/figure><\/li><\/ul><\/figure>\n\n\n\n<figure class=\"wp-block-gallery aligncenter columns-1 wp-block-gallery-18 is-layout-flex wp-block-gallery-is-layout-flex\"><ul class=\"blocks-gallery-grid\"><li class=\"blocks-gallery-item\"><figure><img loading=\"lazy\" decoding=\"async\" width=\"830\" height=\"554\" src=\"https:\/\/urbanflavour.pl\/wp-content\/uploads\/2020\/12\/fotografia-eventowa-premiera-magazynu-przestrzen-facebooka-52-830x554.jpg\" alt=\"Photo of the full room during the meeting with the readers of the magazine\" data-id=\"19260\" data-full-url=\"https:\/\/urbanflavour.pl\/wp-content\/uploads\/2020\/12\/fotografia-eventowa-premiera-magazynu-przestrzen-facebooka-52.jpg\" data-link=\"https:\/\/urbanflavour.pl\/premiera-magazynu-pismo-w-przestrzeni-facebooka\/fotografia-eventowa-premiera-magazynu-przestrzen-facebooka-52\/#main\" class=\"wp-image-19260\" title=\"Urbanflavour.pl\" srcset=\"https:\/\/urbanflavour.pl\/wp-content\/uploads\/2020\/12\/fotografia-eventowa-premiera-magazynu-przestrzen-facebooka-52-830x554.jpg 830w, https:\/\/urbanflavour.pl\/wp-content\/uploads\/2020\/12\/fotografia-eventowa-premiera-magazynu-przestrzen-facebooka-52-1024x684.jpg 1024w, https:\/\/urbanflavour.pl\/wp-content\/uploads\/2020\/12\/fotografia-eventowa-premiera-magazynu-przestrzen-facebooka-52-500x334.jpg 500w, https:\/\/urbanflavour.pl\/wp-content\/uploads\/2020\/12\/fotografia-eventowa-premiera-magazynu-przestrzen-facebooka-52.jpg 1400w\" sizes=\"auto, (max-width: 830px) 100vw, 830px\" \/><\/figure><\/li><\/ul><\/figure>\n\n\n\n<figure class=\"wp-block-gallery alignwide columns-2 wp-block-gallery-19 is-layout-flex wp-block-gallery-is-layout-flex\"><ul class=\"blocks-gallery-grid\"><li class=\"blocks-gallery-item\"><figure><a href=\"https:\/\/urbanflavour.pl\/wp-content\/uploads\/2020\/12\/fotografia-eventowa-premiera-magazynu-przestrzen-facebooka-56-500x749.jpg\"><img loading=\"lazy\" decoding=\"async\" width=\"500\" height=\"749\" src=\"https:\/\/urbanflavour.pl\/wp-content\/uploads\/2020\/12\/fotografia-eventowa-premiera-magazynu-przestrzen-facebooka-56-500x749.jpg\" alt=\"D\u0142onie chowaj\u0105ce magazyn do plecaka\" data-id=\"19264\" data-full-url=\"https:\/\/urbanflavour.pl\/wp-content\/uploads\/2020\/12\/fotografia-eventowa-premiera-magazynu-przestrzen-facebooka-56.jpg\" data-link=\"https:\/\/urbanflavour.pl\/premiera-magazynu-pismo-w-przestrzeni-facebooka\/fotografia-eventowa-premiera-magazynu-przestrzen-facebooka-56\/#main\" class=\"wp-image-19264\" title=\"Urbanflavour.pl\" srcset=\"https:\/\/urbanflavour.pl\/wp-content\/uploads\/2020\/12\/fotografia-eventowa-premiera-magazynu-przestrzen-facebooka-56-500x749.jpg 500w, https:\/\/urbanflavour.pl\/wp-content\/uploads\/2020\/12\/fotografia-eventowa-premiera-magazynu-przestrzen-facebooka-56-830x1243.jpg 830w, https:\/\/urbanflavour.pl\/wp-content\/uploads\/2020\/12\/fotografia-eventowa-premiera-magazynu-przestrzen-facebooka-56-1024x1534.jpg 1024w, https:\/\/urbanflavour.pl\/wp-content\/uploads\/2020\/12\/fotografia-eventowa-premiera-magazynu-przestrzen-facebooka-56.jpg 1400w\" sizes=\"auto, (max-width: 500px) 100vw, 500px\" \/><\/a><\/figure><\/li><li class=\"blocks-gallery-item\"><figure><a href=\"https:\/\/urbanflavour.pl\/wp-content\/uploads\/2020\/12\/fotografia-eventowa-premiera-magazynu-przestrzen-facebooka-61-500x749.jpg\"><img loading=\"lazy\" decoding=\"async\" width=\"500\" height=\"749\" src=\"https:\/\/urbanflavour.pl\/wp-content\/uploads\/2020\/12\/fotografia-eventowa-premiera-magazynu-przestrzen-facebooka-61-500x749.jpg\" alt=\"Pytanie od publiczno\u015bci\" data-id=\"19269\" data-full-url=\"https:\/\/urbanflavour.pl\/wp-content\/uploads\/2020\/12\/fotografia-eventowa-premiera-magazynu-przestrzen-facebooka-61.jpg\" data-link=\"https:\/\/urbanflavour.pl\/premiera-magazynu-pismo-w-przestrzeni-facebooka\/fotografia-eventowa-premiera-magazynu-przestrzen-facebooka-61\/#main\" class=\"wp-image-19269\" title=\"Urbanflavour.pl\" srcset=\"https:\/\/urbanflavour.pl\/wp-content\/uploads\/2020\/12\/fotografia-eventowa-premiera-magazynu-przestrzen-facebooka-61-500x749.jpg 500w, https:\/\/urbanflavour.pl\/wp-content\/uploads\/2020\/12\/fotografia-eventowa-premiera-magazynu-przestrzen-facebooka-61-830x1243.jpg 830w, https:\/\/urbanflavour.pl\/wp-content\/uploads\/2020\/12\/fotografia-eventowa-premiera-magazynu-przestrzen-facebooka-61-1024x1534.jpg 1024w, https:\/\/urbanflavour.pl\/wp-content\/uploads\/2020\/12\/fotografia-eventowa-premiera-magazynu-przestrzen-facebooka-61.jpg 1400w\" sizes=\"auto, (max-width: 500px) 100vw, 500px\" \/><\/a><\/figure><\/li><\/ul><\/figure>\n\n\n\n<figure class=\"wp-block-gallery alignwide columns-3 wp-block-gallery-20 is-layout-flex wp-block-gallery-is-layout-flex\"><ul class=\"blocks-gallery-grid\"><li class=\"blocks-gallery-item\"><figure><a href=\"https:\/\/urbanflavour.pl\/wp-content\/uploads\/2020\/12\/fotografia-eventowa-premiera-magazynu-przestrzen-facebooka-57-500x334.jpg\"><img loading=\"lazy\" decoding=\"async\" width=\"500\" height=\"334\" src=\"https:\/\/urbanflavour.pl\/wp-content\/uploads\/2020\/12\/fotografia-eventowa-premiera-magazynu-przestrzen-facebooka-57-500x334.jpg\" alt=\"Zdj\u0119cie zza prowadz\u0105cych spotkanie z czytelnikami\" data-id=\"19265\" data-full-url=\"https:\/\/urbanflavour.pl\/wp-content\/uploads\/2020\/12\/fotografia-eventowa-premiera-magazynu-przestrzen-facebooka-57.jpg\" data-link=\"https:\/\/urbanflavour.pl\/premiera-magazynu-pismo-w-przestrzeni-facebooka\/fotografia-eventowa-premiera-magazynu-przestrzen-facebooka-57\/#main\" class=\"wp-image-19265\" title=\"Urbanflavour.pl\" srcset=\"https:\/\/urbanflavour.pl\/wp-content\/uploads\/2020\/12\/fotografia-eventowa-premiera-magazynu-przestrzen-facebooka-57-500x334.jpg 500w, https:\/\/urbanflavour.pl\/wp-content\/uploads\/2020\/12\/fotografia-eventowa-premiera-magazynu-przestrzen-facebooka-57-830x554.jpg 830w, https:\/\/urbanflavour.pl\/wp-content\/uploads\/2020\/12\/fotografia-eventowa-premiera-magazynu-przestrzen-facebooka-57-1024x684.jpg 1024w, https:\/\/urbanflavour.pl\/wp-content\/uploads\/2020\/12\/fotografia-eventowa-premiera-magazynu-przestrzen-facebooka-57.jpg 1400w\" sizes=\"auto, (max-width: 500px) 100vw, 500px\" \/><\/a><\/figure><\/li><li class=\"blocks-gallery-item\"><figure><a href=\"https:\/\/urbanflavour.pl\/wp-content\/uploads\/2020\/12\/fotografia-eventowa-premiera-magazynu-przestrzen-facebooka-58-500x334.jpg\"><img loading=\"lazy\" decoding=\"async\" width=\"500\" height=\"334\" src=\"https:\/\/urbanflavour.pl\/wp-content\/uploads\/2020\/12\/fotografia-eventowa-premiera-magazynu-przestrzen-facebooka-58-500x334.jpg\" alt=\"Ch\u0142opak zadaje pytanie z publiczno\u015bci\" data-id=\"19266\" data-full-url=\"https:\/\/urbanflavour.pl\/wp-content\/uploads\/2020\/12\/fotografia-eventowa-premiera-magazynu-przestrzen-facebooka-58.jpg\" data-link=\"https:\/\/urbanflavour.pl\/premiera-magazynu-pismo-w-przestrzeni-facebooka\/fotografia-eventowa-premiera-magazynu-przestrzen-facebooka-58\/#main\" class=\"wp-image-19266\" title=\"Urbanflavour.pl\" srcset=\"https:\/\/urbanflavour.pl\/wp-content\/uploads\/2020\/12\/fotografia-eventowa-premiera-magazynu-przestrzen-facebooka-58-500x334.jpg 500w, https:\/\/urbanflavour.pl\/wp-content\/uploads\/2020\/12\/fotografia-eventowa-premiera-magazynu-przestrzen-facebooka-58-830x554.jpg 830w, https:\/\/urbanflavour.pl\/wp-content\/uploads\/2020\/12\/fotografia-eventowa-premiera-magazynu-przestrzen-facebooka-58-1024x683.jpg 1024w, https:\/\/urbanflavour.pl\/wp-content\/uploads\/2020\/12\/fotografia-eventowa-premiera-magazynu-przestrzen-facebooka-58.jpg 1400w\" sizes=\"auto, (max-width: 500px) 100vw, 500px\" \/><\/a><\/figure><\/li><li class=\"blocks-gallery-item\"><figure><a href=\"https:\/\/urbanflavour.pl\/wp-content\/uploads\/2020\/12\/fotografia-eventowa-premiera-magazynu-przestrzen-facebooka-59-500x334.jpg\"><img loading=\"lazy\" decoding=\"async\" width=\"500\" height=\"334\" src=\"https:\/\/urbanflavour.pl\/wp-content\/uploads\/2020\/12\/fotografia-eventowa-premiera-magazynu-przestrzen-facebooka-59-500x334.jpg\" alt=\"Rozmowa prowadz\u0105cych spotkanie siedz\u0105cych na kanapach\" data-id=\"19267\" data-full-url=\"https:\/\/urbanflavour.pl\/wp-content\/uploads\/2020\/12\/fotografia-eventowa-premiera-magazynu-przestrzen-facebooka-59.jpg\" data-link=\"https:\/\/urbanflavour.pl\/premiera-magazynu-pismo-w-przestrzeni-facebooka\/fotografia-eventowa-premiera-magazynu-przestrzen-facebooka-59\/#main\" class=\"wp-image-19267\" title=\"Urbanflavour.pl\" srcset=\"https:\/\/urbanflavour.pl\/wp-content\/uploads\/2020\/12\/fotografia-eventowa-premiera-magazynu-przestrzen-facebooka-59-500x334.jpg 500w, https:\/\/urbanflavour.pl\/wp-content\/uploads\/2020\/12\/fotografia-eventowa-premiera-magazynu-przestrzen-facebooka-59-830x554.jpg 830w, https:\/\/urbanflavour.pl\/wp-content\/uploads\/2020\/12\/fotografia-eventowa-premiera-magazynu-przestrzen-facebooka-59-1024x684.jpg 1024w, https:\/\/urbanflavour.pl\/wp-content\/uploads\/2020\/12\/fotografia-eventowa-premiera-magazynu-przestrzen-facebooka-59.jpg 1400w\" sizes=\"auto, (max-width: 500px) 100vw, 500px\" \/><\/a><\/figure><\/li><\/ul><\/figure>\n\n\n\n<figure class=\"wp-block-gallery columns-1 wp-block-gallery-21 is-layout-flex wp-block-gallery-is-layout-flex\"><ul class=\"blocks-gallery-grid\"><li class=\"blocks-gallery-item\"><figure><img loading=\"lazy\" decoding=\"async\" width=\"830\" height=\"554\" src=\"https:\/\/urbanflavour.pl\/wp-content\/uploads\/2020\/12\/fotografia-eventowa-premiera-magazynu-przestrzen-facebooka-60-830x554.jpg\" alt=\"The premiere of the magazine magazine in the facebook space\" data-id=\"19268\" data-full-url=\"https:\/\/urbanflavour.pl\/wp-content\/uploads\/2020\/12\/fotografia-eventowa-premiera-magazynu-przestrzen-facebooka-60.jpg\" data-link=\"https:\/\/urbanflavour.pl\/premiera-magazynu-pismo-w-przestrzeni-facebooka\/fotografia-eventowa-premiera-magazynu-przestrzen-facebooka-60\/#main\" class=\"wp-image-19268\" title=\"Urbanflavour.pl\" srcset=\"https:\/\/urbanflavour.pl\/wp-content\/uploads\/2020\/12\/fotografia-eventowa-premiera-magazynu-przestrzen-facebooka-60-830x554.jpg 830w, https:\/\/urbanflavour.pl\/wp-content\/uploads\/2020\/12\/fotografia-eventowa-premiera-magazynu-przestrzen-facebooka-60-1024x684.jpg 1024w, https:\/\/urbanflavour.pl\/wp-content\/uploads\/2020\/12\/fotografia-eventowa-premiera-magazynu-przestrzen-facebooka-60-500x334.jpg 500w, https:\/\/urbanflavour.pl\/wp-content\/uploads\/2020\/12\/fotografia-eventowa-premiera-magazynu-przestrzen-facebooka-60.jpg 1400w\" sizes=\"auto, (max-width: 830px) 100vw, 830px\" \/><\/figure><\/li><\/ul><\/figure>\n\n\n\n<figure class=\"wp-block-gallery alignwide columns-2 wp-block-gallery-22 is-layout-flex wp-block-gallery-is-layout-flex\"><ul class=\"blocks-gallery-grid\"><li class=\"blocks-gallery-item\"><figure><a href=\"https:\/\/urbanflavour.pl\/wp-content\/uploads\/2020\/12\/fotografia-eventowa-premiera-magazynu-przestrzen-facebooka-62-500x749.jpg\"><img loading=\"lazy\" decoding=\"async\" width=\"500\" height=\"749\" src=\"https:\/\/urbanflavour.pl\/wp-content\/uploads\/2020\/12\/fotografia-eventowa-premiera-magazynu-przestrzen-facebooka-62-500x749.jpg\" alt=\"Widz z mikrofonem w r\u0119ku\" data-id=\"19270\" data-full-url=\"https:\/\/urbanflavour.pl\/wp-content\/uploads\/2020\/12\/fotografia-eventowa-premiera-magazynu-przestrzen-facebooka-62.jpg\" data-link=\"https:\/\/urbanflavour.pl\/premiera-magazynu-pismo-w-przestrzeni-facebooka\/fotografia-eventowa-premiera-magazynu-przestrzen-facebooka-62\/#main\" class=\"wp-image-19270\" title=\"Urbanflavour.pl\" srcset=\"https:\/\/urbanflavour.pl\/wp-content\/uploads\/2020\/12\/fotografia-eventowa-premiera-magazynu-przestrzen-facebooka-62-500x749.jpg 500w, https:\/\/urbanflavour.pl\/wp-content\/uploads\/2020\/12\/fotografia-eventowa-premiera-magazynu-przestrzen-facebooka-62-830x1243.jpg 830w, https:\/\/urbanflavour.pl\/wp-content\/uploads\/2020\/12\/fotografia-eventowa-premiera-magazynu-przestrzen-facebooka-62-1024x1534.jpg 1024w, https:\/\/urbanflavour.pl\/wp-content\/uploads\/2020\/12\/fotografia-eventowa-premiera-magazynu-przestrzen-facebooka-62.jpg 1400w\" sizes=\"auto, (max-width: 500px) 100vw, 500px\" \/><\/a><\/figure><\/li><li class=\"blocks-gallery-item\"><figure><a href=\"https:\/\/urbanflavour.pl\/wp-content\/uploads\/2020\/12\/fotografia-eventowa-premiera-magazynu-przestrzen-facebooka-63-500x749.jpg\"><img loading=\"lazy\" decoding=\"async\" width=\"500\" height=\"749\" src=\"https:\/\/urbanflavour.pl\/wp-content\/uploads\/2020\/12\/fotografia-eventowa-premiera-magazynu-przestrzen-facebooka-63-500x749.jpg\" alt=\"Kobieta z chust\u0105 na g\u0142owie rozmawia z widzem\" data-id=\"19271\" data-full-url=\"https:\/\/urbanflavour.pl\/wp-content\/uploads\/2020\/12\/fotografia-eventowa-premiera-magazynu-przestrzen-facebooka-63.jpg\" data-link=\"https:\/\/urbanflavour.pl\/premiera-magazynu-pismo-w-przestrzeni-facebooka\/fotografia-eventowa-premiera-magazynu-przestrzen-facebooka-63\/#main\" class=\"wp-image-19271\" title=\"Urbanflavour.pl\" srcset=\"https:\/\/urbanflavour.pl\/wp-content\/uploads\/2020\/12\/fotografia-eventowa-premiera-magazynu-przestrzen-facebooka-63-500x749.jpg 500w, https:\/\/urbanflavour.pl\/wp-content\/uploads\/2020\/12\/fotografia-eventowa-premiera-magazynu-przestrzen-facebooka-63-830x1243.jpg 830w, https:\/\/urbanflavour.pl\/wp-content\/uploads\/2020\/12\/fotografia-eventowa-premiera-magazynu-przestrzen-facebooka-63-1024x1534.jpg 1024w, https:\/\/urbanflavour.pl\/wp-content\/uploads\/2020\/12\/fotografia-eventowa-premiera-magazynu-przestrzen-facebooka-63.jpg 1400w\" sizes=\"auto, (max-width: 500px) 100vw, 500px\" \/><\/a><\/figure><\/li><\/ul><\/figure>\n\n\n\n<figure class=\"wp-block-gallery columns-1 wp-block-gallery-23 is-layout-flex wp-block-gallery-is-layout-flex\"><ul class=\"blocks-gallery-grid\"><li class=\"blocks-gallery-item\"><figure><img loading=\"lazy\" decoding=\"async\" width=\"830\" height=\"554\" src=\"https:\/\/urbanflavour.pl\/wp-content\/uploads\/2020\/12\/fotografia-eventowa-premiera-magazynu-przestrzen-facebooka-64-830x554.jpg\" alt=\"Premiere of the magazine pismo\" data-id=\"19272\" data-full-url=\"https:\/\/urbanflavour.pl\/wp-content\/uploads\/2020\/12\/fotografia-eventowa-premiera-magazynu-przestrzen-facebooka-64.jpg\" data-link=\"https:\/\/urbanflavour.pl\/premiera-magazynu-pismo-w-przestrzeni-facebooka\/fotografia-eventowa-premiera-magazynu-przestrzen-facebooka-64\/#main\" class=\"wp-image-19272\" title=\"Urbanflavour.pl\" srcset=\"https:\/\/urbanflavour.pl\/wp-content\/uploads\/2020\/12\/fotografia-eventowa-premiera-magazynu-przestrzen-facebooka-64-830x554.jpg 830w, https:\/\/urbanflavour.pl\/wp-content\/uploads\/2020\/12\/fotografia-eventowa-premiera-magazynu-przestrzen-facebooka-64-1024x684.jpg 1024w, https:\/\/urbanflavour.pl\/wp-content\/uploads\/2020\/12\/fotografia-eventowa-premiera-magazynu-przestrzen-facebooka-64-500x334.jpg 500w, https:\/\/urbanflavour.pl\/wp-content\/uploads\/2020\/12\/fotografia-eventowa-premiera-magazynu-przestrzen-facebooka-64.jpg 1400w\" sizes=\"auto, (max-width: 830px) 100vw, 830px\" \/><\/figure><\/li><\/ul><\/figure>\n\n\n\n<figure class=\"wp-block-gallery alignwide columns-1 wp-block-gallery-24 is-layout-flex wp-block-gallery-is-layout-flex\"><ul class=\"blocks-gallery-grid\"><li class=\"blocks-gallery-item\"><figure><a href=\"https:\/\/urbanflavour.pl\/wp-content\/uploads\/2020\/12\/fotografia-eventowa-premiera-magazynu-przestrzen-facebooka-65.jpg\"><img loading=\"lazy\" decoding=\"async\" width=\"1400\" height=\"935\" src=\"https:\/\/urbanflavour.pl\/wp-content\/uploads\/2020\/12\/fotografia-eventowa-premiera-magazynu-przestrzen-facebooka-65.jpg\" alt=\"Zdj&#x119;cie grupowe\" data-id=\"19273\" data-full-url=\"https:\/\/urbanflavour.pl\/wp-content\/uploads\/2020\/12\/fotografia-eventowa-premiera-magazynu-przestrzen-facebooka-65.jpg\" data-link=\"https:\/\/urbanflavour.pl\/premiera-magazynu-pismo-w-przestrzeni-facebooka\/fotografia-eventowa-premiera-magazynu-przestrzen-facebooka-65\/#main\" class=\"wp-image-23634\" title=\"Urbanflavour.pl\" srcset=\"https:\/\/urbanflavour.pl\/wp-content\/uploads\/2020\/12\/fotografia-eventowa-premiera-magazynu-przestrzen-facebooka-65.jpg 1400w, https:\/\/urbanflavour.pl\/wp-content\/uploads\/2020\/12\/fotografia-eventowa-premiera-magazynu-przestrzen-facebooka-65-830x554.jpg 830w, https:\/\/urbanflavour.pl\/wp-content\/uploads\/2020\/12\/fotografia-eventowa-premiera-magazynu-przestrzen-facebooka-65-1024x684.jpg 1024w, https:\/\/urbanflavour.pl\/wp-content\/uploads\/2020\/12\/fotografia-eventowa-premiera-magazynu-przestrzen-facebooka-65-500x334.jpg 500w\" sizes=\"auto, (max-width: 1400px) 100vw, 1400px\" \/><\/a><\/figure><\/li><\/ul><\/figure>\n\n\n<div class=\"gb-container gb-container-1eb96e59\"><div class=\"gb-inside-container\">\n\n<h2 class=\"has-text-align-center wp-block-heading\">Refreshments for guests<\/h2>\n\n\n\n<p class=\"has-text-align-justify\">At the end, a snack and a glass of wine were prepared for all guests to talk to each other for a while.<\/p>\n\n\n\n<figure class=\"wp-block-gallery columns-1 wp-block-gallery-25 is-layout-flex wp-block-gallery-is-layout-flex\"><ul class=\"blocks-gallery-grid\"><li class=\"blocks-gallery-item\"><figure><img loading=\"lazy\" decoding=\"async\" width=\"830\" height=\"554\" src=\"https:\/\/urbanflavour.pl\/wp-content\/uploads\/2020\/12\/fotografia-eventowa-premiera-magazynu-przestrzen-facebooka-69-830x554.jpg\" alt=\"Hand with a glass in hand and a magazine cover\" data-id=\"19277\" data-full-url=\"https:\/\/urbanflavour.pl\/wp-content\/uploads\/2020\/12\/fotografia-eventowa-premiera-magazynu-przestrzen-facebooka-69.jpg\" data-link=\"https:\/\/urbanflavour.pl\/premiera-magazynu-pismo-w-przestrzeni-facebooka\/fotografia-eventowa-premiera-magazynu-przestrzen-facebooka-69\/#main\" class=\"wp-image-19277\" title=\"Urbanflavour.pl\" srcset=\"https:\/\/urbanflavour.pl\/wp-content\/uploads\/2020\/12\/fotografia-eventowa-premiera-magazynu-przestrzen-facebooka-69-830x554.jpg 830w, https:\/\/urbanflavour.pl\/wp-content\/uploads\/2020\/12\/fotografia-eventowa-premiera-magazynu-przestrzen-facebooka-69-1024x684.jpg 1024w, https:\/\/urbanflavour.pl\/wp-content\/uploads\/2020\/12\/fotografia-eventowa-premiera-magazynu-przestrzen-facebooka-69-500x334.jpg 500w, https:\/\/urbanflavour.pl\/wp-content\/uploads\/2020\/12\/fotografia-eventowa-premiera-magazynu-przestrzen-facebooka-69.jpg 1400w\" sizes=\"auto, (max-width: 830px) 100vw, 830px\" \/><\/figure><\/li><li class=\"blocks-gallery-item\"><figure><img loading=\"lazy\" decoding=\"async\" width=\"830\" height=\"554\" src=\"https:\/\/urbanflavour.pl\/wp-content\/uploads\/2020\/12\/fotografia-eventowa-premiera-magazynu-przestrzen-facebooka-70-830x554.jpg\" alt=\"Behind the scenes talks at the premiere\" data-id=\"19278\" data-full-url=\"https:\/\/urbanflavour.pl\/wp-content\/uploads\/2020\/12\/fotografia-eventowa-premiera-magazynu-przestrzen-facebooka-70.jpg\" data-link=\"https:\/\/urbanflavour.pl\/premiera-magazynu-pismo-w-przestrzeni-facebooka\/fotografia-eventowa-premiera-magazynu-przestrzen-facebooka-70\/#main\" class=\"wp-image-19278\" title=\"Urbanflavour.pl\" srcset=\"https:\/\/urbanflavour.pl\/wp-content\/uploads\/2020\/12\/fotografia-eventowa-premiera-magazynu-przestrzen-facebooka-70-830x554.jpg 830w, https:\/\/urbanflavour.pl\/wp-content\/uploads\/2020\/12\/fotografia-eventowa-premiera-magazynu-przestrzen-facebooka-70-1024x684.jpg 1024w, https:\/\/urbanflavour.pl\/wp-content\/uploads\/2020\/12\/fotografia-eventowa-premiera-magazynu-przestrzen-facebooka-70-500x334.jpg 500w, https:\/\/urbanflavour.pl\/wp-content\/uploads\/2020\/12\/fotografia-eventowa-premiera-magazynu-przestrzen-facebooka-70.jpg 1400w\" sizes=\"auto, (max-width: 830px) 100vw, 830px\" \/><\/figure><\/li><\/ul><\/figure>\n\n\n\n<figure class=\"wp-block-gallery alignwide columns-2 wp-block-gallery-26 is-layout-flex wp-block-gallery-is-layout-flex\"><ul class=\"blocks-gallery-grid\"><li class=\"blocks-gallery-item\"><figure><a href=\"https:\/\/urbanflavour.pl\/wp-content\/uploads\/2020\/12\/fotografia-eventowa-premiera-magazynu-przestrzen-facebooka-30-500x749.jpg\"><img loading=\"lazy\" decoding=\"async\" width=\"500\" height=\"749\" src=\"https:\/\/urbanflavour.pl\/wp-content\/uploads\/2020\/12\/fotografia-eventowa-premiera-magazynu-przestrzen-facebooka-30-500x749.jpg\" alt=\"Pismo okulary i telefon\" data-id=\"19238\" data-full-url=\"https:\/\/urbanflavour.pl\/wp-content\/uploads\/2020\/12\/fotografia-eventowa-premiera-magazynu-przestrzen-facebooka-30.jpg\" data-link=\"https:\/\/urbanflavour.pl\/premiera-magazynu-pismo-w-przestrzeni-facebooka\/fotografia-eventowa-premiera-magazynu-przestrzen-facebooka-30\/#main\" class=\"wp-image-19238\" title=\"Urbanflavour.pl\" srcset=\"https:\/\/urbanflavour.pl\/wp-content\/uploads\/2020\/12\/fotografia-eventowa-premiera-magazynu-przestrzen-facebooka-30-500x749.jpg 500w, https:\/\/urbanflavour.pl\/wp-content\/uploads\/2020\/12\/fotografia-eventowa-premiera-magazynu-przestrzen-facebooka-30-830x1243.jpg 830w, https:\/\/urbanflavour.pl\/wp-content\/uploads\/2020\/12\/fotografia-eventowa-premiera-magazynu-przestrzen-facebooka-30-1024x1534.jpg 1024w, https:\/\/urbanflavour.pl\/wp-content\/uploads\/2020\/12\/fotografia-eventowa-premiera-magazynu-przestrzen-facebooka-30.jpg 1400w\" sizes=\"auto, (max-width: 500px) 100vw, 500px\" \/><\/a><\/figure><\/li><li class=\"blocks-gallery-item\"><figure><a href=\"https:\/\/urbanflavour.pl\/wp-content\/uploads\/2020\/12\/fotografia-eventowa-premiera-magazynu-przestrzen-facebooka-68-500x749.jpg\"><img loading=\"lazy\" decoding=\"async\" width=\"500\" height=\"749\" src=\"https:\/\/urbanflavour.pl\/wp-content\/uploads\/2020\/12\/fotografia-eventowa-premiera-magazynu-przestrzen-facebooka-68-500x749.jpg\" alt=\"Rozmowy na konferencji\" data-id=\"19276\" data-full-url=\"https:\/\/urbanflavour.pl\/wp-content\/uploads\/2020\/12\/fotografia-eventowa-premiera-magazynu-przestrzen-facebooka-68.jpg\" data-link=\"https:\/\/urbanflavour.pl\/premiera-magazynu-pismo-w-przestrzeni-facebooka\/fotografia-eventowa-premiera-magazynu-przestrzen-facebooka-68\/#main\" class=\"wp-image-19276\" title=\"Urbanflavour.pl\" srcset=\"https:\/\/urbanflavour.pl\/wp-content\/uploads\/2020\/12\/fotografia-eventowa-premiera-magazynu-przestrzen-facebooka-68-500x749.jpg 500w, https:\/\/urbanflavour.pl\/wp-content\/uploads\/2020\/12\/fotografia-eventowa-premiera-magazynu-przestrzen-facebooka-68-830x1243.jpg 830w, https:\/\/urbanflavour.pl\/wp-content\/uploads\/2020\/12\/fotografia-eventowa-premiera-magazynu-przestrzen-facebooka-68-1024x1534.jpg 1024w, https:\/\/urbanflavour.pl\/wp-content\/uploads\/2020\/12\/fotografia-eventowa-premiera-magazynu-przestrzen-facebooka-68.jpg 1400w\" sizes=\"auto, (max-width: 500px) 100vw, 500px\" \/><\/a><\/figure><\/li><\/ul><\/figure>\n\n\n\n<figure class=\"wp-block-gallery columns-1 wp-block-gallery-27 is-layout-flex wp-block-gallery-is-layout-flex\"><ul class=\"blocks-gallery-grid\"><li class=\"blocks-gallery-item\"><figure><img loading=\"lazy\" decoding=\"async\" width=\"830\" height=\"554\" src=\"https:\/\/urbanflavour.pl\/wp-content\/uploads\/2020\/12\/fotografia-eventowa-premiera-magazynu-przestrzen-facebooka-67-830x554.jpg\" alt=\"Catering on the table\" data-id=\"19275\" data-full-url=\"https:\/\/urbanflavour.pl\/wp-content\/uploads\/2020\/12\/fotografia-eventowa-premiera-magazynu-przestrzen-facebooka-67.jpg\" data-link=\"https:\/\/urbanflavour.pl\/premiera-magazynu-pismo-w-przestrzeni-facebooka\/fotografia-eventowa-premiera-magazynu-przestrzen-facebooka-67\/#main\" class=\"wp-image-19275\" title=\"Urbanflavour.pl\" srcset=\"https:\/\/urbanflavour.pl\/wp-content\/uploads\/2020\/12\/fotografia-eventowa-premiera-magazynu-przestrzen-facebooka-67-830x554.jpg 830w, https:\/\/urbanflavour.pl\/wp-content\/uploads\/2020\/12\/fotografia-eventowa-premiera-magazynu-przestrzen-facebooka-67-1024x684.jpg 1024w, https:\/\/urbanflavour.pl\/wp-content\/uploads\/2020\/12\/fotografia-eventowa-premiera-magazynu-przestrzen-facebooka-67-500x334.jpg 500w, https:\/\/urbanflavour.pl\/wp-content\/uploads\/2020\/12\/fotografia-eventowa-premiera-magazynu-przestrzen-facebooka-67.jpg 1400w\" sizes=\"auto, (max-width: 830px) 100vw, 830px\" \/><\/figure><\/li><\/ul><\/figure>\n\n\n\n<figure class=\"wp-block-image size-medium\"><img loading=\"lazy\" decoding=\"async\" width=\"830\" height=\"554\" src=\"https:\/\/urbanflavour.pl\/wp-content\/uploads\/2020\/12\/fotografia-eventowa-premiera-magazynu-przestrzen-facebooka-19-830x554.jpg\" alt=\"City at night\" class=\"wp-image-19227\" title=\"Urbanflavour.pl\" srcset=\"https:\/\/urbanflavour.pl\/wp-content\/uploads\/2020\/12\/fotografia-eventowa-premiera-magazynu-przestrzen-facebooka-19-830x554.jpg 830w, https:\/\/urbanflavour.pl\/wp-content\/uploads\/2020\/12\/fotografia-eventowa-premiera-magazynu-przestrzen-facebooka-19-1024x684.jpg 1024w, https:\/\/urbanflavour.pl\/wp-content\/uploads\/2020\/12\/fotografia-eventowa-premiera-magazynu-przestrzen-facebooka-19-500x334.jpg 500w, https:\/\/urbanflavour.pl\/wp-content\/uploads\/2020\/12\/fotografia-eventowa-premiera-magazynu-przestrzen-facebooka-19.jpg 1400w\" sizes=\"auto, (max-width: 830px) 100vw, 830px\" \/><\/figure>\n\n<\/div><\/div>","protected":false},"excerpt":{"rendered":"<p>The premiere of the magazine Pismo which answered the question &#8220;Why do we not draw conclusions from history?&#8221; in &#8220;Przestrzenie from Facebook&#8221; at ul. Koszykowa.<\/p>\n","protected":false},"author":1,"featured_media":23574,"comment_status":"open","ping_status":"closed","sticky":false,"template":"","format":"standard","meta":{"footnotes":""},"categories":[43,42],"tags":[],"class_list":["post-27895","post","type-post","status-publish","format-standard","has-post-thumbnail","hentry","category-event-photography","category-portfolio-en","infinite-scroll-item","generate-columns","tablet-grid-50","mobile-grid-100","grid-parent","grid-33"],"featured_image_urls_v2":{"full":["https:\/\/urbanflavour.pl\/wp-content\/uploads\/2020\/12\/premiera-magazynu-pismo-w-przestrzeni-faceboooka.jpg",1920,1282,false],"thumbnail":["https:\/\/urbanflavour.pl\/wp-content\/uploads\/2020\/12\/premiera-magazynu-pismo-w-przestrzeni-faceboooka-500x334.jpg",500,334,true],"medium":["https:\/\/urbanflavour.pl\/wp-content\/uploads\/2020\/12\/premiera-magazynu-pismo-w-przestrzeni-faceboooka-830x554.jpg",830,554,true],"medium_large":["https:\/\/urbanflavour.pl\/wp-content\/uploads\/2020\/12\/premiera-magazynu-pismo-w-przestrzeni-faceboooka.jpg",768,513,false],"large":["https:\/\/urbanflavour.pl\/wp-content\/uploads\/2020\/12\/premiera-magazynu-pismo-w-przestrzeni-faceboooka-1024x684.jpg",1024,684,true],"1536x1536":["https:\/\/urbanflavour.pl\/wp-content\/uploads\/2020\/12\/premiera-magazynu-pismo-w-przestrzeni-faceboooka.jpg",1536,1026,false],"2048x2048":["https:\/\/urbanflavour.pl\/wp-content\/uploads\/2020\/12\/premiera-magazynu-pismo-w-przestrzeni-faceboooka.jpg",1920,1282,false],"gform-image-choice-sm":["https:\/\/urbanflavour.pl\/wp-content\/uploads\/2020\/12\/premiera-magazynu-pismo-w-przestrzeni-faceboooka.jpg",300,200,false],"gform-image-choice-md":["https:\/\/urbanflavour.pl\/wp-content\/uploads\/2020\/12\/premiera-magazynu-pismo-w-przestrzeni-faceboooka.jpg",400,267,false],"gform-image-choice-lg":["https:\/\/urbanflavour.pl\/wp-content\/uploads\/2020\/12\/premiera-magazynu-pismo-w-przestrzeni-faceboooka.jpg",600,401,false]},"post_excerpt_stackable_v2":"<p>The premiere of the magazine Pismo which answered the question &#8220;Why do we not draw conclusions from history?&#8221; in &#8220;Przestrzenie from Facebook&#8221; at ul. Koszykowa.<\/p>\n","category_list_v2":"<a href=\"https:\/\/urbanflavour.pl\/en\/kategoria\/portfolio-en\/event-photography\/\" rel=\"category tag\">Event Photography<\/a>, <a href=\"https:\/\/urbanflavour.pl\/en\/kategoria\/portfolio-en\/\" rel=\"category tag\">Portfolio<\/a>","author_info_v2":{"name":"Marcin Krokowski","url":"https:\/\/urbanflavour.pl\/en\/author\/marcin_d3rfw32\/"},"comments_num_v2":"0 comments","_links":{"self":[{"href":"https:\/\/urbanflavour.pl\/en\/wp-json\/wp\/v2\/posts\/27895","targetHints":{"allow":["GET"]}}],"collection":[{"href":"https:\/\/urbanflavour.pl\/en\/wp-json\/wp\/v2\/posts"}],"about":[{"href":"https:\/\/urbanflavour.pl\/en\/wp-json\/wp\/v2\/types\/post"}],"author":[{"embeddable":true,"href":"https:\/\/urbanflavour.pl\/en\/wp-json\/wp\/v2\/users\/1"}],"replies":[{"embeddable":true,"href":"https:\/\/urbanflavour.pl\/en\/wp-json\/wp\/v2\/comments?post=27895"}],"version-history":[{"count":0,"href":"https:\/\/urbanflavour.pl\/en\/wp-json\/wp\/v2\/posts\/27895\/revisions"}],"wp:featuredmedia":[{"embeddable":true,"href":"https:\/\/urbanflavour.pl\/en\/wp-json\/wp\/v2\/media\/23574"}],"wp:attachment":[{"href":"https:\/\/urbanflavour.pl\/en\/wp-json\/wp\/v2\/media?parent=27895"}],"wp:term":[{"taxonomy":"category","embeddable":true,"href":"https:\/\/urbanflavour.pl\/en\/wp-json\/wp\/v2\/categories?post=27895"},{"taxonomy":"post_tag","embeddable":true,"href":"https:\/\/urbanflavour.pl\/en\/wp-json\/wp\/v2\/tags?post=27895"}],"curies":[{"name":"wp","href":"https:\/\/api.w.org\/{rel}","templated":true}]}}