{"id":29854,"date":"2021-02-12T12:00:00","date_gmt":"2021-02-12T11:00:00","guid":{"rendered":"https:\/\/urbanflavour.pl\/premiere-volvo-xc40-w-studio-tecza\/"},"modified":"2021-04-28T15:19:57","modified_gmt":"2021-04-28T13:19:57","slug":"premiere-volvo-xc40-w-studio-tecza","status":"publish","type":"post","link":"https:\/\/urbanflavour.pl\/en\/premiere-volvo-xc40-w-studio-tecza\/","title":{"rendered":"The premiere of the Volvo XC40 at Studio t\u0119cza"},"content":{"rendered":"<div class=\"gb-container gb-container-0532ae20\"><div class=\"gb-inside-container\">\n\n<p class=\"has-text-align-justify\">The premiere of the new Volvo XC40 took place in<a href=\"http:\/\/www.studiotecza.com\" class=\"rank-math-link\" target=\"_blank\" rel=\"noopener\"> Rainbow Studio<\/a> and was organized by an agency<a href=\"http:\/\/testa.com.pl\/\" class=\"rank-math-link\" target=\"_blank\" rel=\"noopener\"> Testa Communications<\/a> . This time, unlike other Volvo brand launches, this event has been prepared in an urban style, not in conjunction with nature. The XC40 is a mid-size premium SUV that will perfectly fit into the urban space of the city. The Testa agency has prepared the concept of the Volvo Car Night Market, which is the heart of the modern city, where space, movement, fashion, sound and taste dominate.<\/p>\n\n<\/div><\/div>\n\n\n<h2 class=\"wp-block-heading\">A musical start<\/h2>\n\n\n\n<p>From the very entrance, the guests were greeted by live music, which was just an introduction to what was prepared. Illuminated spheres hung from the ceiling, the scenery consisted of containers and specially prepared neon lights for the occasion, and greenery that perfectly matched this urban scenery.<\/p>\n\n\n\n<figure class=\"wp-block-gallery columns-1 wp-block-gallery-1 is-layout-flex wp-block-gallery-is-layout-flex\"><ul class=\"blocks-gallery-grid\"><li class=\"blocks-gallery-item\"><figure><img loading=\"lazy\" decoding=\"async\" width=\"830\" height=\"552\" src=\"https:\/\/urbanflavour.pl\/wp-content\/uploads\/2021\/02\/fotografia-eventowa-premiera-volvo-studio-tecza-830x552.jpg\" alt=\"Event at Studio T\u0119cza\" data-id=\"26812\" data-full-url=\"https:\/\/urbanflavour.pl\/wp-content\/uploads\/2021\/02\/fotografia-eventowa-premiera-volvo-studio-tecza.jpg\" data-link=\"https:\/\/urbanflavour.pl\/fotografia-eventowa-premiera-volvo-studio-tecza\/\" class=\"wp-image-26812\" title=\"Urbanflavour.pl\" srcset=\"https:\/\/urbanflavour.pl\/wp-content\/uploads\/2021\/02\/fotografia-eventowa-premiera-volvo-studio-tecza-830x552.jpg 830w, https:\/\/urbanflavour.pl\/wp-content\/uploads\/2021\/02\/fotografia-eventowa-premiera-volvo-studio-tecza-1024x682.jpg 1024w, https:\/\/urbanflavour.pl\/wp-content\/uploads\/2021\/02\/fotografia-eventowa-premiera-volvo-studio-tecza-500x333.jpg 500w, https:\/\/urbanflavour.pl\/wp-content\/uploads\/2021\/02\/fotografia-eventowa-premiera-volvo-studio-tecza.jpg 1920w\" sizes=\"auto, (max-width: 830px) 100vw, 830px\" \/><\/figure><\/li><\/ul><\/figure>\n\n\n\n<figure class=\"wp-block-gallery alignwide columns-2 wp-block-gallery-2 is-layout-flex wp-block-gallery-is-layout-flex\"><ul class=\"blocks-gallery-grid\"><li class=\"blocks-gallery-item\"><figure><a href=\"https:\/\/urbanflavour.pl\/wp-content\/uploads\/2021\/02\/fotografia-eventowa-premiera-samochodu-studio-tecza-32-500x334.jpg\"><img loading=\"lazy\" decoding=\"async\" width=\"500\" height=\"334\" src=\"https:\/\/urbanflavour.pl\/wp-content\/uploads\/2021\/02\/fotografia-eventowa-premiera-samochodu-studio-tecza-32-500x334.jpg\" alt=\"Studio t\u0119cza na event\" data-id=\"26796\" data-full-url=\"https:\/\/urbanflavour.pl\/wp-content\/uploads\/2021\/02\/fotografia-eventowa-premiera-samochodu-studio-tecza-32.jpg\" data-link=\"https:\/\/urbanflavour.pl\/fotografia-eventowa-premiera-samochodu-studio-tecza-32\/\" class=\"wp-image-26796\" title=\"Urbanflavour.pl\" srcset=\"https:\/\/urbanflavour.pl\/wp-content\/uploads\/2021\/02\/fotografia-eventowa-premiera-samochodu-studio-tecza-32-500x334.jpg 500w, https:\/\/urbanflavour.pl\/wp-content\/uploads\/2021\/02\/fotografia-eventowa-premiera-samochodu-studio-tecza-32-830x554.jpg 830w, https:\/\/urbanflavour.pl\/wp-content\/uploads\/2021\/02\/fotografia-eventowa-premiera-samochodu-studio-tecza-32-1024x684.jpg 1024w, https:\/\/urbanflavour.pl\/wp-content\/uploads\/2021\/02\/fotografia-eventowa-premiera-samochodu-studio-tecza-32.jpg 1400w\" sizes=\"auto, (max-width: 500px) 100vw, 500px\" \/><\/a><\/figure><\/li><li class=\"blocks-gallery-item\"><figure><a href=\"https:\/\/urbanflavour.pl\/wp-content\/uploads\/2021\/02\/fotografia-eventowa-premiera-samochodu-studio-tecza-15-500x334.jpg\"><img loading=\"lazy\" decoding=\"async\" width=\"500\" height=\"334\" src=\"https:\/\/urbanflavour.pl\/wp-content\/uploads\/2021\/02\/fotografia-eventowa-premiera-samochodu-studio-tecza-15-500x334.jpg\" alt=\"Neon w ciemno\u015bci XC40\" data-id=\"26762\" data-full-url=\"https:\/\/urbanflavour.pl\/wp-content\/uploads\/2021\/02\/fotografia-eventowa-premiera-samochodu-studio-tecza-15.jpg\" data-link=\"https:\/\/urbanflavour.pl\/fotografia-eventowa-premiera-samochodu-studio-tecza-15\/\" class=\"wp-image-26762\" title=\"Urbanflavour.pl\" srcset=\"https:\/\/urbanflavour.pl\/wp-content\/uploads\/2021\/02\/fotografia-eventowa-premiera-samochodu-studio-tecza-15-500x334.jpg 500w, https:\/\/urbanflavour.pl\/wp-content\/uploads\/2021\/02\/fotografia-eventowa-premiera-samochodu-studio-tecza-15-830x554.jpg 830w, https:\/\/urbanflavour.pl\/wp-content\/uploads\/2021\/02\/fotografia-eventowa-premiera-samochodu-studio-tecza-15-1024x684.jpg 1024w, https:\/\/urbanflavour.pl\/wp-content\/uploads\/2021\/02\/fotografia-eventowa-premiera-samochodu-studio-tecza-15.jpg 1400w\" sizes=\"auto, (max-width: 500px) 100vw, 500px\" \/><\/a><\/figure><\/li><\/ul><\/figure>\n\n\n\n<figure class=\"wp-block-gallery aligncenter columns-1 wp-block-gallery-3 is-layout-flex wp-block-gallery-is-layout-flex\"><ul class=\"blocks-gallery-grid\"><li class=\"blocks-gallery-item\"><figure><img loading=\"lazy\" decoding=\"async\" width=\"830\" height=\"553\" src=\"https:\/\/urbanflavour.pl\/wp-content\/uploads\/2021\/02\/fotografia-eventowa-premiera-samochodu-studio-tecza-1-830x553.jpg\" alt=\"Musician playing the trumpet\" data-id=\"26734\" data-full-url=\"https:\/\/urbanflavour.pl\/wp-content\/uploads\/2021\/02\/fotografia-eventowa-premiera-samochodu-studio-tecza-1.jpg\" data-link=\"https:\/\/urbanflavour.pl\/fotografia-eventowa-premiera-samochodu-studio-tecza-1\/\" class=\"wp-image-26734\" title=\"Urbanflavour.pl\" srcset=\"https:\/\/urbanflavour.pl\/wp-content\/uploads\/2021\/02\/fotografia-eventowa-premiera-samochodu-studio-tecza-1-830x553.jpg 830w, https:\/\/urbanflavour.pl\/wp-content\/uploads\/2021\/02\/fotografia-eventowa-premiera-samochodu-studio-tecza-1-1024x682.jpg 1024w, https:\/\/urbanflavour.pl\/wp-content\/uploads\/2021\/02\/fotografia-eventowa-premiera-samochodu-studio-tecza-1-500x333.jpg 500w, https:\/\/urbanflavour.pl\/wp-content\/uploads\/2021\/02\/fotografia-eventowa-premiera-samochodu-studio-tecza-1.jpg 1400w\" sizes=\"auto, (max-width: 830px) 100vw, 830px\" \/><\/figure><\/li><\/ul><\/figure>\n\n\n\n<figure class=\"wp-block-gallery alignwide columns-3 wp-block-gallery-4 is-layout-flex wp-block-gallery-is-layout-flex\"><ul class=\"blocks-gallery-grid\"><li class=\"blocks-gallery-item\"><figure><a href=\"https:\/\/urbanflavour.pl\/wp-content\/uploads\/2021\/02\/fotografia-eventowa-premiera-samochodu-studio-tecza-34-500x334.jpg\"><img loading=\"lazy\" decoding=\"async\" width=\"500\" height=\"334\" src=\"https:\/\/urbanflavour.pl\/wp-content\/uploads\/2021\/02\/fotografia-eventowa-premiera-samochodu-studio-tecza-34-500x334.jpg\" alt=\"Neon XC40\" data-id=\"26800\" data-full-url=\"https:\/\/urbanflavour.pl\/wp-content\/uploads\/2021\/02\/fotografia-eventowa-premiera-samochodu-studio-tecza-34.jpg\" data-link=\"https:\/\/urbanflavour.pl\/fotografia-eventowa-premiera-samochodu-studio-tecza-34\/\" class=\"wp-image-26800\" title=\"Urbanflavour.pl\" srcset=\"https:\/\/urbanflavour.pl\/wp-content\/uploads\/2021\/02\/fotografia-eventowa-premiera-samochodu-studio-tecza-34-500x334.jpg 500w, https:\/\/urbanflavour.pl\/wp-content\/uploads\/2021\/02\/fotografia-eventowa-premiera-samochodu-studio-tecza-34-830x554.jpg 830w, https:\/\/urbanflavour.pl\/wp-content\/uploads\/2021\/02\/fotografia-eventowa-premiera-samochodu-studio-tecza-34-1024x684.jpg 1024w, https:\/\/urbanflavour.pl\/wp-content\/uploads\/2021\/02\/fotografia-eventowa-premiera-samochodu-studio-tecza-34.jpg 1400w\" sizes=\"auto, (max-width: 500px) 100vw, 500px\" \/><\/a><\/figure><\/li><li class=\"blocks-gallery-item\"><figure><a href=\"https:\/\/urbanflavour.pl\/wp-content\/uploads\/2021\/02\/fotografia-eventowa-premiera-samochodu-studio-tecza-12-500x334.jpg\"><img loading=\"lazy\" decoding=\"async\" width=\"500\" height=\"334\" src=\"https:\/\/urbanflavour.pl\/wp-content\/uploads\/2021\/02\/fotografia-eventowa-premiera-samochodu-studio-tecza-12-500x334.jpg\" alt=\"Bia\u0142e balony z logo XC40\" data-id=\"26756\" data-full-url=\"https:\/\/urbanflavour.pl\/wp-content\/uploads\/2021\/02\/fotografia-eventowa-premiera-samochodu-studio-tecza-12.jpg\" data-link=\"https:\/\/urbanflavour.pl\/fotografia-eventowa-premiera-samochodu-studio-tecza-12\/\" class=\"wp-image-26756\" title=\"Urbanflavour.pl\" srcset=\"https:\/\/urbanflavour.pl\/wp-content\/uploads\/2021\/02\/fotografia-eventowa-premiera-samochodu-studio-tecza-12-500x334.jpg 500w, https:\/\/urbanflavour.pl\/wp-content\/uploads\/2021\/02\/fotografia-eventowa-premiera-samochodu-studio-tecza-12-830x554.jpg 830w, https:\/\/urbanflavour.pl\/wp-content\/uploads\/2021\/02\/fotografia-eventowa-premiera-samochodu-studio-tecza-12-1024x684.jpg 1024w, https:\/\/urbanflavour.pl\/wp-content\/uploads\/2021\/02\/fotografia-eventowa-premiera-samochodu-studio-tecza-12.jpg 1400w\" sizes=\"auto, (max-width: 500px) 100vw, 500px\" \/><\/a><\/figure><\/li><li class=\"blocks-gallery-item\"><figure><a href=\"https:\/\/urbanflavour.pl\/wp-content\/uploads\/2021\/02\/fotografia-eventowa-premiera-samochodu-studio-tecza-2-500x334.jpg\"><img loading=\"lazy\" decoding=\"async\" width=\"500\" height=\"334\" src=\"https:\/\/urbanflavour.pl\/wp-content\/uploads\/2021\/02\/fotografia-eventowa-premiera-samochodu-studio-tecza-2-500x334.jpg\" alt=\"Neony na evencie Volvo XC40\" data-id=\"26736\" data-full-url=\"https:\/\/urbanflavour.pl\/wp-content\/uploads\/2021\/02\/fotografia-eventowa-premiera-samochodu-studio-tecza-2.jpg\" data-link=\"https:\/\/urbanflavour.pl\/fotografia-eventowa-premiera-samochodu-studio-tecza-2\/\" class=\"wp-image-26736\" title=\"Urbanflavour.pl\" srcset=\"https:\/\/urbanflavour.pl\/wp-content\/uploads\/2021\/02\/fotografia-eventowa-premiera-samochodu-studio-tecza-2-500x334.jpg 500w, https:\/\/urbanflavour.pl\/wp-content\/uploads\/2021\/02\/fotografia-eventowa-premiera-samochodu-studio-tecza-2-830x554.jpg 830w, https:\/\/urbanflavour.pl\/wp-content\/uploads\/2021\/02\/fotografia-eventowa-premiera-samochodu-studio-tecza-2-1024x684.jpg 1024w, https:\/\/urbanflavour.pl\/wp-content\/uploads\/2021\/02\/fotografia-eventowa-premiera-samochodu-studio-tecza-2.jpg 1400w\" sizes=\"auto, (max-width: 500px) 100vw, 500px\" \/><\/a><\/figure><\/li><\/ul><\/figure>\n\n\n\n<figure class=\"wp-block-gallery aligncenter columns-1 wp-block-gallery-5 is-layout-flex wp-block-gallery-is-layout-flex\"><ul class=\"blocks-gallery-grid\"><li class=\"blocks-gallery-item\"><figure><img loading=\"lazy\" decoding=\"async\" width=\"830\" height=\"553\" src=\"https:\/\/urbanflavour.pl\/wp-content\/uploads\/2021\/02\/fotografia-eventowa-premiera-samochodu-studio-tecza-4-830x553.jpg\" alt=\"Musician playing the keyboards\" data-id=\"26740\" data-full-url=\"https:\/\/urbanflavour.pl\/wp-content\/uploads\/2021\/02\/fotografia-eventowa-premiera-samochodu-studio-tecza-4.jpg\" data-link=\"https:\/\/urbanflavour.pl\/fotografia-eventowa-premiera-samochodu-studio-tecza-4\/\" class=\"wp-image-26740\" title=\"Urbanflavour.pl\" srcset=\"https:\/\/urbanflavour.pl\/wp-content\/uploads\/2021\/02\/fotografia-eventowa-premiera-samochodu-studio-tecza-4-830x553.jpg 830w, https:\/\/urbanflavour.pl\/wp-content\/uploads\/2021\/02\/fotografia-eventowa-premiera-samochodu-studio-tecza-4-1024x682.jpg 1024w, https:\/\/urbanflavour.pl\/wp-content\/uploads\/2021\/02\/fotografia-eventowa-premiera-samochodu-studio-tecza-4-500x333.jpg 500w, https:\/\/urbanflavour.pl\/wp-content\/uploads\/2021\/02\/fotografia-eventowa-premiera-samochodu-studio-tecza-4.jpg 1400w\" sizes=\"auto, (max-width: 830px) 100vw, 830px\" \/><\/figure><\/li><\/ul><\/figure>\n\n\n\n<h2 class=\"wp-block-heading\">Volvo Car Night Market<\/h2>\n\n\n\n<p class=\"has-text-align-justify\">An interesting culinary experience was the zone of urban flavors prepared for guests. There are street food specialties as well as drinks. They also prepared their stand for visual learners and fans of fashion and design<a href=\"https:\/\/langeandlange.com\" class=\"rank-math-link\" target=\"_blank\" rel=\"noopener\"> Lange &amp; Lange<\/a> and<a href=\"https:\/\/www.riskmadeinwarsaw.com\/pl\/\" class=\"rank-math-link\" target=\"_blank\" rel=\"noopener\"> RISK made in Warsaw<\/a> who represent independent artists and influencers.<\/p>\n\n\n\n<figure class=\"wp-block-gallery columns-1 wp-block-gallery-6 is-layout-flex wp-block-gallery-is-layout-flex\"><ul class=\"blocks-gallery-grid\"><li class=\"blocks-gallery-item\"><figure><img loading=\"lazy\" decoding=\"async\" width=\"830\" height=\"554\" src=\"https:\/\/urbanflavour.pl\/wp-content\/uploads\/2021\/02\/fotografia-eventowa-premiera-samochodu-studio-tecza-3-830x554.jpg\" alt=\"Volvo Car Night Market stand\" data-id=\"26738\" data-full-url=\"https:\/\/urbanflavour.pl\/wp-content\/uploads\/2021\/02\/fotografia-eventowa-premiera-samochodu-studio-tecza-3.jpg\" data-link=\"https:\/\/urbanflavour.pl\/fotografia-eventowa-premiera-samochodu-studio-tecza-3\/\" class=\"wp-image-26738\" title=\"Urbanflavour.pl\" srcset=\"https:\/\/urbanflavour.pl\/wp-content\/uploads\/2021\/02\/fotografia-eventowa-premiera-samochodu-studio-tecza-3-830x554.jpg 830w, https:\/\/urbanflavour.pl\/wp-content\/uploads\/2021\/02\/fotografia-eventowa-premiera-samochodu-studio-tecza-3-1024x684.jpg 1024w, https:\/\/urbanflavour.pl\/wp-content\/uploads\/2021\/02\/fotografia-eventowa-premiera-samochodu-studio-tecza-3-500x334.jpg 500w, https:\/\/urbanflavour.pl\/wp-content\/uploads\/2021\/02\/fotografia-eventowa-premiera-samochodu-studio-tecza-3.jpg 1400w\" sizes=\"auto, (max-width: 830px) 100vw, 830px\" \/><\/figure><\/li><\/ul><\/figure>\n\n\n\n<figure class=\"wp-block-gallery alignwide columns-2 wp-block-gallery-7 is-layout-flex wp-block-gallery-is-layout-flex\"><ul class=\"blocks-gallery-grid\"><li class=\"blocks-gallery-item\"><figure><a href=\"https:\/\/urbanflavour.pl\/wp-content\/uploads\/2021\/02\/fotografia-eventowa-premiera-samochodu-studio-tecza-31-500x334.jpg\"><img loading=\"lazy\" decoding=\"async\" width=\"500\" height=\"334\" src=\"https:\/\/urbanflavour.pl\/wp-content\/uploads\/2021\/02\/fotografia-eventowa-premiera-samochodu-studio-tecza-31-500x334.jpg\" alt=\"mini burgery\" data-id=\"26794\" data-full-url=\"https:\/\/urbanflavour.pl\/wp-content\/uploads\/2021\/02\/fotografia-eventowa-premiera-samochodu-studio-tecza-31.jpg\" data-link=\"https:\/\/urbanflavour.pl\/fotografia-eventowa-premiera-samochodu-studio-tecza-31\/\" class=\"wp-image-26794\" title=\"Urbanflavour.pl\" srcset=\"https:\/\/urbanflavour.pl\/wp-content\/uploads\/2021\/02\/fotografia-eventowa-premiera-samochodu-studio-tecza-31-500x334.jpg 500w, https:\/\/urbanflavour.pl\/wp-content\/uploads\/2021\/02\/fotografia-eventowa-premiera-samochodu-studio-tecza-31-830x554.jpg 830w, https:\/\/urbanflavour.pl\/wp-content\/uploads\/2021\/02\/fotografia-eventowa-premiera-samochodu-studio-tecza-31-1024x684.jpg 1024w, https:\/\/urbanflavour.pl\/wp-content\/uploads\/2021\/02\/fotografia-eventowa-premiera-samochodu-studio-tecza-31.jpg 1400w\" sizes=\"auto, (max-width: 500px) 100vw, 500px\" \/><\/a><\/figure><\/li><li class=\"blocks-gallery-item\"><figure><a href=\"https:\/\/urbanflavour.pl\/wp-content\/uploads\/2021\/02\/fotografia-eventowa-premiera-samochodu-studio-tecza-20-500x333.jpg\"><img loading=\"lazy\" decoding=\"async\" width=\"500\" height=\"333\" src=\"https:\/\/urbanflavour.pl\/wp-content\/uploads\/2021\/02\/fotografia-eventowa-premiera-samochodu-studio-tecza-20-500x333.jpg\" alt=\"Fingerfood na evencie\" data-id=\"26772\" data-full-url=\"https:\/\/urbanflavour.pl\/wp-content\/uploads\/2021\/02\/fotografia-eventowa-premiera-samochodu-studio-tecza-20.jpg\" data-link=\"https:\/\/urbanflavour.pl\/fotografia-eventowa-premiera-samochodu-studio-tecza-20\/\" class=\"wp-image-26772\" title=\"Urbanflavour.pl\" srcset=\"https:\/\/urbanflavour.pl\/wp-content\/uploads\/2021\/02\/fotografia-eventowa-premiera-samochodu-studio-tecza-20-500x333.jpg 500w, https:\/\/urbanflavour.pl\/wp-content\/uploads\/2021\/02\/fotografia-eventowa-premiera-samochodu-studio-tecza-20-830x553.jpg 830w, https:\/\/urbanflavour.pl\/wp-content\/uploads\/2021\/02\/fotografia-eventowa-premiera-samochodu-studio-tecza-20-1024x682.jpg 1024w, https:\/\/urbanflavour.pl\/wp-content\/uploads\/2021\/02\/fotografia-eventowa-premiera-samochodu-studio-tecza-20.jpg 1400w\" sizes=\"auto, (max-width: 500px) 100vw, 500px\" \/><\/a><\/figure><\/li><\/ul><\/figure>\n\n\n\n<figure class=\"wp-block-gallery columns-1 wp-block-gallery-8 is-layout-flex wp-block-gallery-is-layout-flex\"><ul class=\"blocks-gallery-grid\"><li class=\"blocks-gallery-item\"><figure><img loading=\"lazy\" decoding=\"async\" width=\"830\" height=\"554\" src=\"https:\/\/urbanflavour.pl\/wp-content\/uploads\/2021\/02\/fotografia-eventowa-premiera-samochodu-studio-tecza-29-830x554.jpg\" alt=\"The cook is seasoning the pan\" data-id=\"26790\" data-full-url=\"https:\/\/urbanflavour.pl\/wp-content\/uploads\/2021\/02\/fotografia-eventowa-premiera-samochodu-studio-tecza-29.jpg\" data-link=\"https:\/\/urbanflavour.pl\/fotografia-eventowa-premiera-samochodu-studio-tecza-29\/\" class=\"wp-image-26790\" title=\"Urbanflavour.pl\" srcset=\"https:\/\/urbanflavour.pl\/wp-content\/uploads\/2021\/02\/fotografia-eventowa-premiera-samochodu-studio-tecza-29-830x554.jpg 830w, https:\/\/urbanflavour.pl\/wp-content\/uploads\/2021\/02\/fotografia-eventowa-premiera-samochodu-studio-tecza-29-1024x684.jpg 1024w, https:\/\/urbanflavour.pl\/wp-content\/uploads\/2021\/02\/fotografia-eventowa-premiera-samochodu-studio-tecza-29-500x334.jpg 500w, https:\/\/urbanflavour.pl\/wp-content\/uploads\/2021\/02\/fotografia-eventowa-premiera-samochodu-studio-tecza-29.jpg 1400w\" sizes=\"auto, (max-width: 830px) 100vw, 830px\" \/><\/figure><\/li><\/ul><\/figure>\n\n\n\n<figure class=\"wp-block-gallery aligncenter columns-1 wp-block-gallery-9 is-layout-flex wp-block-gallery-is-layout-flex\"><ul class=\"blocks-gallery-grid\"><li class=\"blocks-gallery-item\"><figure><img loading=\"lazy\" decoding=\"async\" width=\"830\" height=\"554\" src=\"https:\/\/urbanflavour.pl\/wp-content\/uploads\/2021\/02\/fotografia-eventowa-premiera-samochodu-studio-tecza-33-830x554.jpg\" alt=\"people at the premiere of the car\" data-id=\"26798\" data-full-url=\"https:\/\/urbanflavour.pl\/wp-content\/uploads\/2021\/02\/fotografia-eventowa-premiera-samochodu-studio-tecza-33.jpg\" data-link=\"https:\/\/urbanflavour.pl\/fotografia-eventowa-premiera-samochodu-studio-tecza-33\/\" class=\"wp-image-26798\" title=\"Urbanflavour.pl\" srcset=\"https:\/\/urbanflavour.pl\/wp-content\/uploads\/2021\/02\/fotografia-eventowa-premiera-samochodu-studio-tecza-33-830x554.jpg 830w, https:\/\/urbanflavour.pl\/wp-content\/uploads\/2021\/02\/fotografia-eventowa-premiera-samochodu-studio-tecza-33-1024x684.jpg 1024w, https:\/\/urbanflavour.pl\/wp-content\/uploads\/2021\/02\/fotografia-eventowa-premiera-samochodu-studio-tecza-33-500x334.jpg 500w, https:\/\/urbanflavour.pl\/wp-content\/uploads\/2021\/02\/fotografia-eventowa-premiera-samochodu-studio-tecza-33.jpg 1400w\" sizes=\"auto, (max-width: 830px) 100vw, 830px\" \/><\/figure><\/li><\/ul><\/figure>\n\n\n\n<figure class=\"wp-block-gallery alignwide columns-2 is-cropped wp-block-gallery-10 is-layout-flex wp-block-gallery-is-layout-flex\"><ul class=\"blocks-gallery-grid\"><li class=\"blocks-gallery-item\"><figure><a href=\"https:\/\/urbanflavour.pl\/wp-content\/uploads\/2021\/02\/fotografia-eventowa-premiera-samochodu-studio-tecza-10-500x751.jpg\"><img loading=\"lazy\" decoding=\"async\" width=\"500\" height=\"751\" src=\"https:\/\/urbanflavour.pl\/wp-content\/uploads\/2021\/02\/fotografia-eventowa-premiera-samochodu-studio-tecza-10-500x751.jpg\" alt=\"r\u0119ka mieszaj\u0105ca l\u00f3d w drinkach\" data-id=\"26752\" data-full-url=\"https:\/\/urbanflavour.pl\/wp-content\/uploads\/2021\/02\/fotografia-eventowa-premiera-samochodu-studio-tecza-10.jpg\" data-link=\"https:\/\/urbanflavour.pl\/fotografia-eventowa-premiera-samochodu-studio-tecza-10\/\" class=\"wp-image-26752\" title=\"Urbanflavour.pl\" srcset=\"https:\/\/urbanflavour.pl\/wp-content\/uploads\/2021\/02\/fotografia-eventowa-premiera-samochodu-studio-tecza-10-500x751.jpg 500w, https:\/\/urbanflavour.pl\/wp-content\/uploads\/2021\/02\/fotografia-eventowa-premiera-samochodu-studio-tecza-10-830x1247.jpg 830w, https:\/\/urbanflavour.pl\/wp-content\/uploads\/2021\/02\/fotografia-eventowa-premiera-samochodu-studio-tecza-10-1024x1539.jpg 1024w, https:\/\/urbanflavour.pl\/wp-content\/uploads\/2021\/02\/fotografia-eventowa-premiera-samochodu-studio-tecza-10.jpg 1400w\" sizes=\"auto, (max-width: 500px) 100vw, 500px\" \/><\/a><\/figure><\/li><li class=\"blocks-gallery-item\"><figure><a href=\"https:\/\/urbanflavour.pl\/wp-content\/uploads\/2021\/02\/fotografia-eventowa-premiera-samochodu-studio-tecza-14-500x751.jpg\"><img loading=\"lazy\" decoding=\"async\" width=\"500\" height=\"751\" src=\"https:\/\/urbanflavour.pl\/wp-content\/uploads\/2021\/02\/fotografia-eventowa-premiera-samochodu-studio-tecza-14-500x751.jpg\" alt=\"Czarny kask i google na bia\u0142ej g\u0142owie manekina\" data-id=\"26760\" data-full-url=\"https:\/\/urbanflavour.pl\/wp-content\/uploads\/2021\/02\/fotografia-eventowa-premiera-samochodu-studio-tecza-14.jpg\" data-link=\"https:\/\/urbanflavour.pl\/fotografia-eventowa-premiera-samochodu-studio-tecza-14\/\" class=\"wp-image-26760\" title=\"Urbanflavour.pl\" srcset=\"https:\/\/urbanflavour.pl\/wp-content\/uploads\/2021\/02\/fotografia-eventowa-premiera-samochodu-studio-tecza-14-500x751.jpg 500w, https:\/\/urbanflavour.pl\/wp-content\/uploads\/2021\/02\/fotografia-eventowa-premiera-samochodu-studio-tecza-14-830x1247.jpg 830w, https:\/\/urbanflavour.pl\/wp-content\/uploads\/2021\/02\/fotografia-eventowa-premiera-samochodu-studio-tecza-14-1024x1539.jpg 1024w, https:\/\/urbanflavour.pl\/wp-content\/uploads\/2021\/02\/fotografia-eventowa-premiera-samochodu-studio-tecza-14.jpg 1400w\" sizes=\"auto, (max-width: 500px) 100vw, 500px\" \/><\/a><\/figure><\/li><\/ul><\/figure>\n\n\n\n<figure class=\"wp-block-gallery columns-1 wp-block-gallery-11 is-layout-flex wp-block-gallery-is-layout-flex\"><ul class=\"blocks-gallery-grid\"><li class=\"blocks-gallery-item\"><figure><img loading=\"lazy\" decoding=\"async\" width=\"830\" height=\"554\" src=\"https:\/\/urbanflavour.pl\/wp-content\/uploads\/2021\/02\/fotografia-eventowa-premiera-samochodu-studio-tecza-39-830x554.jpg\" alt=\"exhibition of clothes, headphones and bicycle in blue light in rainbow studio\" data-id=\"26810\" data-full-url=\"https:\/\/urbanflavour.pl\/wp-content\/uploads\/2021\/02\/fotografia-eventowa-premiera-samochodu-studio-tecza-39.jpg\" data-link=\"https:\/\/urbanflavour.pl\/fotografia-eventowa-premiera-samochodu-studio-tecza-39\/\" class=\"wp-image-26810\" title=\"Urbanflavour.pl\" srcset=\"https:\/\/urbanflavour.pl\/wp-content\/uploads\/2021\/02\/fotografia-eventowa-premiera-samochodu-studio-tecza-39-830x554.jpg 830w, https:\/\/urbanflavour.pl\/wp-content\/uploads\/2021\/02\/fotografia-eventowa-premiera-samochodu-studio-tecza-39-1024x684.jpg 1024w, https:\/\/urbanflavour.pl\/wp-content\/uploads\/2021\/02\/fotografia-eventowa-premiera-samochodu-studio-tecza-39-500x334.jpg 500w, https:\/\/urbanflavour.pl\/wp-content\/uploads\/2021\/02\/fotografia-eventowa-premiera-samochodu-studio-tecza-39.jpg 1400w\" sizes=\"auto, (max-width: 830px) 100vw, 830px\" \/><\/figure><\/li><\/ul><\/figure>\n\n\n\n<h2 class=\"wp-block-heading\">The new Volvo XC40<\/h2>\n\n\n\n<p class=\"has-text-align-justify\">The new Volvo premium SUV literally drove into the urban space prepared for the occasion, so that everyone could get to know it up close. A special attraction after the new Volvo was presented was the jazz concert of Wojtek Mazolewski who did a really great job, and by the way he turned out to be a really nice guy because we had a moment to exchange a few sentences.<\/p>\n\n\n\n<figure class=\"wp-block-gallery columns-1 is-cropped wp-block-gallery-12 is-layout-flex wp-block-gallery-is-layout-flex\"><ul class=\"blocks-gallery-grid\"><li class=\"blocks-gallery-item\"><figure><img loading=\"lazy\" decoding=\"async\" width=\"830\" height=\"553\" src=\"https:\/\/urbanflavour.pl\/wp-content\/uploads\/2021\/02\/fotografia-eventowa-premiera-samochodu-studio-tecza-8-830x553.jpg\" alt=\"stage leader\" data-id=\"26748\" data-full-url=\"https:\/\/urbanflavour.pl\/wp-content\/uploads\/2021\/02\/fotografia-eventowa-premiera-samochodu-studio-tecza-8.jpg\" data-link=\"https:\/\/urbanflavour.pl\/fotografia-eventowa-premiera-samochodu-studio-tecza-8\/\" class=\"wp-image-26748\" title=\"Urbanflavour.pl\" srcset=\"https:\/\/urbanflavour.pl\/wp-content\/uploads\/2021\/02\/fotografia-eventowa-premiera-samochodu-studio-tecza-8-830x553.jpg 830w, https:\/\/urbanflavour.pl\/wp-content\/uploads\/2021\/02\/fotografia-eventowa-premiera-samochodu-studio-tecza-8-1024x682.jpg 1024w, https:\/\/urbanflavour.pl\/wp-content\/uploads\/2021\/02\/fotografia-eventowa-premiera-samochodu-studio-tecza-8-500x333.jpg 500w, https:\/\/urbanflavour.pl\/wp-content\/uploads\/2021\/02\/fotografia-eventowa-premiera-samochodu-studio-tecza-8.jpg 1400w\" sizes=\"auto, (max-width: 830px) 100vw, 830px\" \/><\/figure><\/li><\/ul><\/figure>\n\n\n\n<figure class=\"wp-block-gallery alignwide columns-2 wp-block-gallery-13 is-layout-flex wp-block-gallery-is-layout-flex\"><ul class=\"blocks-gallery-grid\"><li class=\"blocks-gallery-item\"><figure><a href=\"https:\/\/urbanflavour.pl\/wp-content\/uploads\/2021\/02\/fotografia-eventowa-premiera-samochodu-studio-tecza-6-500x333.jpg\"><img loading=\"lazy\" decoding=\"async\" width=\"500\" height=\"333\" src=\"https:\/\/urbanflavour.pl\/wp-content\/uploads\/2021\/02\/fotografia-eventowa-premiera-samochodu-studio-tecza-6-500x333.jpg\" alt=\"Premiera samochodu Volvo XC40 w Studio T\u0119cza\" data-id=\"26744\" data-full-url=\"https:\/\/urbanflavour.pl\/wp-content\/uploads\/2021\/02\/fotografia-eventowa-premiera-samochodu-studio-tecza-6.jpg\" data-link=\"https:\/\/urbanflavour.pl\/fotografia-eventowa-premiera-samochodu-studio-tecza-6\/\" class=\"wp-image-26744\" title=\"Urbanflavour.pl\" srcset=\"https:\/\/urbanflavour.pl\/wp-content\/uploads\/2021\/02\/fotografia-eventowa-premiera-samochodu-studio-tecza-6-500x333.jpg 500w, https:\/\/urbanflavour.pl\/wp-content\/uploads\/2021\/02\/fotografia-eventowa-premiera-samochodu-studio-tecza-6-830x553.jpg 830w, https:\/\/urbanflavour.pl\/wp-content\/uploads\/2021\/02\/fotografia-eventowa-premiera-samochodu-studio-tecza-6-1024x682.jpg 1024w, https:\/\/urbanflavour.pl\/wp-content\/uploads\/2021\/02\/fotografia-eventowa-premiera-samochodu-studio-tecza-6.jpg 1400w\" sizes=\"auto, (max-width: 500px) 100vw, 500px\" \/><\/a><\/figure><\/li><li class=\"blocks-gallery-item\"><figure><a href=\"https:\/\/urbanflavour.pl\/wp-content\/uploads\/2021\/02\/fotografia-eventowa-premiera-samochodu-studio-tecza-5-500x333.jpg\"><img loading=\"lazy\" decoding=\"async\" width=\"500\" height=\"333\" src=\"https:\/\/urbanflavour.pl\/wp-content\/uploads\/2021\/02\/fotografia-eventowa-premiera-samochodu-studio-tecza-5-500x333.jpg\" alt=\"Premiera w studio t\u0119cza\" data-id=\"26742\" data-full-url=\"https:\/\/urbanflavour.pl\/wp-content\/uploads\/2021\/02\/fotografia-eventowa-premiera-samochodu-studio-tecza-5.jpg\" data-link=\"https:\/\/urbanflavour.pl\/fotografia-eventowa-premiera-samochodu-studio-tecza-5\/\" class=\"wp-image-26742\" title=\"Urbanflavour.pl\" srcset=\"https:\/\/urbanflavour.pl\/wp-content\/uploads\/2021\/02\/fotografia-eventowa-premiera-samochodu-studio-tecza-5-500x333.jpg 500w, https:\/\/urbanflavour.pl\/wp-content\/uploads\/2021\/02\/fotografia-eventowa-premiera-samochodu-studio-tecza-5-830x553.jpg 830w, https:\/\/urbanflavour.pl\/wp-content\/uploads\/2021\/02\/fotografia-eventowa-premiera-samochodu-studio-tecza-5-1024x682.jpg 1024w, https:\/\/urbanflavour.pl\/wp-content\/uploads\/2021\/02\/fotografia-eventowa-premiera-samochodu-studio-tecza-5.jpg 1400w\" sizes=\"auto, (max-width: 500px) 100vw, 500px\" \/><\/a><\/figure><\/li><\/ul><\/figure>\n\n\n\n<figure class=\"wp-block-gallery columns-1 wp-block-gallery-14 is-layout-flex wp-block-gallery-is-layout-flex\"><ul class=\"blocks-gallery-grid\"><li class=\"blocks-gallery-item\"><figure><img loading=\"lazy\" decoding=\"async\" width=\"830\" height=\"553\" src=\"https:\/\/urbanflavour.pl\/wp-content\/uploads\/2021\/02\/fotografia-eventowa-premiera-samochodu-studio-tecza-18-830x553.jpg\" alt=\"Blue balloons\" data-id=\"26768\" data-full-url=\"https:\/\/urbanflavour.pl\/wp-content\/uploads\/2021\/02\/fotografia-eventowa-premiera-samochodu-studio-tecza-18.jpg\" data-link=\"https:\/\/urbanflavour.pl\/fotografia-eventowa-premiera-samochodu-studio-tecza-18\/\" class=\"wp-image-26768\" title=\"Urbanflavour.pl\" srcset=\"https:\/\/urbanflavour.pl\/wp-content\/uploads\/2021\/02\/fotografia-eventowa-premiera-samochodu-studio-tecza-18-830x553.jpg 830w, https:\/\/urbanflavour.pl\/wp-content\/uploads\/2021\/02\/fotografia-eventowa-premiera-samochodu-studio-tecza-18-1024x682.jpg 1024w, https:\/\/urbanflavour.pl\/wp-content\/uploads\/2021\/02\/fotografia-eventowa-premiera-samochodu-studio-tecza-18-500x333.jpg 500w, https:\/\/urbanflavour.pl\/wp-content\/uploads\/2021\/02\/fotografia-eventowa-premiera-samochodu-studio-tecza-18.jpg 1400w\" sizes=\"auto, (max-width: 830px) 100vw, 830px\" \/><\/figure><\/li><li class=\"blocks-gallery-item\"><figure><img loading=\"lazy\" decoding=\"async\" width=\"830\" height=\"554\" src=\"https:\/\/urbanflavour.pl\/wp-content\/uploads\/2021\/02\/fotografia-eventowa-premiera-samochodu-studio-tecza-22-830x554.jpg\" alt=\"The host presents the new Volvo Xc40\" data-id=\"26776\" data-full-url=\"https:\/\/urbanflavour.pl\/wp-content\/uploads\/2021\/02\/fotografia-eventowa-premiera-samochodu-studio-tecza-22.jpg\" data-link=\"https:\/\/urbanflavour.pl\/fotografia-eventowa-premiera-samochodu-studio-tecza-22\/\" class=\"wp-image-26776\" title=\"Urbanflavour.pl\" srcset=\"https:\/\/urbanflavour.pl\/wp-content\/uploads\/2021\/02\/fotografia-eventowa-premiera-samochodu-studio-tecza-22-830x554.jpg 830w, https:\/\/urbanflavour.pl\/wp-content\/uploads\/2021\/02\/fotografia-eventowa-premiera-samochodu-studio-tecza-22-1024x684.jpg 1024w, https:\/\/urbanflavour.pl\/wp-content\/uploads\/2021\/02\/fotografia-eventowa-premiera-samochodu-studio-tecza-22-500x334.jpg 500w, https:\/\/urbanflavour.pl\/wp-content\/uploads\/2021\/02\/fotografia-eventowa-premiera-samochodu-studio-tecza-22.jpg 1400w\" sizes=\"auto, (max-width: 830px) 100vw, 830px\" \/><\/figure><\/li><\/ul><\/figure>\n\n\n\n<figure class=\"wp-block-gallery alignwide columns-3 wp-block-gallery-15 is-layout-flex wp-block-gallery-is-layout-flex\"><ul class=\"blocks-gallery-grid\"><li class=\"blocks-gallery-item\"><figure><a href=\"https:\/\/urbanflavour.pl\/wp-content\/uploads\/2021\/02\/fotografia-eventowa-premiera-samochodu-studio-tecza-17-500x334.jpg\"><img loading=\"lazy\" decoding=\"async\" width=\"500\" height=\"334\" src=\"https:\/\/urbanflavour.pl\/wp-content\/uploads\/2021\/02\/fotografia-eventowa-premiera-samochodu-studio-tecza-17-500x334.jpg\" alt=\"Pokaz laserowy na premierze Volvo\" data-id=\"26766\" data-full-url=\"https:\/\/urbanflavour.pl\/wp-content\/uploads\/2021\/02\/fotografia-eventowa-premiera-samochodu-studio-tecza-17.jpg\" data-link=\"https:\/\/urbanflavour.pl\/fotografia-eventowa-premiera-samochodu-studio-tecza-17\/\" class=\"wp-image-26766\" title=\"Urbanflavour.pl\" srcset=\"https:\/\/urbanflavour.pl\/wp-content\/uploads\/2021\/02\/fotografia-eventowa-premiera-samochodu-studio-tecza-17-500x334.jpg 500w, https:\/\/urbanflavour.pl\/wp-content\/uploads\/2021\/02\/fotografia-eventowa-premiera-samochodu-studio-tecza-17-830x554.jpg 830w, https:\/\/urbanflavour.pl\/wp-content\/uploads\/2021\/02\/fotografia-eventowa-premiera-samochodu-studio-tecza-17-1024x684.jpg 1024w, https:\/\/urbanflavour.pl\/wp-content\/uploads\/2021\/02\/fotografia-eventowa-premiera-samochodu-studio-tecza-17.jpg 1400w\" sizes=\"auto, (max-width: 500px) 100vw, 500px\" \/><\/a><\/figure><\/li><li class=\"blocks-gallery-item\"><figure><a href=\"https:\/\/urbanflavour.pl\/wp-content\/uploads\/2021\/02\/fotografia-eventowa-premiera-samochodu-studio-tecza-19-500x334.jpg\"><img loading=\"lazy\" decoding=\"async\" width=\"500\" height=\"334\" src=\"https:\/\/urbanflavour.pl\/wp-content\/uploads\/2021\/02\/fotografia-eventowa-premiera-samochodu-studio-tecza-19-500x334.jpg\" alt=\"Ods\u0142oni\u0119cie nowego samochodu\" data-id=\"26770\" data-full-url=\"https:\/\/urbanflavour.pl\/wp-content\/uploads\/2021\/02\/fotografia-eventowa-premiera-samochodu-studio-tecza-19.jpg\" data-link=\"https:\/\/urbanflavour.pl\/fotografia-eventowa-premiera-samochodu-studio-tecza-19\/\" class=\"wp-image-26770\" title=\"Urbanflavour.pl\" srcset=\"https:\/\/urbanflavour.pl\/wp-content\/uploads\/2021\/02\/fotografia-eventowa-premiera-samochodu-studio-tecza-19-500x334.jpg 500w, https:\/\/urbanflavour.pl\/wp-content\/uploads\/2021\/02\/fotografia-eventowa-premiera-samochodu-studio-tecza-19-830x554.jpg 830w, https:\/\/urbanflavour.pl\/wp-content\/uploads\/2021\/02\/fotografia-eventowa-premiera-samochodu-studio-tecza-19-1024x684.jpg 1024w, https:\/\/urbanflavour.pl\/wp-content\/uploads\/2021\/02\/fotografia-eventowa-premiera-samochodu-studio-tecza-19.jpg 1400w\" sizes=\"auto, (max-width: 500px) 100vw, 500px\" \/><\/a><\/figure><\/li><li class=\"blocks-gallery-item\"><figure><a href=\"https:\/\/urbanflavour.pl\/wp-content\/uploads\/2021\/02\/fotografia-eventowa-premiera-samochodu-studio-tecza-21-500x334.jpg\"><img loading=\"lazy\" decoding=\"async\" width=\"500\" height=\"334\" src=\"https:\/\/urbanflavour.pl\/wp-content\/uploads\/2021\/02\/fotografia-eventowa-premiera-samochodu-studio-tecza-21-500x334.jpg\" alt=\"Premiera w studio volvo\" data-id=\"26774\" data-full-url=\"https:\/\/urbanflavour.pl\/wp-content\/uploads\/2021\/02\/fotografia-eventowa-premiera-samochodu-studio-tecza-21.jpg\" data-link=\"https:\/\/urbanflavour.pl\/fotografia-eventowa-premiera-samochodu-studio-tecza-21\/\" class=\"wp-image-26774\" title=\"Urbanflavour.pl\" srcset=\"https:\/\/urbanflavour.pl\/wp-content\/uploads\/2021\/02\/fotografia-eventowa-premiera-samochodu-studio-tecza-21-500x334.jpg 500w, https:\/\/urbanflavour.pl\/wp-content\/uploads\/2021\/02\/fotografia-eventowa-premiera-samochodu-studio-tecza-21-830x554.jpg 830w, https:\/\/urbanflavour.pl\/wp-content\/uploads\/2021\/02\/fotografia-eventowa-premiera-samochodu-studio-tecza-21-1024x684.jpg 1024w, https:\/\/urbanflavour.pl\/wp-content\/uploads\/2021\/02\/fotografia-eventowa-premiera-samochodu-studio-tecza-21.jpg 1400w\" sizes=\"auto, (max-width: 500px) 100vw, 500px\" \/><\/a><\/figure><\/li><\/ul><\/figure>\n\n\n\n<figure class=\"wp-block-gallery alignwide columns-2 wp-block-gallery-16 is-layout-flex wp-block-gallery-is-layout-flex\"><ul class=\"blocks-gallery-grid\"><li class=\"blocks-gallery-item\"><figure><a href=\"https:\/\/urbanflavour.pl\/wp-content\/uploads\/2021\/02\/fotografia-eventowa-premiera-samochodu-studio-tecza-16-500x749.jpg\"><img loading=\"lazy\" decoding=\"async\" width=\"500\" height=\"749\" src=\"https:\/\/urbanflavour.pl\/wp-content\/uploads\/2021\/02\/fotografia-eventowa-premiera-samochodu-studio-tecza-16-500x749.jpg\" alt=\"Ods\u0142oni\u0119cie nowego samochodu\" data-id=\"26764\" data-full-url=\"https:\/\/urbanflavour.pl\/wp-content\/uploads\/2021\/02\/fotografia-eventowa-premiera-samochodu-studio-tecza-16.jpg\" data-link=\"https:\/\/urbanflavour.pl\/fotografia-eventowa-premiera-samochodu-studio-tecza-16\/\" class=\"wp-image-26764\" title=\"Urbanflavour.pl\" srcset=\"https:\/\/urbanflavour.pl\/wp-content\/uploads\/2021\/02\/fotografia-eventowa-premiera-samochodu-studio-tecza-16-500x749.jpg 500w, https:\/\/urbanflavour.pl\/wp-content\/uploads\/2021\/02\/fotografia-eventowa-premiera-samochodu-studio-tecza-16-830x1243.jpg 830w, https:\/\/urbanflavour.pl\/wp-content\/uploads\/2021\/02\/fotografia-eventowa-premiera-samochodu-studio-tecza-16-1024x1534.jpg 1024w, https:\/\/urbanflavour.pl\/wp-content\/uploads\/2021\/02\/fotografia-eventowa-premiera-samochodu-studio-tecza-16.jpg 1400w\" sizes=\"auto, (max-width: 500px) 100vw, 500px\" \/><\/a><\/figure><\/li><li class=\"blocks-gallery-item\"><figure><a href=\"https:\/\/urbanflavour.pl\/wp-content\/uploads\/2021\/02\/fotografia-eventowa-premiera-samochodu-studio-tecza-11-500x751.jpg\"><img loading=\"lazy\" decoding=\"async\" width=\"500\" height=\"751\" src=\"https:\/\/urbanflavour.pl\/wp-content\/uploads\/2021\/02\/fotografia-eventowa-premiera-samochodu-studio-tecza-11-500x751.jpg\" alt=\"publiczno\u015b\u0107 na premierze Volvo\" data-id=\"26754\" data-full-url=\"https:\/\/urbanflavour.pl\/wp-content\/uploads\/2021\/02\/fotografia-eventowa-premiera-samochodu-studio-tecza-11.jpg\" data-link=\"https:\/\/urbanflavour.pl\/fotografia-eventowa-premiera-samochodu-studio-tecza-11\/\" class=\"wp-image-26754\" title=\"Urbanflavour.pl\" srcset=\"https:\/\/urbanflavour.pl\/wp-content\/uploads\/2021\/02\/fotografia-eventowa-premiera-samochodu-studio-tecza-11-500x751.jpg 500w, https:\/\/urbanflavour.pl\/wp-content\/uploads\/2021\/02\/fotografia-eventowa-premiera-samochodu-studio-tecza-11-830x1247.jpg 830w, https:\/\/urbanflavour.pl\/wp-content\/uploads\/2021\/02\/fotografia-eventowa-premiera-samochodu-studio-tecza-11-1024x1539.jpg 1024w, https:\/\/urbanflavour.pl\/wp-content\/uploads\/2021\/02\/fotografia-eventowa-premiera-samochodu-studio-tecza-11.jpg 1400w\" sizes=\"auto, (max-width: 500px) 100vw, 500px\" \/><\/a><\/figure><\/li><\/ul><\/figure>\n\n\n\n<figure class=\"wp-block-gallery alignwide columns-1 wp-block-gallery-17 is-layout-flex wp-block-gallery-is-layout-flex\"><ul class=\"blocks-gallery-grid\"><li class=\"blocks-gallery-item\"><figure><img loading=\"lazy\" decoding=\"async\" width=\"1024\" height=\"684\" src=\"https:\/\/urbanflavour.pl\/wp-content\/uploads\/2021\/02\/fotografia-eventowa-premiera-samochodu-studio-tecza-23-1024x684.jpg\" alt=\"Volvo XC40 on stage in the rainbow studio\" data-id=\"26778\" data-full-url=\"https:\/\/urbanflavour.pl\/wp-content\/uploads\/2021\/02\/fotografia-eventowa-premiera-samochodu-studio-tecza-23.jpg\" data-link=\"https:\/\/urbanflavour.pl\/fotografia-eventowa-premiera-samochodu-studio-tecza-23\/\" class=\"wp-image-26778\" title=\"Urbanflavour.pl\" srcset=\"https:\/\/urbanflavour.pl\/wp-content\/uploads\/2021\/02\/fotografia-eventowa-premiera-samochodu-studio-tecza-23-1024x684.jpg 1024w, https:\/\/urbanflavour.pl\/wp-content\/uploads\/2021\/02\/fotografia-eventowa-premiera-samochodu-studio-tecza-23-830x554.jpg 830w, https:\/\/urbanflavour.pl\/wp-content\/uploads\/2021\/02\/fotografia-eventowa-premiera-samochodu-studio-tecza-23-500x334.jpg 500w, https:\/\/urbanflavour.pl\/wp-content\/uploads\/2021\/02\/fotografia-eventowa-premiera-samochodu-studio-tecza-23.jpg 1400w\" sizes=\"auto, (max-width: 1024px) 100vw, 1024px\" \/><\/figure><\/li><\/ul><\/figure>\n\n\n\n<figure class=\"wp-block-gallery columns-1 wp-block-gallery-18 is-layout-flex wp-block-gallery-is-layout-flex\"><ul class=\"blocks-gallery-grid\"><li class=\"blocks-gallery-item\"><figure><img loading=\"lazy\" decoding=\"async\" width=\"830\" height=\"554\" src=\"https:\/\/urbanflavour.pl\/wp-content\/uploads\/2021\/02\/fotografia-eventowa-premiera-samochodu-studio-tecza-25-830x554.jpg\" alt=\"The crowd attends the premiere of the new Volvo XC40\" data-id=\"26782\" data-full-url=\"https:\/\/urbanflavour.pl\/wp-content\/uploads\/2021\/02\/fotografia-eventowa-premiera-samochodu-studio-tecza-25.jpg\" data-link=\"https:\/\/urbanflavour.pl\/fotografia-eventowa-premiera-samochodu-studio-tecza-25\/\" class=\"wp-image-26782\" title=\"Urbanflavour.pl\" srcset=\"https:\/\/urbanflavour.pl\/wp-content\/uploads\/2021\/02\/fotografia-eventowa-premiera-samochodu-studio-tecza-25-830x554.jpg 830w, https:\/\/urbanflavour.pl\/wp-content\/uploads\/2021\/02\/fotografia-eventowa-premiera-samochodu-studio-tecza-25-1024x684.jpg 1024w, https:\/\/urbanflavour.pl\/wp-content\/uploads\/2021\/02\/fotografia-eventowa-premiera-samochodu-studio-tecza-25-500x334.jpg 500w, https:\/\/urbanflavour.pl\/wp-content\/uploads\/2021\/02\/fotografia-eventowa-premiera-samochodu-studio-tecza-25.jpg 1400w\" sizes=\"auto, (max-width: 830px) 100vw, 830px\" \/><\/figure><\/li><\/ul><\/figure>\n\n\n\n<figure class=\"wp-block-gallery alignwide columns-2 is-cropped wp-block-gallery-19 is-layout-flex wp-block-gallery-is-layout-flex\"><ul class=\"blocks-gallery-grid\"><li class=\"blocks-gallery-item\"><figure><a href=\"https:\/\/urbanflavour.pl\/wp-content\/uploads\/2021\/02\/fotografia-eventowa-premiera-samochodu-studio-tecza-38-500x334.jpg\"><img loading=\"lazy\" decoding=\"async\" width=\"500\" height=\"334\" src=\"https:\/\/urbanflavour.pl\/wp-content\/uploads\/2021\/02\/fotografia-eventowa-premiera-samochodu-studio-tecza-38-500x334.jpg\" alt=\"m\u0119\u017cczyzna i kobieta otwieraj\u0105 baga\u017cnik auta\" data-id=\"26808\" data-full-url=\"https:\/\/urbanflavour.pl\/wp-content\/uploads\/2021\/02\/fotografia-eventowa-premiera-samochodu-studio-tecza-38.jpg\" data-link=\"https:\/\/urbanflavour.pl\/fotografia-eventowa-premiera-samochodu-studio-tecza-38\/\" class=\"wp-image-26808\" title=\"Urbanflavour.pl\" srcset=\"https:\/\/urbanflavour.pl\/wp-content\/uploads\/2021\/02\/fotografia-eventowa-premiera-samochodu-studio-tecza-38-500x334.jpg 500w, https:\/\/urbanflavour.pl\/wp-content\/uploads\/2021\/02\/fotografia-eventowa-premiera-samochodu-studio-tecza-38-830x554.jpg 830w, https:\/\/urbanflavour.pl\/wp-content\/uploads\/2021\/02\/fotografia-eventowa-premiera-samochodu-studio-tecza-38-1024x684.jpg 1024w, https:\/\/urbanflavour.pl\/wp-content\/uploads\/2021\/02\/fotografia-eventowa-premiera-samochodu-studio-tecza-38.jpg 1400w\" sizes=\"auto, (max-width: 500px) 100vw, 500px\" \/><\/a><\/figure><\/li><li class=\"blocks-gallery-item\"><figure><a href=\"https:\/\/urbanflavour.pl\/wp-content\/uploads\/2021\/02\/fotografia-eventowa-premiera-samochodu-studio-tecza-28-500x334.jpg\"><img loading=\"lazy\" decoding=\"async\" width=\"500\" height=\"334\" src=\"https:\/\/urbanflavour.pl\/wp-content\/uploads\/2021\/02\/fotografia-eventowa-premiera-samochodu-studio-tecza-28-500x334.jpg\" alt=\"m\u0119\u017cczy\u017cni ogl\u0105daj\u0105 baga\u017cnik auta\" data-id=\"26788\" data-full-url=\"https:\/\/urbanflavour.pl\/wp-content\/uploads\/2021\/02\/fotografia-eventowa-premiera-samochodu-studio-tecza-28.jpg\" data-link=\"https:\/\/urbanflavour.pl\/fotografia-eventowa-premiera-samochodu-studio-tecza-28\/\" class=\"wp-image-26788\" title=\"Urbanflavour.pl\" srcset=\"https:\/\/urbanflavour.pl\/wp-content\/uploads\/2021\/02\/fotografia-eventowa-premiera-samochodu-studio-tecza-28-500x334.jpg 500w, https:\/\/urbanflavour.pl\/wp-content\/uploads\/2021\/02\/fotografia-eventowa-premiera-samochodu-studio-tecza-28-830x554.jpg 830w, https:\/\/urbanflavour.pl\/wp-content\/uploads\/2021\/02\/fotografia-eventowa-premiera-samochodu-studio-tecza-28-1024x684.jpg 1024w, https:\/\/urbanflavour.pl\/wp-content\/uploads\/2021\/02\/fotografia-eventowa-premiera-samochodu-studio-tecza-28.jpg 1400w\" sizes=\"auto, (max-width: 500px) 100vw, 500px\" \/><\/a><\/figure><\/li><\/ul><\/figure>\n\n\n\n<figure class=\"wp-block-gallery aligncenter columns-1 is-cropped wp-block-gallery-20 is-layout-flex wp-block-gallery-is-layout-flex\"><ul class=\"blocks-gallery-grid\"><li class=\"blocks-gallery-item\"><figure><img loading=\"lazy\" decoding=\"async\" width=\"830\" height=\"554\" src=\"https:\/\/urbanflavour.pl\/wp-content\/uploads\/2021\/02\/fotografia-eventowa-premiera-samochodu-studio-tecza-35-830x554.jpg\" alt=\"Volvo XC40 interior\" data-id=\"26802\" data-full-url=\"https:\/\/urbanflavour.pl\/wp-content\/uploads\/2021\/02\/fotografia-eventowa-premiera-samochodu-studio-tecza-35.jpg\" data-link=\"https:\/\/urbanflavour.pl\/fotografia-eventowa-premiera-samochodu-studio-tecza-35\/\" class=\"wp-image-26802\" title=\"Urbanflavour.pl\" srcset=\"https:\/\/urbanflavour.pl\/wp-content\/uploads\/2021\/02\/fotografia-eventowa-premiera-samochodu-studio-tecza-35-830x554.jpg 830w, https:\/\/urbanflavour.pl\/wp-content\/uploads\/2021\/02\/fotografia-eventowa-premiera-samochodu-studio-tecza-35-1024x684.jpg 1024w, https:\/\/urbanflavour.pl\/wp-content\/uploads\/2021\/02\/fotografia-eventowa-premiera-samochodu-studio-tecza-35-500x334.jpg 500w, https:\/\/urbanflavour.pl\/wp-content\/uploads\/2021\/02\/fotografia-eventowa-premiera-samochodu-studio-tecza-35.jpg 1400w\" sizes=\"auto, (max-width: 830px) 100vw, 830px\" \/><\/figure><\/li><\/ul><\/figure>\n\n\n\n<figure class=\"wp-block-gallery alignwide columns-1 is-cropped wp-block-gallery-21 is-layout-flex wp-block-gallery-is-layout-flex\"><ul class=\"blocks-gallery-grid\"><li class=\"blocks-gallery-item\"><figure><img loading=\"lazy\" decoding=\"async\" width=\"1024\" height=\"684\" src=\"https:\/\/urbanflavour.pl\/wp-content\/uploads\/2021\/02\/fotografia-eventowa-premiera-samochodu-studio-tecza-37-1024x684.jpg\" alt=\"Jazz concert by Wojtek Mazolewski at the premiere of Volvo in the rainbow studio\" data-id=\"26806\" data-full-url=\"https:\/\/urbanflavour.pl\/wp-content\/uploads\/2021\/02\/fotografia-eventowa-premiera-samochodu-studio-tecza-37.jpg\" data-link=\"https:\/\/urbanflavour.pl\/fotografia-eventowa-premiera-samochodu-studio-tecza-37\/\" class=\"wp-image-26806\" title=\"Urbanflavour.pl\" srcset=\"https:\/\/urbanflavour.pl\/wp-content\/uploads\/2021\/02\/fotografia-eventowa-premiera-samochodu-studio-tecza-37-1024x684.jpg 1024w, https:\/\/urbanflavour.pl\/wp-content\/uploads\/2021\/02\/fotografia-eventowa-premiera-samochodu-studio-tecza-37-830x554.jpg 830w, https:\/\/urbanflavour.pl\/wp-content\/uploads\/2021\/02\/fotografia-eventowa-premiera-samochodu-studio-tecza-37-500x334.jpg 500w, https:\/\/urbanflavour.pl\/wp-content\/uploads\/2021\/02\/fotografia-eventowa-premiera-samochodu-studio-tecza-37.jpg 1400w\" sizes=\"auto, (max-width: 1024px) 100vw, 1024px\" \/><\/figure><\/li><\/ul><\/figure>\n\n\n\n<figure class=\"wp-block-gallery columns-3 wp-block-gallery-22 is-layout-flex wp-block-gallery-is-layout-flex\"><ul class=\"blocks-gallery-grid\"><li class=\"blocks-gallery-item\"><figure><a href=\"https:\/\/urbanflavour.pl\/wp-content\/uploads\/2021\/02\/fotografia-eventowa-premiera-samochodu-studio-tecza-13-500x751.jpg\"><img loading=\"lazy\" decoding=\"async\" width=\"500\" height=\"751\" src=\"https:\/\/urbanflavour.pl\/wp-content\/uploads\/2021\/02\/fotografia-eventowa-premiera-samochodu-studio-tecza-13-500x751.jpg\" alt=\"kobieta z drinkiem w czerwonej sukience\" data-id=\"26758\" data-full-url=\"https:\/\/urbanflavour.pl\/wp-content\/uploads\/2021\/02\/fotografia-eventowa-premiera-samochodu-studio-tecza-13.jpg\" data-link=\"https:\/\/urbanflavour.pl\/fotografia-eventowa-premiera-samochodu-studio-tecza-13\/\" class=\"wp-image-26758\" title=\"Urbanflavour.pl\" srcset=\"https:\/\/urbanflavour.pl\/wp-content\/uploads\/2021\/02\/fotografia-eventowa-premiera-samochodu-studio-tecza-13-500x751.jpg 500w, https:\/\/urbanflavour.pl\/wp-content\/uploads\/2021\/02\/fotografia-eventowa-premiera-samochodu-studio-tecza-13-830x1247.jpg 830w, https:\/\/urbanflavour.pl\/wp-content\/uploads\/2021\/02\/fotografia-eventowa-premiera-samochodu-studio-tecza-13-1024x1539.jpg 1024w, https:\/\/urbanflavour.pl\/wp-content\/uploads\/2021\/02\/fotografia-eventowa-premiera-samochodu-studio-tecza-13.jpg 1400w\" sizes=\"auto, (max-width: 500px) 100vw, 500px\" \/><\/a><\/figure><\/li><li class=\"blocks-gallery-item\"><figure><a href=\"https:\/\/urbanflavour.pl\/wp-content\/uploads\/2021\/02\/fotografia-eventowa-premiera-samochodu-studio-tecza-27-500x751.jpg\"><img loading=\"lazy\" decoding=\"async\" width=\"500\" height=\"751\" src=\"https:\/\/urbanflavour.pl\/wp-content\/uploads\/2021\/02\/fotografia-eventowa-premiera-samochodu-studio-tecza-27-500x751.jpg\" alt=\"hostessa z kr\u0119conymi w\u0142osami przy samochodzie\" data-id=\"26786\" data-full-url=\"https:\/\/urbanflavour.pl\/wp-content\/uploads\/2021\/02\/fotografia-eventowa-premiera-samochodu-studio-tecza-27.jpg\" data-link=\"https:\/\/urbanflavour.pl\/fotografia-eventowa-premiera-samochodu-studio-tecza-27\/\" class=\"wp-image-26786\" title=\"Urbanflavour.pl\" srcset=\"https:\/\/urbanflavour.pl\/wp-content\/uploads\/2021\/02\/fotografia-eventowa-premiera-samochodu-studio-tecza-27-500x751.jpg 500w, https:\/\/urbanflavour.pl\/wp-content\/uploads\/2021\/02\/fotografia-eventowa-premiera-samochodu-studio-tecza-27-830x1247.jpg 830w, https:\/\/urbanflavour.pl\/wp-content\/uploads\/2021\/02\/fotografia-eventowa-premiera-samochodu-studio-tecza-27-1024x1539.jpg 1024w, https:\/\/urbanflavour.pl\/wp-content\/uploads\/2021\/02\/fotografia-eventowa-premiera-samochodu-studio-tecza-27.jpg 1400w\" sizes=\"auto, (max-width: 500px) 100vw, 500px\" \/><\/a><\/figure><\/li><li class=\"blocks-gallery-item\"><figure><a href=\"https:\/\/urbanflavour.pl\/wp-content\/uploads\/2021\/02\/fotografia-eventowa-premiera-samochodu-studio-tecza-26-500x751.jpg\"><img loading=\"lazy\" decoding=\"async\" width=\"500\" height=\"751\" src=\"https:\/\/urbanflavour.pl\/wp-content\/uploads\/2021\/02\/fotografia-eventowa-premiera-samochodu-studio-tecza-26-500x751.jpg\" alt=\"hostessa przy samochodzie\" data-id=\"26784\" data-full-url=\"https:\/\/urbanflavour.pl\/wp-content\/uploads\/2021\/02\/fotografia-eventowa-premiera-samochodu-studio-tecza-26.jpg\" data-link=\"https:\/\/urbanflavour.pl\/fotografia-eventowa-premiera-samochodu-studio-tecza-26\/\" class=\"wp-image-26784\" title=\"Urbanflavour.pl\" srcset=\"https:\/\/urbanflavour.pl\/wp-content\/uploads\/2021\/02\/fotografia-eventowa-premiera-samochodu-studio-tecza-26-500x751.jpg 500w, https:\/\/urbanflavour.pl\/wp-content\/uploads\/2021\/02\/fotografia-eventowa-premiera-samochodu-studio-tecza-26-830x1247.jpg 830w, https:\/\/urbanflavour.pl\/wp-content\/uploads\/2021\/02\/fotografia-eventowa-premiera-samochodu-studio-tecza-26-1024x1539.jpg 1024w, https:\/\/urbanflavour.pl\/wp-content\/uploads\/2021\/02\/fotografia-eventowa-premiera-samochodu-studio-tecza-26.jpg 1400w\" sizes=\"auto, (max-width: 500px) 100vw, 500px\" \/><\/a><\/figure><\/li><\/ul><\/figure>\n\n\n\n<figure class=\"wp-block-gallery alignwide columns-1 wp-block-gallery-23 is-layout-flex wp-block-gallery-is-layout-flex\"><ul class=\"blocks-gallery-grid\"><li class=\"blocks-gallery-item\"><figure><img loading=\"lazy\" decoding=\"async\" width=\"1024\" height=\"682\" src=\"https:\/\/urbanflavour.pl\/wp-content\/uploads\/2021\/02\/fotografia-eventowa-premiera-samochodu-studio-tecza-9-1024x682.jpg\" alt=\"Men looking at the hood of a car\" data-id=\"26750\" data-full-url=\"https:\/\/urbanflavour.pl\/wp-content\/uploads\/2021\/02\/fotografia-eventowa-premiera-samochodu-studio-tecza-9.jpg\" data-link=\"https:\/\/urbanflavour.pl\/fotografia-eventowa-premiera-samochodu-studio-tecza-9\/\" class=\"wp-image-26750\" title=\"Urbanflavour.pl\" srcset=\"https:\/\/urbanflavour.pl\/wp-content\/uploads\/2021\/02\/fotografia-eventowa-premiera-samochodu-studio-tecza-9-1024x682.jpg 1024w, https:\/\/urbanflavour.pl\/wp-content\/uploads\/2021\/02\/fotografia-eventowa-premiera-samochodu-studio-tecza-9-830x553.jpg 830w, https:\/\/urbanflavour.pl\/wp-content\/uploads\/2021\/02\/fotografia-eventowa-premiera-samochodu-studio-tecza-9-500x333.jpg 500w, https:\/\/urbanflavour.pl\/wp-content\/uploads\/2021\/02\/fotografia-eventowa-premiera-samochodu-studio-tecza-9.jpg 1400w\" sizes=\"auto, (max-width: 1024px) 100vw, 1024px\" \/><\/figure><\/li><\/ul><\/figure>\n\n\n\n<figure class=\"wp-block-gallery columns-2 wp-block-gallery-24 is-layout-flex wp-block-gallery-is-layout-flex\"><ul class=\"blocks-gallery-grid\"><li class=\"blocks-gallery-item\"><figure><a href=\"https:\/\/urbanflavour.pl\/wp-content\/uploads\/2021\/02\/fotografia-eventowa-premiera-samochodu-studio-tecza-24-500x333.jpg\"><img loading=\"lazy\" decoding=\"async\" width=\"500\" height=\"333\" src=\"https:\/\/urbanflavour.pl\/wp-content\/uploads\/2021\/02\/fotografia-eventowa-premiera-samochodu-studio-tecza-24-500x333.jpg\" alt=\"automatyczna skrzynia bieg\u00f3w w volvo XC40\" data-id=\"26780\" data-full-url=\"https:\/\/urbanflavour.pl\/wp-content\/uploads\/2021\/02\/fotografia-eventowa-premiera-samochodu-studio-tecza-24.jpg\" data-link=\"https:\/\/urbanflavour.pl\/fotografia-eventowa-premiera-samochodu-studio-tecza-24\/\" class=\"wp-image-26780\" title=\"Urbanflavour.pl\" srcset=\"https:\/\/urbanflavour.pl\/wp-content\/uploads\/2021\/02\/fotografia-eventowa-premiera-samochodu-studio-tecza-24-500x333.jpg 500w, https:\/\/urbanflavour.pl\/wp-content\/uploads\/2021\/02\/fotografia-eventowa-premiera-samochodu-studio-tecza-24-830x553.jpg 830w, https:\/\/urbanflavour.pl\/wp-content\/uploads\/2021\/02\/fotografia-eventowa-premiera-samochodu-studio-tecza-24-1024x682.jpg 1024w, https:\/\/urbanflavour.pl\/wp-content\/uploads\/2021\/02\/fotografia-eventowa-premiera-samochodu-studio-tecza-24.jpg 1400w\" sizes=\"auto, (max-width: 500px) 100vw, 500px\" \/><\/a><\/figure><\/li><li class=\"blocks-gallery-item\"><figure><a href=\"https:\/\/urbanflavour.pl\/wp-content\/uploads\/2021\/02\/fotografia-eventowa-premiera-samochodu-studio-tecza-7-500x333.jpg\"><img loading=\"lazy\" decoding=\"async\" width=\"500\" height=\"333\" src=\"https:\/\/urbanflavour.pl\/wp-content\/uploads\/2021\/02\/fotografia-eventowa-premiera-samochodu-studio-tecza-7-500x333.jpg\" alt=\"Wn\u0119trze Volvo XC40\" data-id=\"26746\" data-full-url=\"https:\/\/urbanflavour.pl\/wp-content\/uploads\/2021\/02\/fotografia-eventowa-premiera-samochodu-studio-tecza-7.jpg\" data-link=\"https:\/\/urbanflavour.pl\/fotografia-eventowa-premiera-samochodu-studio-tecza-7\/\" class=\"wp-image-26746\" title=\"Urbanflavour.pl\" srcset=\"https:\/\/urbanflavour.pl\/wp-content\/uploads\/2021\/02\/fotografia-eventowa-premiera-samochodu-studio-tecza-7-500x333.jpg 500w, https:\/\/urbanflavour.pl\/wp-content\/uploads\/2021\/02\/fotografia-eventowa-premiera-samochodu-studio-tecza-7-830x553.jpg 830w, https:\/\/urbanflavour.pl\/wp-content\/uploads\/2021\/02\/fotografia-eventowa-premiera-samochodu-studio-tecza-7-1024x682.jpg 1024w, https:\/\/urbanflavour.pl\/wp-content\/uploads\/2021\/02\/fotografia-eventowa-premiera-samochodu-studio-tecza-7.jpg 1400w\" sizes=\"auto, (max-width: 500px) 100vw, 500px\" \/><\/a><\/figure><\/li><\/ul><\/figure>\n\n\n\n<figure class=\"wp-block-gallery alignwide columns-1 wp-block-gallery-25 is-layout-flex wp-block-gallery-is-layout-flex\"><ul class=\"blocks-gallery-grid\"><li class=\"blocks-gallery-item\"><figure><img loading=\"lazy\" decoding=\"async\" width=\"1024\" height=\"684\" src=\"https:\/\/urbanflavour.pl\/wp-content\/uploads\/2021\/02\/fotografia-eventowa-premiera-samochodu-studio-tecza-30-1024x684.jpg\" alt=\"The red Volvo XC40\" data-id=\"26792\" data-full-url=\"https:\/\/urbanflavour.pl\/wp-content\/uploads\/2021\/02\/fotografia-eventowa-premiera-samochodu-studio-tecza-30.jpg\" data-link=\"https:\/\/urbanflavour.pl\/fotografia-eventowa-premiera-samochodu-studio-tecza-30\/\" class=\"wp-image-26792\" title=\"Urbanflavour.pl\" srcset=\"https:\/\/urbanflavour.pl\/wp-content\/uploads\/2021\/02\/fotografia-eventowa-premiera-samochodu-studio-tecza-30-1024x684.jpg 1024w, https:\/\/urbanflavour.pl\/wp-content\/uploads\/2021\/02\/fotografia-eventowa-premiera-samochodu-studio-tecza-30-830x554.jpg 830w, https:\/\/urbanflavour.pl\/wp-content\/uploads\/2021\/02\/fotografia-eventowa-premiera-samochodu-studio-tecza-30-500x334.jpg 500w, https:\/\/urbanflavour.pl\/wp-content\/uploads\/2021\/02\/fotografia-eventowa-premiera-samochodu-studio-tecza-30.jpg 1400w\" sizes=\"auto, (max-width: 1024px) 100vw, 1024px\" \/><\/figure><\/li><\/ul><\/figure>\n","protected":false},"excerpt":{"rendered":"<p>Premiere of the new mid-size premium Volvo XC40 by the TESTA Communications agency at Studio Rainbow.<\/p>\n","protected":false},"author":1,"featured_media":26813,"comment_status":"open","ping_status":"closed","sticky":false,"template":"","format":"standard","meta":{"footnotes":""},"categories":[43,42,45],"tags":[],"class_list":["post-29854","post","type-post","status-publish","format-standard","has-post-thumbnail","hentry","category-event-photography","category-portfolio-en","category-product-launches","infinite-scroll-item","generate-columns","tablet-grid-50","mobile-grid-100","grid-parent","grid-33"],"featured_image_urls_v2":{"full":["https:\/\/urbanflavour.pl\/wp-content\/uploads\/2021\/02\/fotografia-eventowa-premiera-volvo-studio-tecza.jpg",1920,1278,false],"thumbnail":["https:\/\/urbanflavour.pl\/wp-content\/uploads\/2021\/02\/fotografia-eventowa-premiera-volvo-studio-tecza-500x333.jpg",500,333,true],"medium":["https:\/\/urbanflavour.pl\/wp-content\/uploads\/2021\/02\/fotografia-eventowa-premiera-volvo-studio-tecza-830x552.jpg",830,552,true],"medium_large":["https:\/\/urbanflavour.pl\/wp-content\/uploads\/2021\/02\/fotografia-eventowa-premiera-volvo-studio-tecza.jpg",768,511,false],"large":["https:\/\/urbanflavour.pl\/wp-content\/uploads\/2021\/02\/fotografia-eventowa-premiera-volvo-studio-tecza-1024x682.jpg",1024,682,true],"1536x1536":["https:\/\/urbanflavour.pl\/wp-content\/uploads\/2021\/02\/fotografia-eventowa-premiera-volvo-studio-tecza.jpg",1536,1022,false],"2048x2048":["https:\/\/urbanflavour.pl\/wp-content\/uploads\/2021\/02\/fotografia-eventowa-premiera-volvo-studio-tecza.jpg",1920,1278,false],"gform-image-choice-sm":["https:\/\/urbanflavour.pl\/wp-content\/uploads\/2021\/02\/fotografia-eventowa-premiera-volvo-studio-tecza.jpg",300,200,false],"gform-image-choice-md":["https:\/\/urbanflavour.pl\/wp-content\/uploads\/2021\/02\/fotografia-eventowa-premiera-volvo-studio-tecza.jpg",400,266,false],"gform-image-choice-lg":["https:\/\/urbanflavour.pl\/wp-content\/uploads\/2021\/02\/fotografia-eventowa-premiera-volvo-studio-tecza.jpg",600,399,false]},"post_excerpt_stackable_v2":"<p>Premiere of the new mid-size premium Volvo XC40 by the TESTA Communications agency at Studio Rainbow.<\/p>\n","category_list_v2":"<a href=\"https:\/\/urbanflavour.pl\/en\/kategoria\/portfolio-en\/event-photography\/\" rel=\"category tag\">Event Photography<\/a>, <a href=\"https:\/\/urbanflavour.pl\/en\/kategoria\/portfolio-en\/\" rel=\"category tag\">Portfolio<\/a>, <a href=\"https:\/\/urbanflavour.pl\/en\/kategoria\/portfolio-en\/event-photography\/product-launches\/\" rel=\"category tag\">product launches<\/a>","author_info_v2":{"name":"Marcin Krokowski","url":"https:\/\/urbanflavour.pl\/en\/author\/marcin_d3rfw32\/"},"comments_num_v2":"0 comments","_links":{"self":[{"href":"https:\/\/urbanflavour.pl\/en\/wp-json\/wp\/v2\/posts\/29854","targetHints":{"allow":["GET"]}}],"collection":[{"href":"https:\/\/urbanflavour.pl\/en\/wp-json\/wp\/v2\/posts"}],"about":[{"href":"https:\/\/urbanflavour.pl\/en\/wp-json\/wp\/v2\/types\/post"}],"author":[{"embeddable":true,"href":"https:\/\/urbanflavour.pl\/en\/wp-json\/wp\/v2\/users\/1"}],"replies":[{"embeddable":true,"href":"https:\/\/urbanflavour.pl\/en\/wp-json\/wp\/v2\/comments?post=29854"}],"version-history":[{"count":0,"href":"https:\/\/urbanflavour.pl\/en\/wp-json\/wp\/v2\/posts\/29854\/revisions"}],"wp:featuredmedia":[{"embeddable":true,"href":"https:\/\/urbanflavour.pl\/en\/wp-json\/wp\/v2\/media\/26813"}],"wp:attachment":[{"href":"https:\/\/urbanflavour.pl\/en\/wp-json\/wp\/v2\/media?parent=29854"}],"wp:term":[{"taxonomy":"category","embeddable":true,"href":"https:\/\/urbanflavour.pl\/en\/wp-json\/wp\/v2\/categories?post=29854"},{"taxonomy":"post_tag","embeddable":true,"href":"https:\/\/urbanflavour.pl\/en\/wp-json\/wp\/v2\/tags?post=29854"}],"curies":[{"name":"wp","href":"https:\/\/api.w.org\/{rel}","templated":true}]}}