{"id":29859,"date":"2021-02-16T18:15:28","date_gmt":"2021-02-16T17:15:28","guid":{"rendered":"https:\/\/urbanflavour.pl\/food-market-nights-and-days\/"},"modified":"2021-04-28T15:19:40","modified_gmt":"2021-04-28T13:19:40","slug":"food-market-nights-and-days","status":"publish","type":"post","link":"https:\/\/urbanflavour.pl\/en\/food-market-nights-and-days\/","title":{"rendered":"Food market &#8211; Noce i Dnie"},"content":{"rendered":"<div class=\"gb-container gb-container-594f2e0a\"><div class=\"gb-inside-container\">\n\n<p>An interesting project appeared in Warsaw, which gave the opportunity to meet with family or friends over a nice meal, as well as to do shopping, and even cut off at Barber&#8217;s. The culinary market &#8211; Noce i Dnie are two events in one place.<\/p>\n\n\n\n<figure class=\"wp-block-image alignwide size-large\"><img loading=\"lazy\" decoding=\"async\" width=\"1024\" height=\"684\" src=\"https:\/\/urbanflavour.pl\/wp-content\/uploads\/2021\/02\/fotorelacja-targi-noce-dnie-burakowska-warszawa-22-1024x684.jpg\" alt=\"Entry to the culinary fair on Burakowska\" class=\"wp-image-26880\" title=\"Urbanflavour.pl\" srcset=\"https:\/\/urbanflavour.pl\/wp-content\/uploads\/2021\/02\/fotorelacja-targi-noce-dnie-burakowska-warszawa-22-1024x684.jpg 1024w, https:\/\/urbanflavour.pl\/wp-content\/uploads\/2021\/02\/fotorelacja-targi-noce-dnie-burakowska-warszawa-22-830x554.jpg 830w, https:\/\/urbanflavour.pl\/wp-content\/uploads\/2021\/02\/fotorelacja-targi-noce-dnie-burakowska-warszawa-22-500x334.jpg 500w, https:\/\/urbanflavour.pl\/wp-content\/uploads\/2021\/02\/fotorelacja-targi-noce-dnie-burakowska-warszawa-22.jpg 1400w\" sizes=\"auto, (max-width: 1024px) 100vw, 1024px\" \/><\/figure>\n\n\n\n<p>In the morning, you could do shopping there at the market, where mainly restaurants and small producers were displayed. You could buy fresh fruit, vegetables, fish or meat, but not only that. At the market, you could also find sweet delicacies or candles made with natural methods without the addition of unnecessary chemicals.<\/p>\n\n\n\n<figure class=\"wp-block-image alignwide size-large\"><img loading=\"lazy\" decoding=\"async\" width=\"1024\" height=\"684\" src=\"https:\/\/urbanflavour.pl\/wp-content\/uploads\/2021\/02\/fotorelacja-targi-noce-dnie-burakowska-warszawa-5-1024x684.jpg\" alt=\"Guests of the culinary fair\" class=\"wp-image-26846\" title=\"Urbanflavour.pl\" srcset=\"https:\/\/urbanflavour.pl\/wp-content\/uploads\/2021\/02\/fotorelacja-targi-noce-dnie-burakowska-warszawa-5-1024x684.jpg 1024w, https:\/\/urbanflavour.pl\/wp-content\/uploads\/2021\/02\/fotorelacja-targi-noce-dnie-burakowska-warszawa-5-830x554.jpg 830w, https:\/\/urbanflavour.pl\/wp-content\/uploads\/2021\/02\/fotorelacja-targi-noce-dnie-burakowska-warszawa-5-500x334.jpg 500w, https:\/\/urbanflavour.pl\/wp-content\/uploads\/2021\/02\/fotorelacja-targi-noce-dnie-burakowska-warszawa-5.jpg 1400w\" sizes=\"auto, (max-width: 1024px) 100vw, 1024px\" \/><\/figure>\n\n\n\n<p>At night, the market turned into a place where you could drink craft beer, eat pizza, falafel, ramen or Mexican delicacies. Everyone could find something for themselves and meet their relatives in a nice atmosphere. He also opened his temporary point on the spot<a href=\"https:\/\/www.facebook.com\/barbergarage\/\" class=\"rank-math-link\" target=\"_blank\" rel=\"noopener\"> Barber Garage<\/a> where you could drink delicious coffee from an outstanding bassist, and, of course, pimp your beard or a professional frieze. The seat itself is in a great atmosphere. Part of the plant is a motorcycle workshop that operates there during the day. So you can ride your motorcycle, which they deal with, and they will refresh us a bit during this time.<\/p>\n\n\n\n<figure class=\"wp-block-image alignwide size-large\"><img loading=\"lazy\" decoding=\"async\" width=\"1024\" height=\"684\" src=\"https:\/\/urbanflavour.pl\/wp-content\/uploads\/2021\/02\/fotorelacja-targi-noce-dnie-burakowska-warszawa-33-1024x684.jpg\" alt=\"Reception at the barbershop\" class=\"wp-image-26902\" title=\"Urbanflavour.pl\" srcset=\"https:\/\/urbanflavour.pl\/wp-content\/uploads\/2021\/02\/fotorelacja-targi-noce-dnie-burakowska-warszawa-33-1024x684.jpg 1024w, https:\/\/urbanflavour.pl\/wp-content\/uploads\/2021\/02\/fotorelacja-targi-noce-dnie-burakowska-warszawa-33-830x554.jpg 830w, https:\/\/urbanflavour.pl\/wp-content\/uploads\/2021\/02\/fotorelacja-targi-noce-dnie-burakowska-warszawa-33-500x334.jpg 500w, https:\/\/urbanflavour.pl\/wp-content\/uploads\/2021\/02\/fotorelacja-targi-noce-dnie-burakowska-warszawa-33.jpg 1400w\" sizes=\"auto, (max-width: 1024px) 100vw, 1024px\" \/><\/figure>\n\n<\/div><\/div>\n\n\n<h2 class=\"wp-block-heading\">Food market<\/h2>\n\n\n\n<p>In this post, I show only the evening part of the Nights and Dnie markets, but if I find photos from the day part, I will also link it here when it is on the website.<\/p>\n\n\n\n<figure class=\"wp-block-gallery columns-1 wp-block-gallery-1 is-layout-flex wp-block-gallery-is-layout-flex\"><ul class=\"blocks-gallery-grid\"><li class=\"blocks-gallery-item\"><figure><img loading=\"lazy\" decoding=\"async\" width=\"830\" height=\"554\" src=\"https:\/\/urbanflavour.pl\/wp-content\/uploads\/2021\/02\/fotograf-na-targi-warszawa-830x554.jpg\" alt=\"A DJ plays music at a food fair\" data-id=\"26834\" data-full-url=\"https:\/\/urbanflavour.pl\/wp-content\/uploads\/2021\/02\/fotograf-na-targi-warszawa.jpg\" data-link=\"https:\/\/urbanflavour.pl\/fotograf-na-targi-warszawa\/\" class=\"wp-image-26834\" title=\"Urbanflavour.pl\" srcset=\"https:\/\/urbanflavour.pl\/wp-content\/uploads\/2021\/02\/fotograf-na-targi-warszawa-830x554.jpg 830w, https:\/\/urbanflavour.pl\/wp-content\/uploads\/2021\/02\/fotograf-na-targi-warszawa-1024x684.jpg 1024w, https:\/\/urbanflavour.pl\/wp-content\/uploads\/2021\/02\/fotograf-na-targi-warszawa-500x334.jpg 500w, https:\/\/urbanflavour.pl\/wp-content\/uploads\/2021\/02\/fotograf-na-targi-warszawa.jpg 1920w\" sizes=\"auto, (max-width: 830px) 100vw, 830px\" \/><\/figure><\/li><\/ul><\/figure>\n\n\n\n<figure class=\"wp-block-gallery alignwide columns-3 wp-block-gallery-2 is-layout-flex wp-block-gallery-is-layout-flex\"><ul class=\"blocks-gallery-grid\"><li class=\"blocks-gallery-item\"><figure><a href=\"https:\/\/urbanflavour.pl\/wp-content\/uploads\/2021\/02\/fotorelacja-targi-noce-dnie-burakowska-warszawa-0-500x334.jpg\"><img loading=\"lazy\" decoding=\"async\" width=\"500\" height=\"334\" src=\"https:\/\/urbanflavour.pl\/wp-content\/uploads\/2021\/02\/fotorelacja-targi-noce-dnie-burakowska-warszawa-0-500x334.jpg\" alt=\"Stoisko z pizz\u0105\" data-id=\"26836\" data-full-url=\"https:\/\/urbanflavour.pl\/wp-content\/uploads\/2021\/02\/fotorelacja-targi-noce-dnie-burakowska-warszawa-0.jpg\" data-link=\"https:\/\/urbanflavour.pl\/fotorelacja-targi-noce-dnie-burakowska-warszawa-0\/\" class=\"wp-image-26836\" title=\"Urbanflavour.pl\" srcset=\"https:\/\/urbanflavour.pl\/wp-content\/uploads\/2021\/02\/fotorelacja-targi-noce-dnie-burakowska-warszawa-0-500x334.jpg 500w, https:\/\/urbanflavour.pl\/wp-content\/uploads\/2021\/02\/fotorelacja-targi-noce-dnie-burakowska-warszawa-0-830x554.jpg 830w, https:\/\/urbanflavour.pl\/wp-content\/uploads\/2021\/02\/fotorelacja-targi-noce-dnie-burakowska-warszawa-0-1024x684.jpg 1024w, https:\/\/urbanflavour.pl\/wp-content\/uploads\/2021\/02\/fotorelacja-targi-noce-dnie-burakowska-warszawa-0.jpg 1400w\" sizes=\"auto, (max-width: 500px) 100vw, 500px\" \/><\/a><\/figure><\/li><li class=\"blocks-gallery-item\"><figure><a href=\"https:\/\/urbanflavour.pl\/wp-content\/uploads\/2021\/02\/fotorelacja-targi-noce-dnie-burakowska-warszawa-1-500x334.jpg\"><img loading=\"lazy\" decoding=\"async\" width=\"500\" height=\"334\" src=\"https:\/\/urbanflavour.pl\/wp-content\/uploads\/2021\/02\/fotorelacja-targi-noce-dnie-burakowska-warszawa-1-500x334.jpg\" alt=\"M\u0119\u017cczy\u017cni przy stole u\u015bmiechaj\u0105 si\u0119\u00a0do aparatu\" data-id=\"26838\" data-full-url=\"https:\/\/urbanflavour.pl\/wp-content\/uploads\/2021\/02\/fotorelacja-targi-noce-dnie-burakowska-warszawa-1.jpg\" data-link=\"https:\/\/urbanflavour.pl\/fotorelacja-targi-noce-dnie-burakowska-warszawa-1\/\" class=\"wp-image-26838\" title=\"Urbanflavour.pl\" srcset=\"https:\/\/urbanflavour.pl\/wp-content\/uploads\/2021\/02\/fotorelacja-targi-noce-dnie-burakowska-warszawa-1-500x334.jpg 500w, https:\/\/urbanflavour.pl\/wp-content\/uploads\/2021\/02\/fotorelacja-targi-noce-dnie-burakowska-warszawa-1-830x554.jpg 830w, https:\/\/urbanflavour.pl\/wp-content\/uploads\/2021\/02\/fotorelacja-targi-noce-dnie-burakowska-warszawa-1-1024x684.jpg 1024w, https:\/\/urbanflavour.pl\/wp-content\/uploads\/2021\/02\/fotorelacja-targi-noce-dnie-burakowska-warszawa-1.jpg 1400w\" sizes=\"auto, (max-width: 500px) 100vw, 500px\" \/><\/a><\/figure><\/li><li class=\"blocks-gallery-item\"><figure><a href=\"https:\/\/urbanflavour.pl\/wp-content\/uploads\/2021\/02\/fotorelacja-targi-noce-dnie-burakowska-warszawa-3-500x334.jpg\"><img loading=\"lazy\" decoding=\"async\" width=\"500\" height=\"334\" src=\"https:\/\/urbanflavour.pl\/wp-content\/uploads\/2021\/02\/fotorelacja-targi-noce-dnie-burakowska-warszawa-3-500x334.jpg\" alt=\"Stoisko na targach kulinarnych\" data-id=\"26842\" data-full-url=\"https:\/\/urbanflavour.pl\/wp-content\/uploads\/2021\/02\/fotorelacja-targi-noce-dnie-burakowska-warszawa-3.jpg\" data-link=\"https:\/\/urbanflavour.pl\/fotorelacja-targi-noce-dnie-burakowska-warszawa-3\/\" class=\"wp-image-26842\" title=\"Urbanflavour.pl\" srcset=\"https:\/\/urbanflavour.pl\/wp-content\/uploads\/2021\/02\/fotorelacja-targi-noce-dnie-burakowska-warszawa-3-500x334.jpg 500w, https:\/\/urbanflavour.pl\/wp-content\/uploads\/2021\/02\/fotorelacja-targi-noce-dnie-burakowska-warszawa-3-830x554.jpg 830w, https:\/\/urbanflavour.pl\/wp-content\/uploads\/2021\/02\/fotorelacja-targi-noce-dnie-burakowska-warszawa-3-1024x684.jpg 1024w, https:\/\/urbanflavour.pl\/wp-content\/uploads\/2021\/02\/fotorelacja-targi-noce-dnie-burakowska-warszawa-3.jpg 1400w\" sizes=\"auto, (max-width: 500px) 100vw, 500px\" \/><\/a><\/figure><\/li><li class=\"blocks-gallery-item\"><figure><a href=\"https:\/\/urbanflavour.pl\/wp-content\/uploads\/2021\/02\/fotorelacja-targi-noce-dnie-burakowska-warszawa-6-500x334.jpg\"><img loading=\"lazy\" decoding=\"async\" width=\"500\" height=\"334\" src=\"https:\/\/urbanflavour.pl\/wp-content\/uploads\/2021\/02\/fotorelacja-targi-noce-dnie-burakowska-warszawa-6-500x334.jpg\" alt=\"Bus inne beczki\" data-id=\"26848\" data-full-url=\"https:\/\/urbanflavour.pl\/wp-content\/uploads\/2021\/02\/fotorelacja-targi-noce-dnie-burakowska-warszawa-6.jpg\" data-link=\"https:\/\/urbanflavour.pl\/fotorelacja-targi-noce-dnie-burakowska-warszawa-6\/\" class=\"wp-image-26848\" title=\"Urbanflavour.pl\" srcset=\"https:\/\/urbanflavour.pl\/wp-content\/uploads\/2021\/02\/fotorelacja-targi-noce-dnie-burakowska-warszawa-6-500x334.jpg 500w, https:\/\/urbanflavour.pl\/wp-content\/uploads\/2021\/02\/fotorelacja-targi-noce-dnie-burakowska-warszawa-6-830x554.jpg 830w, https:\/\/urbanflavour.pl\/wp-content\/uploads\/2021\/02\/fotorelacja-targi-noce-dnie-burakowska-warszawa-6-1024x684.jpg 1024w, https:\/\/urbanflavour.pl\/wp-content\/uploads\/2021\/02\/fotorelacja-targi-noce-dnie-burakowska-warszawa-6.jpg 1400w\" sizes=\"auto, (max-width: 500px) 100vw, 500px\" \/><\/a><\/figure><\/li><li class=\"blocks-gallery-item\"><figure><a href=\"https:\/\/urbanflavour.pl\/wp-content\/uploads\/2021\/02\/fotorelacja-targi-noce-dnie-burakowska-warszawa-2-500x334.jpg\"><img loading=\"lazy\" decoding=\"async\" width=\"500\" height=\"334\" src=\"https:\/\/urbanflavour.pl\/wp-content\/uploads\/2021\/02\/fotorelacja-targi-noce-dnie-burakowska-warszawa-2-500x334.jpg\" alt=\"Bar - inne beczki\" data-id=\"26840\" data-full-url=\"https:\/\/urbanflavour.pl\/wp-content\/uploads\/2021\/02\/fotorelacja-targi-noce-dnie-burakowska-warszawa-2.jpg\" data-link=\"https:\/\/urbanflavour.pl\/fotorelacja-targi-noce-dnie-burakowska-warszawa-2\/\" class=\"wp-image-26840\" title=\"Urbanflavour.pl\" srcset=\"https:\/\/urbanflavour.pl\/wp-content\/uploads\/2021\/02\/fotorelacja-targi-noce-dnie-burakowska-warszawa-2-500x334.jpg 500w, https:\/\/urbanflavour.pl\/wp-content\/uploads\/2021\/02\/fotorelacja-targi-noce-dnie-burakowska-warszawa-2-830x554.jpg 830w, https:\/\/urbanflavour.pl\/wp-content\/uploads\/2021\/02\/fotorelacja-targi-noce-dnie-burakowska-warszawa-2-1024x684.jpg 1024w, https:\/\/urbanflavour.pl\/wp-content\/uploads\/2021\/02\/fotorelacja-targi-noce-dnie-burakowska-warszawa-2.jpg 1400w\" sizes=\"auto, (max-width: 500px) 100vw, 500px\" \/><\/a><\/figure><\/li><li class=\"blocks-gallery-item\"><figure><a href=\"https:\/\/urbanflavour.pl\/wp-content\/uploads\/2021\/02\/fotorelacja-targi-noce-dnie-burakowska-warszawa-7-500x334.jpg\"><img loading=\"lazy\" decoding=\"async\" width=\"500\" height=\"334\" src=\"https:\/\/urbanflavour.pl\/wp-content\/uploads\/2021\/02\/fotorelacja-targi-noce-dnie-burakowska-warszawa-7-500x334.jpg\" alt=\"Bar\" data-id=\"26850\" data-full-url=\"https:\/\/urbanflavour.pl\/wp-content\/uploads\/2021\/02\/fotorelacja-targi-noce-dnie-burakowska-warszawa-7.jpg\" data-link=\"https:\/\/urbanflavour.pl\/fotorelacja-targi-noce-dnie-burakowska-warszawa-7\/\" class=\"wp-image-26850\" title=\"Urbanflavour.pl\" srcset=\"https:\/\/urbanflavour.pl\/wp-content\/uploads\/2021\/02\/fotorelacja-targi-noce-dnie-burakowska-warszawa-7-500x334.jpg 500w, https:\/\/urbanflavour.pl\/wp-content\/uploads\/2021\/02\/fotorelacja-targi-noce-dnie-burakowska-warszawa-7-830x554.jpg 830w, https:\/\/urbanflavour.pl\/wp-content\/uploads\/2021\/02\/fotorelacja-targi-noce-dnie-burakowska-warszawa-7-1024x684.jpg 1024w, https:\/\/urbanflavour.pl\/wp-content\/uploads\/2021\/02\/fotorelacja-targi-noce-dnie-burakowska-warszawa-7.jpg 1400w\" sizes=\"auto, (max-width: 500px) 100vw, 500px\" \/><\/a><\/figure><\/li><li class=\"blocks-gallery-item\"><figure><a href=\"https:\/\/urbanflavour.pl\/wp-content\/uploads\/2021\/02\/fotorelacja-targi-noce-dnie-burakowska-warszawa-8-500x334.jpg\"><img loading=\"lazy\" decoding=\"async\" width=\"500\" height=\"334\" src=\"https:\/\/urbanflavour.pl\/wp-content\/uploads\/2021\/02\/fotorelacja-targi-noce-dnie-burakowska-warszawa-8-500x334.jpg\" alt=\"Bar w fioletowym \u015bwietle\" data-id=\"26852\" data-full-url=\"https:\/\/urbanflavour.pl\/wp-content\/uploads\/2021\/02\/fotorelacja-targi-noce-dnie-burakowska-warszawa-8.jpg\" data-link=\"https:\/\/urbanflavour.pl\/fotorelacja-targi-noce-dnie-burakowska-warszawa-8\/\" class=\"wp-image-26852\" title=\"Urbanflavour.pl\" srcset=\"https:\/\/urbanflavour.pl\/wp-content\/uploads\/2021\/02\/fotorelacja-targi-noce-dnie-burakowska-warszawa-8-500x334.jpg 500w, https:\/\/urbanflavour.pl\/wp-content\/uploads\/2021\/02\/fotorelacja-targi-noce-dnie-burakowska-warszawa-8-830x554.jpg 830w, https:\/\/urbanflavour.pl\/wp-content\/uploads\/2021\/02\/fotorelacja-targi-noce-dnie-burakowska-warszawa-8-1024x684.jpg 1024w, https:\/\/urbanflavour.pl\/wp-content\/uploads\/2021\/02\/fotorelacja-targi-noce-dnie-burakowska-warszawa-8.jpg 1400w\" sizes=\"auto, (max-width: 500px) 100vw, 500px\" \/><\/a><\/figure><\/li><li class=\"blocks-gallery-item\"><figure><a href=\"https:\/\/urbanflavour.pl\/wp-content\/uploads\/2021\/02\/fotorelacja-targi-noce-dnie-burakowska-warszawa-9-500x334.jpg\"><img loading=\"lazy\" decoding=\"async\" width=\"500\" height=\"334\" src=\"https:\/\/urbanflavour.pl\/wp-content\/uploads\/2021\/02\/fotorelacja-targi-noce-dnie-burakowska-warszawa-9-500x334.jpg\" alt=\"Targi Noce i Dnie w Warszawie\" data-id=\"26854\" data-full-url=\"https:\/\/urbanflavour.pl\/wp-content\/uploads\/2021\/02\/fotorelacja-targi-noce-dnie-burakowska-warszawa-9.jpg\" data-link=\"https:\/\/urbanflavour.pl\/fotorelacja-targi-noce-dnie-burakowska-warszawa-9\/\" class=\"wp-image-26854\" title=\"Urbanflavour.pl\" srcset=\"https:\/\/urbanflavour.pl\/wp-content\/uploads\/2021\/02\/fotorelacja-targi-noce-dnie-burakowska-warszawa-9-500x334.jpg 500w, https:\/\/urbanflavour.pl\/wp-content\/uploads\/2021\/02\/fotorelacja-targi-noce-dnie-burakowska-warszawa-9-830x554.jpg 830w, https:\/\/urbanflavour.pl\/wp-content\/uploads\/2021\/02\/fotorelacja-targi-noce-dnie-burakowska-warszawa-9-1024x684.jpg 1024w, https:\/\/urbanflavour.pl\/wp-content\/uploads\/2021\/02\/fotorelacja-targi-noce-dnie-burakowska-warszawa-9.jpg 1400w\" sizes=\"auto, (max-width: 500px) 100vw, 500px\" \/><\/a><\/figure><\/li><li class=\"blocks-gallery-item\"><figure><a href=\"https:\/\/urbanflavour.pl\/wp-content\/uploads\/2021\/02\/fotorelacja-targi-noce-dnie-burakowska-warszawa-10-500x334.jpg\"><img loading=\"lazy\" decoding=\"async\" width=\"500\" height=\"334\" src=\"https:\/\/urbanflavour.pl\/wp-content\/uploads\/2021\/02\/fotorelacja-targi-noce-dnie-burakowska-warszawa-10-500x334.jpg\" alt=\"Stoisko Pizza Lunga\" data-id=\"26856\" data-full-url=\"https:\/\/urbanflavour.pl\/wp-content\/uploads\/2021\/02\/fotorelacja-targi-noce-dnie-burakowska-warszawa-10.jpg\" data-link=\"https:\/\/urbanflavour.pl\/fotorelacja-targi-noce-dnie-burakowska-warszawa-10\/\" class=\"wp-image-26856\" title=\"Urbanflavour.pl\" srcset=\"https:\/\/urbanflavour.pl\/wp-content\/uploads\/2021\/02\/fotorelacja-targi-noce-dnie-burakowska-warszawa-10-500x334.jpg 500w, https:\/\/urbanflavour.pl\/wp-content\/uploads\/2021\/02\/fotorelacja-targi-noce-dnie-burakowska-warszawa-10-830x554.jpg 830w, https:\/\/urbanflavour.pl\/wp-content\/uploads\/2021\/02\/fotorelacja-targi-noce-dnie-burakowska-warszawa-10-1024x684.jpg 1024w, https:\/\/urbanflavour.pl\/wp-content\/uploads\/2021\/02\/fotorelacja-targi-noce-dnie-burakowska-warszawa-10.jpg 1400w\" sizes=\"auto, (max-width: 500px) 100vw, 500px\" \/><\/a><\/figure><\/li><\/ul><\/figure>\n\n\n\n<figure class=\"wp-block-gallery columns-1 wp-block-gallery-3 is-layout-flex wp-block-gallery-is-layout-flex\"><ul class=\"blocks-gallery-grid\"><li class=\"blocks-gallery-item\"><figure><img loading=\"lazy\" decoding=\"async\" width=\"830\" height=\"554\" src=\"https:\/\/urbanflavour.pl\/wp-content\/uploads\/2021\/02\/fotorelacja-targi-noce-dnie-burakowska-warszawa-13-830x554.jpg\" alt=\"Other barrels of beer from the bus\" data-id=\"26862\" data-full-url=\"https:\/\/urbanflavour.pl\/wp-content\/uploads\/2021\/02\/fotorelacja-targi-noce-dnie-burakowska-warszawa-13.jpg\" data-link=\"https:\/\/urbanflavour.pl\/fotorelacja-targi-noce-dnie-burakowska-warszawa-13\/\" class=\"wp-image-26862\" title=\"Urbanflavour.pl\" srcset=\"https:\/\/urbanflavour.pl\/wp-content\/uploads\/2021\/02\/fotorelacja-targi-noce-dnie-burakowska-warszawa-13-830x554.jpg 830w, https:\/\/urbanflavour.pl\/wp-content\/uploads\/2021\/02\/fotorelacja-targi-noce-dnie-burakowska-warszawa-13-1024x684.jpg 1024w, https:\/\/urbanflavour.pl\/wp-content\/uploads\/2021\/02\/fotorelacja-targi-noce-dnie-burakowska-warszawa-13-500x334.jpg 500w, https:\/\/urbanflavour.pl\/wp-content\/uploads\/2021\/02\/fotorelacja-targi-noce-dnie-burakowska-warszawa-13.jpg 1400w\" sizes=\"auto, (max-width: 830px) 100vw, 830px\" \/><\/figure><\/li><\/ul><\/figure>\n\n\n\n<figure class=\"wp-block-gallery alignwide columns-2 wp-block-gallery-4 is-layout-flex wp-block-gallery-is-layout-flex\"><ul class=\"blocks-gallery-grid\"><li class=\"blocks-gallery-item\"><figure><a href=\"https:\/\/urbanflavour.pl\/wp-content\/uploads\/2021\/02\/fotorelacja-targi-noce-dnie-burakowska-warszawa-11-500x334.jpg\"><img loading=\"lazy\" decoding=\"async\" width=\"500\" height=\"334\" src=\"https:\/\/urbanflavour.pl\/wp-content\/uploads\/2021\/02\/fotorelacja-targi-noce-dnie-burakowska-warszawa-11-500x334.jpg\" alt=\"Ch\u0142opak nak\u0142adaj\u0105cy jedzenie\" data-id=\"26858\" data-full-url=\"https:\/\/urbanflavour.pl\/wp-content\/uploads\/2021\/02\/fotorelacja-targi-noce-dnie-burakowska-warszawa-11.jpg\" data-link=\"https:\/\/urbanflavour.pl\/fotorelacja-targi-noce-dnie-burakowska-warszawa-11\/\" class=\"wp-image-26858\" title=\"Urbanflavour.pl\" srcset=\"https:\/\/urbanflavour.pl\/wp-content\/uploads\/2021\/02\/fotorelacja-targi-noce-dnie-burakowska-warszawa-11-500x334.jpg 500w, https:\/\/urbanflavour.pl\/wp-content\/uploads\/2021\/02\/fotorelacja-targi-noce-dnie-burakowska-warszawa-11-830x554.jpg 830w, https:\/\/urbanflavour.pl\/wp-content\/uploads\/2021\/02\/fotorelacja-targi-noce-dnie-burakowska-warszawa-11-1024x684.jpg 1024w, https:\/\/urbanflavour.pl\/wp-content\/uploads\/2021\/02\/fotorelacja-targi-noce-dnie-burakowska-warszawa-11.jpg 1400w\" sizes=\"auto, (max-width: 500px) 100vw, 500px\" \/><\/a><\/figure><\/li><li class=\"blocks-gallery-item\"><figure><a href=\"https:\/\/urbanflavour.pl\/wp-content\/uploads\/2021\/02\/fotorelacja-targi-noce-dnie-burakowska-warszawa-12-500x334.jpg\"><img loading=\"lazy\" decoding=\"async\" width=\"500\" height=\"334\" src=\"https:\/\/urbanflavour.pl\/wp-content\/uploads\/2021\/02\/fotorelacja-targi-noce-dnie-burakowska-warszawa-12-500x334.jpg\" alt=\"Ludzie na targach kulinarnych\" data-id=\"26860\" data-full-url=\"https:\/\/urbanflavour.pl\/wp-content\/uploads\/2021\/02\/fotorelacja-targi-noce-dnie-burakowska-warszawa-12.jpg\" data-link=\"https:\/\/urbanflavour.pl\/fotorelacja-targi-noce-dnie-burakowska-warszawa-12\/\" class=\"wp-image-26860\" title=\"Urbanflavour.pl\" srcset=\"https:\/\/urbanflavour.pl\/wp-content\/uploads\/2021\/02\/fotorelacja-targi-noce-dnie-burakowska-warszawa-12-500x334.jpg 500w, https:\/\/urbanflavour.pl\/wp-content\/uploads\/2021\/02\/fotorelacja-targi-noce-dnie-burakowska-warszawa-12-830x554.jpg 830w, https:\/\/urbanflavour.pl\/wp-content\/uploads\/2021\/02\/fotorelacja-targi-noce-dnie-burakowska-warszawa-12-1024x684.jpg 1024w, https:\/\/urbanflavour.pl\/wp-content\/uploads\/2021\/02\/fotorelacja-targi-noce-dnie-burakowska-warszawa-12.jpg 1400w\" sizes=\"auto, (max-width: 500px) 100vw, 500px\" \/><\/a><\/figure><\/li><\/ul><\/figure>\n\n\n\n<figure class=\"wp-block-gallery columns-1 wp-block-gallery-5 is-layout-flex wp-block-gallery-is-layout-flex\"><ul class=\"blocks-gallery-grid\"><li class=\"blocks-gallery-item\"><figure><img loading=\"lazy\" decoding=\"async\" width=\"830\" height=\"554\" src=\"https:\/\/urbanflavour.pl\/wp-content\/uploads\/2021\/02\/fotorelacja-targi-noce-dnie-burakowska-warszawa-23-830x554.jpg\" alt=\"Culinary fair at Burakowska\" data-id=\"26882\" data-full-url=\"https:\/\/urbanflavour.pl\/wp-content\/uploads\/2021\/02\/fotorelacja-targi-noce-dnie-burakowska-warszawa-23.jpg\" data-link=\"https:\/\/urbanflavour.pl\/fotorelacja-targi-noce-dnie-burakowska-warszawa-23\/\" class=\"wp-image-26882\" title=\"Urbanflavour.pl\" srcset=\"https:\/\/urbanflavour.pl\/wp-content\/uploads\/2021\/02\/fotorelacja-targi-noce-dnie-burakowska-warszawa-23-830x554.jpg 830w, https:\/\/urbanflavour.pl\/wp-content\/uploads\/2021\/02\/fotorelacja-targi-noce-dnie-burakowska-warszawa-23-1024x684.jpg 1024w, https:\/\/urbanflavour.pl\/wp-content\/uploads\/2021\/02\/fotorelacja-targi-noce-dnie-burakowska-warszawa-23-500x334.jpg 500w, https:\/\/urbanflavour.pl\/wp-content\/uploads\/2021\/02\/fotorelacja-targi-noce-dnie-burakowska-warszawa-23.jpg 1400w\" sizes=\"auto, (max-width: 830px) 100vw, 830px\" \/><\/figure><\/li><\/ul><\/figure>\n\n\n\n<figure class=\"wp-block-gallery alignwide columns-2 wp-block-gallery-6 is-layout-flex wp-block-gallery-is-layout-flex\"><ul class=\"blocks-gallery-grid\"><li class=\"blocks-gallery-item\"><figure><a href=\"https:\/\/urbanflavour.pl\/wp-content\/uploads\/2021\/02\/fotorelacja-targi-noce-dnie-burakowska-warszawa-4-500x749.jpg\"><img loading=\"lazy\" decoding=\"async\" width=\"500\" height=\"749\" src=\"https:\/\/urbanflavour.pl\/wp-content\/uploads\/2021\/02\/fotorelacja-targi-noce-dnie-burakowska-warszawa-4-500x749.jpg\" alt=\"Jedzenie\" data-id=\"26844\" data-full-url=\"https:\/\/urbanflavour.pl\/wp-content\/uploads\/2021\/02\/fotorelacja-targi-noce-dnie-burakowska-warszawa-4.jpg\" data-link=\"https:\/\/urbanflavour.pl\/fotorelacja-targi-noce-dnie-burakowska-warszawa-4\/\" class=\"wp-image-26844\" title=\"Urbanflavour.pl\" srcset=\"https:\/\/urbanflavour.pl\/wp-content\/uploads\/2021\/02\/fotorelacja-targi-noce-dnie-burakowska-warszawa-4-500x749.jpg 500w, https:\/\/urbanflavour.pl\/wp-content\/uploads\/2021\/02\/fotorelacja-targi-noce-dnie-burakowska-warszawa-4-830x1243.jpg 830w, https:\/\/urbanflavour.pl\/wp-content\/uploads\/2021\/02\/fotorelacja-targi-noce-dnie-burakowska-warszawa-4-1024x1534.jpg 1024w, https:\/\/urbanflavour.pl\/wp-content\/uploads\/2021\/02\/fotorelacja-targi-noce-dnie-burakowska-warszawa-4.jpg 1400w\" sizes=\"auto, (max-width: 500px) 100vw, 500px\" \/><\/a><\/figure><\/li><li class=\"blocks-gallery-item\"><figure><a href=\"https:\/\/urbanflavour.pl\/wp-content\/uploads\/2021\/02\/fotorelacja-targi-noce-dnie-burakowska-warszawa-46-500x749.jpg\"><img loading=\"lazy\" decoding=\"async\" width=\"500\" height=\"749\" src=\"https:\/\/urbanflavour.pl\/wp-content\/uploads\/2021\/02\/fotorelacja-targi-noce-dnie-burakowska-warszawa-46-500x749.jpg\" alt=\"Ludzie \u015bmiej\u0105cy si\u0119 przy sto\u0142ach\" data-id=\"26928\" data-full-url=\"https:\/\/urbanflavour.pl\/wp-content\/uploads\/2021\/02\/fotorelacja-targi-noce-dnie-burakowska-warszawa-46.jpg\" data-link=\"https:\/\/urbanflavour.pl\/fotorelacja-targi-noce-dnie-burakowska-warszawa-46\/\" class=\"wp-image-26928\" title=\"Urbanflavour.pl\" srcset=\"https:\/\/urbanflavour.pl\/wp-content\/uploads\/2021\/02\/fotorelacja-targi-noce-dnie-burakowska-warszawa-46-500x749.jpg 500w, https:\/\/urbanflavour.pl\/wp-content\/uploads\/2021\/02\/fotorelacja-targi-noce-dnie-burakowska-warszawa-46-830x1243.jpg 830w, https:\/\/urbanflavour.pl\/wp-content\/uploads\/2021\/02\/fotorelacja-targi-noce-dnie-burakowska-warszawa-46-1024x1534.jpg 1024w, https:\/\/urbanflavour.pl\/wp-content\/uploads\/2021\/02\/fotorelacja-targi-noce-dnie-burakowska-warszawa-46.jpg 1400w\" sizes=\"auto, (max-width: 500px) 100vw, 500px\" \/><\/a><\/figure><\/li><\/ul><\/figure>\n\n\n\n<figure class=\"wp-block-gallery columns-1 wp-block-gallery-7 is-layout-flex wp-block-gallery-is-layout-flex\"><ul class=\"blocks-gallery-grid\"><li class=\"blocks-gallery-item\"><figure><img loading=\"lazy\" decoding=\"async\" width=\"830\" height=\"554\" src=\"https:\/\/urbanflavour.pl\/wp-content\/uploads\/2021\/02\/fotorelacja-targi-noce-dnie-burakowska-warszawa-54-830x554.jpg\" alt=\"A bowl of egg soup\" data-id=\"26944\" data-full-url=\"https:\/\/urbanflavour.pl\/wp-content\/uploads\/2021\/02\/fotorelacja-targi-noce-dnie-burakowska-warszawa-54.jpg\" data-link=\"https:\/\/urbanflavour.pl\/fotorelacja-targi-noce-dnie-burakowska-warszawa-54\/\" class=\"wp-image-26944\" title=\"Urbanflavour.pl\" srcset=\"https:\/\/urbanflavour.pl\/wp-content\/uploads\/2021\/02\/fotorelacja-targi-noce-dnie-burakowska-warszawa-54-830x554.jpg 830w, https:\/\/urbanflavour.pl\/wp-content\/uploads\/2021\/02\/fotorelacja-targi-noce-dnie-burakowska-warszawa-54-1024x684.jpg 1024w, https:\/\/urbanflavour.pl\/wp-content\/uploads\/2021\/02\/fotorelacja-targi-noce-dnie-burakowska-warszawa-54-500x334.jpg 500w, https:\/\/urbanflavour.pl\/wp-content\/uploads\/2021\/02\/fotorelacja-targi-noce-dnie-burakowska-warszawa-54.jpg 1400w\" sizes=\"auto, (max-width: 830px) 100vw, 830px\" \/><\/figure><\/li><\/ul><\/figure>\n\n\n\n<figure class=\"wp-block-gallery alignwide columns-3 wp-block-gallery-8 is-layout-flex wp-block-gallery-is-layout-flex\"><ul class=\"blocks-gallery-grid\"><li class=\"blocks-gallery-item\"><figure><a href=\"https:\/\/urbanflavour.pl\/wp-content\/uploads\/2021\/02\/fotorelacja-targi-noce-dnie-burakowska-warszawa-15-500x334.jpg\"><img loading=\"lazy\" decoding=\"async\" width=\"500\" height=\"334\" src=\"https:\/\/urbanflavour.pl\/wp-content\/uploads\/2021\/02\/fotorelacja-targi-noce-dnie-burakowska-warszawa-15-500x334.jpg\" alt=\"Pizza\" data-id=\"26866\" data-full-url=\"https:\/\/urbanflavour.pl\/wp-content\/uploads\/2021\/02\/fotorelacja-targi-noce-dnie-burakowska-warszawa-15.jpg\" data-link=\"https:\/\/urbanflavour.pl\/fotorelacja-targi-noce-dnie-burakowska-warszawa-15\/\" class=\"wp-image-26866\" title=\"Urbanflavour.pl\" srcset=\"https:\/\/urbanflavour.pl\/wp-content\/uploads\/2021\/02\/fotorelacja-targi-noce-dnie-burakowska-warszawa-15-500x334.jpg 500w, https:\/\/urbanflavour.pl\/wp-content\/uploads\/2021\/02\/fotorelacja-targi-noce-dnie-burakowska-warszawa-15-830x554.jpg 830w, https:\/\/urbanflavour.pl\/wp-content\/uploads\/2021\/02\/fotorelacja-targi-noce-dnie-burakowska-warszawa-15-1024x684.jpg 1024w, https:\/\/urbanflavour.pl\/wp-content\/uploads\/2021\/02\/fotorelacja-targi-noce-dnie-burakowska-warszawa-15.jpg 1400w\" sizes=\"auto, (max-width: 500px) 100vw, 500px\" \/><\/a><\/figure><\/li><li class=\"blocks-gallery-item\"><figure><a href=\"https:\/\/urbanflavour.pl\/wp-content\/uploads\/2021\/02\/fotorelacja-targi-noce-dnie-burakowska-warszawa-16-500x334.jpg\"><img loading=\"lazy\" decoding=\"async\" width=\"500\" height=\"334\" src=\"https:\/\/urbanflavour.pl\/wp-content\/uploads\/2021\/02\/fotorelacja-targi-noce-dnie-burakowska-warszawa-16-500x334.jpg\" alt=\"Kucharze w czerwonych koszulkach\" data-id=\"26868\" data-full-url=\"https:\/\/urbanflavour.pl\/wp-content\/uploads\/2021\/02\/fotorelacja-targi-noce-dnie-burakowska-warszawa-16.jpg\" data-link=\"https:\/\/urbanflavour.pl\/fotorelacja-targi-noce-dnie-burakowska-warszawa-16\/\" class=\"wp-image-26868\" title=\"Urbanflavour.pl\" srcset=\"https:\/\/urbanflavour.pl\/wp-content\/uploads\/2021\/02\/fotorelacja-targi-noce-dnie-burakowska-warszawa-16-500x334.jpg 500w, https:\/\/urbanflavour.pl\/wp-content\/uploads\/2021\/02\/fotorelacja-targi-noce-dnie-burakowska-warszawa-16-830x554.jpg 830w, https:\/\/urbanflavour.pl\/wp-content\/uploads\/2021\/02\/fotorelacja-targi-noce-dnie-burakowska-warszawa-16-1024x684.jpg 1024w, https:\/\/urbanflavour.pl\/wp-content\/uploads\/2021\/02\/fotorelacja-targi-noce-dnie-burakowska-warszawa-16.jpg 1400w\" sizes=\"auto, (max-width: 500px) 100vw, 500px\" \/><\/a><\/figure><\/li><li class=\"blocks-gallery-item\"><figure><a href=\"https:\/\/urbanflavour.pl\/wp-content\/uploads\/2021\/02\/fotorelacja-targi-noce-dnie-burakowska-warszawa-17-500x334.jpg\"><img loading=\"lazy\" decoding=\"async\" width=\"500\" height=\"334\" src=\"https:\/\/urbanflavour.pl\/wp-content\/uploads\/2021\/02\/fotorelacja-targi-noce-dnie-burakowska-warszawa-17-500x334.jpg\" alt=\"Stoisko z jedzeniem na targach kulinarnych\" data-id=\"26870\" data-full-url=\"https:\/\/urbanflavour.pl\/wp-content\/uploads\/2021\/02\/fotorelacja-targi-noce-dnie-burakowska-warszawa-17.jpg\" data-link=\"https:\/\/urbanflavour.pl\/fotorelacja-targi-noce-dnie-burakowska-warszawa-17\/\" class=\"wp-image-26870\" title=\"Urbanflavour.pl\" srcset=\"https:\/\/urbanflavour.pl\/wp-content\/uploads\/2021\/02\/fotorelacja-targi-noce-dnie-burakowska-warszawa-17-500x334.jpg 500w, https:\/\/urbanflavour.pl\/wp-content\/uploads\/2021\/02\/fotorelacja-targi-noce-dnie-burakowska-warszawa-17-830x554.jpg 830w, https:\/\/urbanflavour.pl\/wp-content\/uploads\/2021\/02\/fotorelacja-targi-noce-dnie-burakowska-warszawa-17-1024x684.jpg 1024w, https:\/\/urbanflavour.pl\/wp-content\/uploads\/2021\/02\/fotorelacja-targi-noce-dnie-burakowska-warszawa-17.jpg 1400w\" sizes=\"auto, (max-width: 500px) 100vw, 500px\" \/><\/a><\/figure><\/li><li class=\"blocks-gallery-item\"><figure><a href=\"https:\/\/urbanflavour.pl\/wp-content\/uploads\/2021\/02\/fotorelacja-targi-noce-dnie-burakowska-warszawa-18-500x334.jpg\"><img loading=\"lazy\" decoding=\"async\" width=\"500\" height=\"334\" src=\"https:\/\/urbanflavour.pl\/wp-content\/uploads\/2021\/02\/fotorelacja-targi-noce-dnie-burakowska-warszawa-18-500x334.jpg\" alt=\"Ludzie na targach\" data-id=\"26872\" data-full-url=\"https:\/\/urbanflavour.pl\/wp-content\/uploads\/2021\/02\/fotorelacja-targi-noce-dnie-burakowska-warszawa-18.jpg\" data-link=\"https:\/\/urbanflavour.pl\/fotorelacja-targi-noce-dnie-burakowska-warszawa-18\/\" class=\"wp-image-26872\" title=\"Urbanflavour.pl\" srcset=\"https:\/\/urbanflavour.pl\/wp-content\/uploads\/2021\/02\/fotorelacja-targi-noce-dnie-burakowska-warszawa-18-500x334.jpg 500w, https:\/\/urbanflavour.pl\/wp-content\/uploads\/2021\/02\/fotorelacja-targi-noce-dnie-burakowska-warszawa-18-830x554.jpg 830w, https:\/\/urbanflavour.pl\/wp-content\/uploads\/2021\/02\/fotorelacja-targi-noce-dnie-burakowska-warszawa-18-1024x684.jpg 1024w, https:\/\/urbanflavour.pl\/wp-content\/uploads\/2021\/02\/fotorelacja-targi-noce-dnie-burakowska-warszawa-18.jpg 1400w\" sizes=\"auto, (max-width: 500px) 100vw, 500px\" \/><\/a><\/figure><\/li><li class=\"blocks-gallery-item\"><figure><a href=\"https:\/\/urbanflavour.pl\/wp-content\/uploads\/2021\/02\/fotorelacja-targi-noce-dnie-burakowska-warszawa-19-500x334.jpg\"><img loading=\"lazy\" decoding=\"async\" width=\"500\" height=\"334\" src=\"https:\/\/urbanflavour.pl\/wp-content\/uploads\/2021\/02\/fotorelacja-targi-noce-dnie-burakowska-warszawa-19-500x334.jpg\" alt=\"Ludzie przy sto\u0142ach na targu kulinarnym\" data-id=\"26874\" data-full-url=\"https:\/\/urbanflavour.pl\/wp-content\/uploads\/2021\/02\/fotorelacja-targi-noce-dnie-burakowska-warszawa-19.jpg\" data-link=\"https:\/\/urbanflavour.pl\/fotorelacja-targi-noce-dnie-burakowska-warszawa-19\/\" class=\"wp-image-26874\" title=\"Urbanflavour.pl\" srcset=\"https:\/\/urbanflavour.pl\/wp-content\/uploads\/2021\/02\/fotorelacja-targi-noce-dnie-burakowska-warszawa-19-500x334.jpg 500w, https:\/\/urbanflavour.pl\/wp-content\/uploads\/2021\/02\/fotorelacja-targi-noce-dnie-burakowska-warszawa-19-830x554.jpg 830w, https:\/\/urbanflavour.pl\/wp-content\/uploads\/2021\/02\/fotorelacja-targi-noce-dnie-burakowska-warszawa-19-1024x684.jpg 1024w, https:\/\/urbanflavour.pl\/wp-content\/uploads\/2021\/02\/fotorelacja-targi-noce-dnie-burakowska-warszawa-19.jpg 1400w\" sizes=\"auto, (max-width: 500px) 100vw, 500px\" \/><\/a><\/figure><\/li><li class=\"blocks-gallery-item\"><figure><a href=\"https:\/\/urbanflavour.pl\/wp-content\/uploads\/2021\/02\/fotorelacja-targi-noce-dnie-burakowska-warszawa-21-500x334.jpg\"><img loading=\"lazy\" decoding=\"async\" width=\"500\" height=\"334\" src=\"https:\/\/urbanflavour.pl\/wp-content\/uploads\/2021\/02\/fotorelacja-targi-noce-dnie-burakowska-warszawa-21-500x334.jpg\" alt=\"Noce i Dnie bar\" data-id=\"26878\" data-full-url=\"https:\/\/urbanflavour.pl\/wp-content\/uploads\/2021\/02\/fotorelacja-targi-noce-dnie-burakowska-warszawa-21.jpg\" data-link=\"https:\/\/urbanflavour.pl\/fotorelacja-targi-noce-dnie-burakowska-warszawa-21\/\" class=\"wp-image-26878\" title=\"Urbanflavour.pl\" srcset=\"https:\/\/urbanflavour.pl\/wp-content\/uploads\/2021\/02\/fotorelacja-targi-noce-dnie-burakowska-warszawa-21-500x334.jpg 500w, https:\/\/urbanflavour.pl\/wp-content\/uploads\/2021\/02\/fotorelacja-targi-noce-dnie-burakowska-warszawa-21-830x554.jpg 830w, https:\/\/urbanflavour.pl\/wp-content\/uploads\/2021\/02\/fotorelacja-targi-noce-dnie-burakowska-warszawa-21-1024x684.jpg 1024w, https:\/\/urbanflavour.pl\/wp-content\/uploads\/2021\/02\/fotorelacja-targi-noce-dnie-burakowska-warszawa-21.jpg 1400w\" sizes=\"auto, (max-width: 500px) 100vw, 500px\" \/><\/a><\/figure><\/li><li class=\"blocks-gallery-item\"><figure><a href=\"https:\/\/urbanflavour.pl\/wp-content\/uploads\/2021\/02\/fotorelacja-targi-noce-dnie-burakowska-warszawa-24-500x334.jpg\"><img loading=\"lazy\" decoding=\"async\" width=\"500\" height=\"334\" src=\"https:\/\/urbanflavour.pl\/wp-content\/uploads\/2021\/02\/fotorelacja-targi-noce-dnie-burakowska-warszawa-24-500x334.jpg\" alt=\"Pizza Lunga na targach\" data-id=\"26884\" data-full-url=\"https:\/\/urbanflavour.pl\/wp-content\/uploads\/2021\/02\/fotorelacja-targi-noce-dnie-burakowska-warszawa-24.jpg\" data-link=\"https:\/\/urbanflavour.pl\/fotorelacja-targi-noce-dnie-burakowska-warszawa-24\/\" class=\"wp-image-26884\" title=\"Urbanflavour.pl\" srcset=\"https:\/\/urbanflavour.pl\/wp-content\/uploads\/2021\/02\/fotorelacja-targi-noce-dnie-burakowska-warszawa-24-500x334.jpg 500w, https:\/\/urbanflavour.pl\/wp-content\/uploads\/2021\/02\/fotorelacja-targi-noce-dnie-burakowska-warszawa-24-830x554.jpg 830w, https:\/\/urbanflavour.pl\/wp-content\/uploads\/2021\/02\/fotorelacja-targi-noce-dnie-burakowska-warszawa-24-1024x684.jpg 1024w, https:\/\/urbanflavour.pl\/wp-content\/uploads\/2021\/02\/fotorelacja-targi-noce-dnie-burakowska-warszawa-24.jpg 1400w\" sizes=\"auto, (max-width: 500px) 100vw, 500px\" \/><\/a><\/figure><\/li><li class=\"blocks-gallery-item\"><figure><a href=\"https:\/\/urbanflavour.pl\/wp-content\/uploads\/2021\/02\/fotorelacja-targi-noce-dnie-burakowska-warszawa-25-500x334.jpg\"><img loading=\"lazy\" decoding=\"async\" width=\"500\" height=\"334\" src=\"https:\/\/urbanflavour.pl\/wp-content\/uploads\/2021\/02\/fotorelacja-targi-noce-dnie-burakowska-warszawa-25-500x334.jpg\" alt=\"Targi kulinarne na burakowskiej\" data-id=\"26886\" data-full-url=\"https:\/\/urbanflavour.pl\/wp-content\/uploads\/2021\/02\/fotorelacja-targi-noce-dnie-burakowska-warszawa-25.jpg\" data-link=\"https:\/\/urbanflavour.pl\/fotorelacja-targi-noce-dnie-burakowska-warszawa-25\/\" class=\"wp-image-26886\" title=\"Urbanflavour.pl\" srcset=\"https:\/\/urbanflavour.pl\/wp-content\/uploads\/2021\/02\/fotorelacja-targi-noce-dnie-burakowska-warszawa-25-500x334.jpg 500w, https:\/\/urbanflavour.pl\/wp-content\/uploads\/2021\/02\/fotorelacja-targi-noce-dnie-burakowska-warszawa-25-830x554.jpg 830w, https:\/\/urbanflavour.pl\/wp-content\/uploads\/2021\/02\/fotorelacja-targi-noce-dnie-burakowska-warszawa-25-1024x684.jpg 1024w, https:\/\/urbanflavour.pl\/wp-content\/uploads\/2021\/02\/fotorelacja-targi-noce-dnie-burakowska-warszawa-25.jpg 1400w\" sizes=\"auto, (max-width: 500px) 100vw, 500px\" \/><\/a><\/figure><\/li><li class=\"blocks-gallery-item\"><figure><a href=\"https:\/\/urbanflavour.pl\/wp-content\/uploads\/2021\/02\/fotorelacja-targi-noce-dnie-burakowska-warszawa-26-500x334.jpg\"><img loading=\"lazy\" decoding=\"async\" width=\"500\" height=\"334\" src=\"https:\/\/urbanflavour.pl\/wp-content\/uploads\/2021\/02\/fotorelacja-targi-noce-dnie-burakowska-warszawa-26-500x334.jpg\" alt=\"Targi kulinarne w Warszawie\" data-id=\"26888\" data-full-url=\"https:\/\/urbanflavour.pl\/wp-content\/uploads\/2021\/02\/fotorelacja-targi-noce-dnie-burakowska-warszawa-26.jpg\" data-link=\"https:\/\/urbanflavour.pl\/fotorelacja-targi-noce-dnie-burakowska-warszawa-26\/\" class=\"wp-image-26888\" title=\"Urbanflavour.pl\" srcset=\"https:\/\/urbanflavour.pl\/wp-content\/uploads\/2021\/02\/fotorelacja-targi-noce-dnie-burakowska-warszawa-26-500x334.jpg 500w, https:\/\/urbanflavour.pl\/wp-content\/uploads\/2021\/02\/fotorelacja-targi-noce-dnie-burakowska-warszawa-26-830x554.jpg 830w, https:\/\/urbanflavour.pl\/wp-content\/uploads\/2021\/02\/fotorelacja-targi-noce-dnie-burakowska-warszawa-26-1024x684.jpg 1024w, https:\/\/urbanflavour.pl\/wp-content\/uploads\/2021\/02\/fotorelacja-targi-noce-dnie-burakowska-warszawa-26.jpg 1400w\" sizes=\"auto, (max-width: 500px) 100vw, 500px\" \/><\/a><\/figure><\/li><\/ul><\/figure>\n\n\n\n<figure class=\"wp-block-gallery columns-1 is-cropped wp-block-gallery-9 is-layout-flex wp-block-gallery-is-layout-flex\"><ul class=\"blocks-gallery-grid\"><li class=\"blocks-gallery-item\"><figure><img loading=\"lazy\" decoding=\"async\" width=\"830\" height=\"554\" src=\"https:\/\/urbanflavour.pl\/wp-content\/uploads\/2021\/02\/fotorelacja-targi-noce-dnie-burakowska-warszawa-53-830x554.jpg\" alt=\"The night and day market on Burakowska Street\" data-id=\"26942\" data-full-url=\"https:\/\/urbanflavour.pl\/wp-content\/uploads\/2021\/02\/fotorelacja-targi-noce-dnie-burakowska-warszawa-53.jpg\" data-link=\"https:\/\/urbanflavour.pl\/fotorelacja-targi-noce-dnie-burakowska-warszawa-53\/\" class=\"wp-image-26942\" title=\"Urbanflavour.pl\" srcset=\"https:\/\/urbanflavour.pl\/wp-content\/uploads\/2021\/02\/fotorelacja-targi-noce-dnie-burakowska-warszawa-53-830x554.jpg 830w, https:\/\/urbanflavour.pl\/wp-content\/uploads\/2021\/02\/fotorelacja-targi-noce-dnie-burakowska-warszawa-53-1024x684.jpg 1024w, https:\/\/urbanflavour.pl\/wp-content\/uploads\/2021\/02\/fotorelacja-targi-noce-dnie-burakowska-warszawa-53-500x334.jpg 500w, https:\/\/urbanflavour.pl\/wp-content\/uploads\/2021\/02\/fotorelacja-targi-noce-dnie-burakowska-warszawa-53.jpg 1400w\" sizes=\"auto, (max-width: 830px) 100vw, 830px\" \/><\/figure><\/li><\/ul><\/figure>\n\n\n\n<figure class=\"wp-block-gallery alignwide columns-3 wp-block-gallery-10 is-layout-flex wp-block-gallery-is-layout-flex\"><ul class=\"blocks-gallery-grid\"><li class=\"blocks-gallery-item\"><figure><a href=\"https:\/\/urbanflavour.pl\/wp-content\/uploads\/2021\/02\/fotorelacja-targi-noce-dnie-burakowska-warszawa-27-500x334.jpg\"><img loading=\"lazy\" decoding=\"async\" width=\"500\" height=\"334\" src=\"https:\/\/urbanflavour.pl\/wp-content\/uploads\/2021\/02\/fotorelacja-targi-noce-dnie-burakowska-warszawa-27-500x334.jpg\" alt=\"Targ kulinarny pe\u0142ne ludzi\" data-id=\"26890\" data-full-url=\"https:\/\/urbanflavour.pl\/wp-content\/uploads\/2021\/02\/fotorelacja-targi-noce-dnie-burakowska-warszawa-27.jpg\" data-link=\"https:\/\/urbanflavour.pl\/fotorelacja-targi-noce-dnie-burakowska-warszawa-27\/\" class=\"wp-image-26890\" title=\"Urbanflavour.pl\" srcset=\"https:\/\/urbanflavour.pl\/wp-content\/uploads\/2021\/02\/fotorelacja-targi-noce-dnie-burakowska-warszawa-27-500x334.jpg 500w, https:\/\/urbanflavour.pl\/wp-content\/uploads\/2021\/02\/fotorelacja-targi-noce-dnie-burakowska-warszawa-27-830x554.jpg 830w, https:\/\/urbanflavour.pl\/wp-content\/uploads\/2021\/02\/fotorelacja-targi-noce-dnie-burakowska-warszawa-27-1024x684.jpg 1024w, https:\/\/urbanflavour.pl\/wp-content\/uploads\/2021\/02\/fotorelacja-targi-noce-dnie-burakowska-warszawa-27.jpg 1400w\" sizes=\"auto, (max-width: 500px) 100vw, 500px\" \/><\/a><\/figure><\/li><li class=\"blocks-gallery-item\"><figure><a href=\"https:\/\/urbanflavour.pl\/wp-content\/uploads\/2021\/02\/fotorelacja-targi-noce-dnie-burakowska-warszawa-37-500x334.jpg\"><img loading=\"lazy\" decoding=\"async\" width=\"500\" height=\"334\" src=\"https:\/\/urbanflavour.pl\/wp-content\/uploads\/2021\/02\/fotorelacja-targi-noce-dnie-burakowska-warszawa-37-500x334.jpg\" alt=\"M\u0119\u017cczyzna i kobieta w okularach\" data-id=\"26910\" data-full-url=\"https:\/\/urbanflavour.pl\/wp-content\/uploads\/2021\/02\/fotorelacja-targi-noce-dnie-burakowska-warszawa-37.jpg\" data-link=\"https:\/\/urbanflavour.pl\/fotorelacja-targi-noce-dnie-burakowska-warszawa-37\/\" class=\"wp-image-26910\" title=\"Urbanflavour.pl\" srcset=\"https:\/\/urbanflavour.pl\/wp-content\/uploads\/2021\/02\/fotorelacja-targi-noce-dnie-burakowska-warszawa-37-500x334.jpg 500w, https:\/\/urbanflavour.pl\/wp-content\/uploads\/2021\/02\/fotorelacja-targi-noce-dnie-burakowska-warszawa-37-830x554.jpg 830w, https:\/\/urbanflavour.pl\/wp-content\/uploads\/2021\/02\/fotorelacja-targi-noce-dnie-burakowska-warszawa-37-1024x684.jpg 1024w, https:\/\/urbanflavour.pl\/wp-content\/uploads\/2021\/02\/fotorelacja-targi-noce-dnie-burakowska-warszawa-37.jpg 1400w\" sizes=\"auto, (max-width: 500px) 100vw, 500px\" \/><\/a><\/figure><\/li><li class=\"blocks-gallery-item\"><figure><a href=\"https:\/\/urbanflavour.pl\/wp-content\/uploads\/2021\/02\/fotorelacja-targi-noce-dnie-burakowska-warszawa-38-500x334.jpg\"><img loading=\"lazy\" decoding=\"async\" width=\"500\" height=\"334\" src=\"https:\/\/urbanflavour.pl\/wp-content\/uploads\/2021\/02\/fotorelacja-targi-noce-dnie-burakowska-warszawa-38-500x334.jpg\" alt=\"\u015amiej\u0105ce si\u0119 kobiety, kobieta zas\u0142ania twarz d\u0142oni\u0105\" data-id=\"26912\" data-full-url=\"https:\/\/urbanflavour.pl\/wp-content\/uploads\/2021\/02\/fotorelacja-targi-noce-dnie-burakowska-warszawa-38.jpg\" data-link=\"https:\/\/urbanflavour.pl\/fotorelacja-targi-noce-dnie-burakowska-warszawa-38\/\" class=\"wp-image-26912\" title=\"Urbanflavour.pl\" srcset=\"https:\/\/urbanflavour.pl\/wp-content\/uploads\/2021\/02\/fotorelacja-targi-noce-dnie-burakowska-warszawa-38-500x334.jpg 500w, https:\/\/urbanflavour.pl\/wp-content\/uploads\/2021\/02\/fotorelacja-targi-noce-dnie-burakowska-warszawa-38-830x554.jpg 830w, https:\/\/urbanflavour.pl\/wp-content\/uploads\/2021\/02\/fotorelacja-targi-noce-dnie-burakowska-warszawa-38-1024x684.jpg 1024w, https:\/\/urbanflavour.pl\/wp-content\/uploads\/2021\/02\/fotorelacja-targi-noce-dnie-burakowska-warszawa-38.jpg 1400w\" sizes=\"auto, (max-width: 500px) 100vw, 500px\" \/><\/a><\/figure><\/li><li class=\"blocks-gallery-item\"><figure><a href=\"https:\/\/urbanflavour.pl\/wp-content\/uploads\/2021\/02\/fotorelacja-targi-noce-dnie-burakowska-warszawa-39-500x334.jpg\"><img loading=\"lazy\" decoding=\"async\" width=\"500\" height=\"334\" src=\"https:\/\/urbanflavour.pl\/wp-content\/uploads\/2021\/02\/fotorelacja-targi-noce-dnie-burakowska-warszawa-39-500x334.jpg\" alt=\"Kucharz wydaj\u0105cy posi\u0142ek\" data-id=\"26914\" data-full-url=\"https:\/\/urbanflavour.pl\/wp-content\/uploads\/2021\/02\/fotorelacja-targi-noce-dnie-burakowska-warszawa-39.jpg\" data-link=\"https:\/\/urbanflavour.pl\/fotorelacja-targi-noce-dnie-burakowska-warszawa-39\/\" class=\"wp-image-26914\" title=\"Urbanflavour.pl\" srcset=\"https:\/\/urbanflavour.pl\/wp-content\/uploads\/2021\/02\/fotorelacja-targi-noce-dnie-burakowska-warszawa-39-500x334.jpg 500w, https:\/\/urbanflavour.pl\/wp-content\/uploads\/2021\/02\/fotorelacja-targi-noce-dnie-burakowska-warszawa-39-830x554.jpg 830w, https:\/\/urbanflavour.pl\/wp-content\/uploads\/2021\/02\/fotorelacja-targi-noce-dnie-burakowska-warszawa-39-1024x684.jpg 1024w, https:\/\/urbanflavour.pl\/wp-content\/uploads\/2021\/02\/fotorelacja-targi-noce-dnie-burakowska-warszawa-39.jpg 1400w\" sizes=\"auto, (max-width: 500px) 100vw, 500px\" \/><\/a><\/figure><\/li><li class=\"blocks-gallery-item\"><figure><a href=\"https:\/\/urbanflavour.pl\/wp-content\/uploads\/2021\/02\/fotorelacja-targi-noce-dnie-burakowska-warszawa-40-500x334.jpg\"><img loading=\"lazy\" decoding=\"async\" width=\"500\" height=\"334\" src=\"https:\/\/urbanflavour.pl\/wp-content\/uploads\/2021\/02\/fotorelacja-targi-noce-dnie-burakowska-warszawa-40-500x334.jpg\" alt=\"Ludzie w kurtkach i u\u015bmiechni\u0119ta kobieta\" data-id=\"26916\" data-full-url=\"https:\/\/urbanflavour.pl\/wp-content\/uploads\/2021\/02\/fotorelacja-targi-noce-dnie-burakowska-warszawa-40.jpg\" data-link=\"https:\/\/urbanflavour.pl\/fotorelacja-targi-noce-dnie-burakowska-warszawa-40\/\" class=\"wp-image-26916\" title=\"Urbanflavour.pl\" srcset=\"https:\/\/urbanflavour.pl\/wp-content\/uploads\/2021\/02\/fotorelacja-targi-noce-dnie-burakowska-warszawa-40-500x334.jpg 500w, https:\/\/urbanflavour.pl\/wp-content\/uploads\/2021\/02\/fotorelacja-targi-noce-dnie-burakowska-warszawa-40-830x554.jpg 830w, https:\/\/urbanflavour.pl\/wp-content\/uploads\/2021\/02\/fotorelacja-targi-noce-dnie-burakowska-warszawa-40-1024x684.jpg 1024w, https:\/\/urbanflavour.pl\/wp-content\/uploads\/2021\/02\/fotorelacja-targi-noce-dnie-burakowska-warszawa-40.jpg 1400w\" sizes=\"auto, (max-width: 500px) 100vw, 500px\" \/><\/a><\/figure><\/li><li class=\"blocks-gallery-item\"><figure><a href=\"https:\/\/urbanflavour.pl\/wp-content\/uploads\/2021\/02\/fotorelacja-targi-noce-dnie-burakowska-warszawa-41-500x334.jpg\"><img loading=\"lazy\" decoding=\"async\" width=\"500\" height=\"334\" src=\"https:\/\/urbanflavour.pl\/wp-content\/uploads\/2021\/02\/fotorelacja-targi-noce-dnie-burakowska-warszawa-41-500x334.jpg\" alt=\"Ludzie w czapkach jedz\u0105 i pij\u0105\" data-id=\"26918\" data-full-url=\"https:\/\/urbanflavour.pl\/wp-content\/uploads\/2021\/02\/fotorelacja-targi-noce-dnie-burakowska-warszawa-41.jpg\" data-link=\"https:\/\/urbanflavour.pl\/fotorelacja-targi-noce-dnie-burakowska-warszawa-41\/\" class=\"wp-image-26918\" title=\"Urbanflavour.pl\" srcset=\"https:\/\/urbanflavour.pl\/wp-content\/uploads\/2021\/02\/fotorelacja-targi-noce-dnie-burakowska-warszawa-41-500x334.jpg 500w, https:\/\/urbanflavour.pl\/wp-content\/uploads\/2021\/02\/fotorelacja-targi-noce-dnie-burakowska-warszawa-41-830x554.jpg 830w, https:\/\/urbanflavour.pl\/wp-content\/uploads\/2021\/02\/fotorelacja-targi-noce-dnie-burakowska-warszawa-41-1024x684.jpg 1024w, https:\/\/urbanflavour.pl\/wp-content\/uploads\/2021\/02\/fotorelacja-targi-noce-dnie-burakowska-warszawa-41.jpg 1400w\" sizes=\"auto, (max-width: 500px) 100vw, 500px\" \/><\/a><\/figure><\/li><\/ul><\/figure>\n\n\n\n<figure class=\"wp-block-gallery columns-1 is-cropped wp-block-gallery-11 is-layout-flex wp-block-gallery-is-layout-flex\"><ul class=\"blocks-gallery-grid\"><li class=\"blocks-gallery-item\"><figure><img loading=\"lazy\" decoding=\"async\" width=\"830\" height=\"554\" src=\"https:\/\/urbanflavour.pl\/wp-content\/uploads\/2021\/02\/fotorelacja-targi-noce-dnie-burakowska-warszawa-42-830x554.jpg\" alt=\"Bartender in an orange cap\" data-id=\"26920\" data-full-url=\"https:\/\/urbanflavour.pl\/wp-content\/uploads\/2021\/02\/fotorelacja-targi-noce-dnie-burakowska-warszawa-42.jpg\" data-link=\"https:\/\/urbanflavour.pl\/fotorelacja-targi-noce-dnie-burakowska-warszawa-42\/\" class=\"wp-image-26920\" title=\"Urbanflavour.pl\" srcset=\"https:\/\/urbanflavour.pl\/wp-content\/uploads\/2021\/02\/fotorelacja-targi-noce-dnie-burakowska-warszawa-42-830x554.jpg 830w, https:\/\/urbanflavour.pl\/wp-content\/uploads\/2021\/02\/fotorelacja-targi-noce-dnie-burakowska-warszawa-42-1024x684.jpg 1024w, https:\/\/urbanflavour.pl\/wp-content\/uploads\/2021\/02\/fotorelacja-targi-noce-dnie-burakowska-warszawa-42-500x334.jpg 500w, https:\/\/urbanflavour.pl\/wp-content\/uploads\/2021\/02\/fotorelacja-targi-noce-dnie-burakowska-warszawa-42.jpg 1400w\" sizes=\"auto, (max-width: 830px) 100vw, 830px\" \/><\/figure><\/li><\/ul><\/figure>\n\n\n\n<figure class=\"wp-block-gallery alignwide columns-2 wp-block-gallery-12 is-layout-flex wp-block-gallery-is-layout-flex\"><ul class=\"blocks-gallery-grid\"><li class=\"blocks-gallery-item\"><figure><a href=\"https:\/\/urbanflavour.pl\/wp-content\/uploads\/2021\/02\/fotorelacja-targi-noce-dnie-burakowska-warszawa-44-500x334.jpg\"><img loading=\"lazy\" decoding=\"async\" width=\"500\" height=\"334\" src=\"https:\/\/urbanflavour.pl\/wp-content\/uploads\/2021\/02\/fotorelacja-targi-noce-dnie-burakowska-warszawa-44-500x334.jpg\" alt=\"Rodziny przy barze\" data-id=\"26924\" data-full-url=\"https:\/\/urbanflavour.pl\/wp-content\/uploads\/2021\/02\/fotorelacja-targi-noce-dnie-burakowska-warszawa-44.jpg\" data-link=\"https:\/\/urbanflavour.pl\/fotorelacja-targi-noce-dnie-burakowska-warszawa-44\/\" class=\"wp-image-26924\" title=\"Urbanflavour.pl\" srcset=\"https:\/\/urbanflavour.pl\/wp-content\/uploads\/2021\/02\/fotorelacja-targi-noce-dnie-burakowska-warszawa-44-500x334.jpg 500w, https:\/\/urbanflavour.pl\/wp-content\/uploads\/2021\/02\/fotorelacja-targi-noce-dnie-burakowska-warszawa-44-830x554.jpg 830w, https:\/\/urbanflavour.pl\/wp-content\/uploads\/2021\/02\/fotorelacja-targi-noce-dnie-burakowska-warszawa-44-1024x684.jpg 1024w, https:\/\/urbanflavour.pl\/wp-content\/uploads\/2021\/02\/fotorelacja-targi-noce-dnie-burakowska-warszawa-44.jpg 1400w\" sizes=\"auto, (max-width: 500px) 100vw, 500px\" \/><\/a><\/figure><\/li><li class=\"blocks-gallery-item\"><figure><a href=\"https:\/\/urbanflavour.pl\/wp-content\/uploads\/2021\/02\/fotorelacja-targi-noce-dnie-burakowska-warszawa-43-500x334.jpg\"><img loading=\"lazy\" decoding=\"async\" width=\"500\" height=\"334\" src=\"https:\/\/urbanflavour.pl\/wp-content\/uploads\/2021\/02\/fotorelacja-targi-noce-dnie-burakowska-warszawa-43-500x334.jpg\" alt=\"M\u0119\u017cczy\u017cni z piwem w plastikowych kubkach\" data-id=\"26922\" data-full-url=\"https:\/\/urbanflavour.pl\/wp-content\/uploads\/2021\/02\/fotorelacja-targi-noce-dnie-burakowska-warszawa-43.jpg\" data-link=\"https:\/\/urbanflavour.pl\/fotorelacja-targi-noce-dnie-burakowska-warszawa-43\/\" class=\"wp-image-26922\" title=\"Urbanflavour.pl\" srcset=\"https:\/\/urbanflavour.pl\/wp-content\/uploads\/2021\/02\/fotorelacja-targi-noce-dnie-burakowska-warszawa-43-500x334.jpg 500w, https:\/\/urbanflavour.pl\/wp-content\/uploads\/2021\/02\/fotorelacja-targi-noce-dnie-burakowska-warszawa-43-830x554.jpg 830w, https:\/\/urbanflavour.pl\/wp-content\/uploads\/2021\/02\/fotorelacja-targi-noce-dnie-burakowska-warszawa-43-1024x684.jpg 1024w, https:\/\/urbanflavour.pl\/wp-content\/uploads\/2021\/02\/fotorelacja-targi-noce-dnie-burakowska-warszawa-43.jpg 1400w\" sizes=\"auto, (max-width: 500px) 100vw, 500px\" \/><\/a><\/figure><\/li><\/ul><\/figure>\n\n\n\n<figure class=\"wp-block-gallery columns-1 is-cropped wp-block-gallery-13 is-layout-flex wp-block-gallery-is-layout-flex\"><ul class=\"blocks-gallery-grid\"><li class=\"blocks-gallery-item\"><figure><img loading=\"lazy\" decoding=\"async\" width=\"830\" height=\"554\" src=\"https:\/\/urbanflavour.pl\/wp-content\/uploads\/2021\/02\/fotorelacja-targi-noce-dnie-burakowska-warszawa-49-830x554.jpg\" alt=\"Stands at culinary fairs\" data-id=\"26934\" data-full-url=\"https:\/\/urbanflavour.pl\/wp-content\/uploads\/2021\/02\/fotorelacja-targi-noce-dnie-burakowska-warszawa-49.jpg\" data-link=\"https:\/\/urbanflavour.pl\/fotorelacja-targi-noce-dnie-burakowska-warszawa-49\/\" class=\"wp-image-26934\" title=\"Urbanflavour.pl\" srcset=\"https:\/\/urbanflavour.pl\/wp-content\/uploads\/2021\/02\/fotorelacja-targi-noce-dnie-burakowska-warszawa-49-830x554.jpg 830w, https:\/\/urbanflavour.pl\/wp-content\/uploads\/2021\/02\/fotorelacja-targi-noce-dnie-burakowska-warszawa-49-1024x684.jpg 1024w, https:\/\/urbanflavour.pl\/wp-content\/uploads\/2021\/02\/fotorelacja-targi-noce-dnie-burakowska-warszawa-49-500x334.jpg 500w, https:\/\/urbanflavour.pl\/wp-content\/uploads\/2021\/02\/fotorelacja-targi-noce-dnie-burakowska-warszawa-49.jpg 1400w\" sizes=\"auto, (max-width: 830px) 100vw, 830px\" \/><\/figure><\/li><\/ul><\/figure>\n\n\n\n<figure class=\"wp-block-gallery alignwide columns-2 wp-block-gallery-14 is-layout-flex wp-block-gallery-is-layout-flex\"><ul class=\"blocks-gallery-grid\"><li class=\"blocks-gallery-item\"><figure><a href=\"https:\/\/urbanflavour.pl\/wp-content\/uploads\/2021\/02\/fotorelacja-targi-noce-dnie-burakowska-warszawa-48-500x334.jpg\"><img loading=\"lazy\" decoding=\"async\" width=\"500\" height=\"334\" src=\"https:\/\/urbanflavour.pl\/wp-content\/uploads\/2021\/02\/fotorelacja-targi-noce-dnie-burakowska-warszawa-48-500x334.jpg\" alt=\"Kucharze Falafel Bejrut\" data-id=\"26932\" data-full-url=\"https:\/\/urbanflavour.pl\/wp-content\/uploads\/2021\/02\/fotorelacja-targi-noce-dnie-burakowska-warszawa-48.jpg\" data-link=\"https:\/\/urbanflavour.pl\/fotorelacja-targi-noce-dnie-burakowska-warszawa-48\/\" class=\"wp-image-26932\" title=\"Urbanflavour.pl\" srcset=\"https:\/\/urbanflavour.pl\/wp-content\/uploads\/2021\/02\/fotorelacja-targi-noce-dnie-burakowska-warszawa-48-500x334.jpg 500w, https:\/\/urbanflavour.pl\/wp-content\/uploads\/2021\/02\/fotorelacja-targi-noce-dnie-burakowska-warszawa-48-830x554.jpg 830w, https:\/\/urbanflavour.pl\/wp-content\/uploads\/2021\/02\/fotorelacja-targi-noce-dnie-burakowska-warszawa-48-1024x684.jpg 1024w, https:\/\/urbanflavour.pl\/wp-content\/uploads\/2021\/02\/fotorelacja-targi-noce-dnie-burakowska-warszawa-48.jpg 1400w\" sizes=\"auto, (max-width: 500px) 100vw, 500px\" \/><\/a><\/figure><\/li><li class=\"blocks-gallery-item\"><figure><a href=\"https:\/\/urbanflavour.pl\/wp-content\/uploads\/2021\/02\/fotorelacja-targi-noce-dnie-burakowska-warszawa-47-500x334.jpg\"><img loading=\"lazy\" decoding=\"async\" width=\"500\" height=\"334\" src=\"https:\/\/urbanflavour.pl\/wp-content\/uploads\/2021\/02\/fotorelacja-targi-noce-dnie-burakowska-warszawa-47-500x334.jpg\" alt=\"Falafel na talerzu\" data-id=\"26930\" data-full-url=\"https:\/\/urbanflavour.pl\/wp-content\/uploads\/2021\/02\/fotorelacja-targi-noce-dnie-burakowska-warszawa-47.jpg\" data-link=\"https:\/\/urbanflavour.pl\/fotorelacja-targi-noce-dnie-burakowska-warszawa-47\/\" class=\"wp-image-26930\" title=\"Urbanflavour.pl\" srcset=\"https:\/\/urbanflavour.pl\/wp-content\/uploads\/2021\/02\/fotorelacja-targi-noce-dnie-burakowska-warszawa-47-500x334.jpg 500w, https:\/\/urbanflavour.pl\/wp-content\/uploads\/2021\/02\/fotorelacja-targi-noce-dnie-burakowska-warszawa-47-830x554.jpg 830w, https:\/\/urbanflavour.pl\/wp-content\/uploads\/2021\/02\/fotorelacja-targi-noce-dnie-burakowska-warszawa-47-1024x684.jpg 1024w, https:\/\/urbanflavour.pl\/wp-content\/uploads\/2021\/02\/fotorelacja-targi-noce-dnie-burakowska-warszawa-47.jpg 1400w\" sizes=\"auto, (max-width: 500px) 100vw, 500px\" \/><\/a><\/figure><\/li><\/ul><\/figure>\n\n\n\n<figure class=\"wp-block-gallery columns-1 wp-block-gallery-15 is-layout-flex wp-block-gallery-is-layout-flex\"><ul class=\"blocks-gallery-grid\"><li class=\"blocks-gallery-item\"><figure><img loading=\"lazy\" decoding=\"async\" width=\"830\" height=\"554\" src=\"https:\/\/urbanflavour.pl\/wp-content\/uploads\/2021\/02\/fotorelacja-targi-noce-dnie-burakowska-warszawa-45-830x554.jpg\" alt=\"The barmaid is pouring a beer\" data-id=\"26926\" data-full-url=\"https:\/\/urbanflavour.pl\/wp-content\/uploads\/2021\/02\/fotorelacja-targi-noce-dnie-burakowska-warszawa-45.jpg\" data-link=\"https:\/\/urbanflavour.pl\/fotorelacja-targi-noce-dnie-burakowska-warszawa-45\/\" class=\"wp-image-26926\" title=\"Urbanflavour.pl\" srcset=\"https:\/\/urbanflavour.pl\/wp-content\/uploads\/2021\/02\/fotorelacja-targi-noce-dnie-burakowska-warszawa-45-830x554.jpg 830w, https:\/\/urbanflavour.pl\/wp-content\/uploads\/2021\/02\/fotorelacja-targi-noce-dnie-burakowska-warszawa-45-1024x684.jpg 1024w, https:\/\/urbanflavour.pl\/wp-content\/uploads\/2021\/02\/fotorelacja-targi-noce-dnie-burakowska-warszawa-45-500x334.jpg 500w, https:\/\/urbanflavour.pl\/wp-content\/uploads\/2021\/02\/fotorelacja-targi-noce-dnie-burakowska-warszawa-45.jpg 1400w\" sizes=\"auto, (max-width: 830px) 100vw, 830px\" \/><\/figure><\/li><li class=\"blocks-gallery-item\"><figure><img loading=\"lazy\" decoding=\"async\" width=\"830\" height=\"554\" src=\"https:\/\/urbanflavour.pl\/wp-content\/uploads\/2021\/02\/fotorelacja-targi-noce-dnie-burakowska-warszawa-50-830x554.jpg\" alt=\"The man picks up the pizza he ordered\" data-id=\"26936\" data-full-url=\"https:\/\/urbanflavour.pl\/wp-content\/uploads\/2021\/02\/fotorelacja-targi-noce-dnie-burakowska-warszawa-50.jpg\" data-link=\"https:\/\/urbanflavour.pl\/fotorelacja-targi-noce-dnie-burakowska-warszawa-50\/\" class=\"wp-image-26936\" title=\"Urbanflavour.pl\" srcset=\"https:\/\/urbanflavour.pl\/wp-content\/uploads\/2021\/02\/fotorelacja-targi-noce-dnie-burakowska-warszawa-50-830x554.jpg 830w, https:\/\/urbanflavour.pl\/wp-content\/uploads\/2021\/02\/fotorelacja-targi-noce-dnie-burakowska-warszawa-50-1024x684.jpg 1024w, https:\/\/urbanflavour.pl\/wp-content\/uploads\/2021\/02\/fotorelacja-targi-noce-dnie-burakowska-warszawa-50-500x334.jpg 500w, https:\/\/urbanflavour.pl\/wp-content\/uploads\/2021\/02\/fotorelacja-targi-noce-dnie-burakowska-warszawa-50.jpg 1400w\" sizes=\"auto, (max-width: 830px) 100vw, 830px\" \/><\/figure><\/li><li class=\"blocks-gallery-item\"><figure><img loading=\"lazy\" decoding=\"async\" width=\"830\" height=\"554\" src=\"https:\/\/urbanflavour.pl\/wp-content\/uploads\/2021\/02\/fotorelacja-targi-noce-dnie-burakowska-warszawa-51-830x554.jpg\" alt=\"DJ in a gray sweatshirt is playing music\" data-id=\"26938\" data-full-url=\"https:\/\/urbanflavour.pl\/wp-content\/uploads\/2021\/02\/fotorelacja-targi-noce-dnie-burakowska-warszawa-51.jpg\" data-link=\"https:\/\/urbanflavour.pl\/fotorelacja-targi-noce-dnie-burakowska-warszawa-51\/\" class=\"wp-image-26938\" title=\"Urbanflavour.pl\" srcset=\"https:\/\/urbanflavour.pl\/wp-content\/uploads\/2021\/02\/fotorelacja-targi-noce-dnie-burakowska-warszawa-51-830x554.jpg 830w, https:\/\/urbanflavour.pl\/wp-content\/uploads\/2021\/02\/fotorelacja-targi-noce-dnie-burakowska-warszawa-51-1024x684.jpg 1024w, https:\/\/urbanflavour.pl\/wp-content\/uploads\/2021\/02\/fotorelacja-targi-noce-dnie-burakowska-warszawa-51-500x334.jpg 500w, https:\/\/urbanflavour.pl\/wp-content\/uploads\/2021\/02\/fotorelacja-targi-noce-dnie-burakowska-warszawa-51.jpg 1400w\" sizes=\"auto, (max-width: 830px) 100vw, 830px\" \/><\/figure><\/li><li class=\"blocks-gallery-item\"><figure><img loading=\"lazy\" decoding=\"async\" width=\"830\" height=\"554\" src=\"https:\/\/urbanflavour.pl\/wp-content\/uploads\/2021\/02\/fotorelacja-targi-noce-dnie-burakowska-warszawa-52-830x554.jpg\" alt=\"Bar at the culinary fair\" data-id=\"26940\" data-full-url=\"https:\/\/urbanflavour.pl\/wp-content\/uploads\/2021\/02\/fotorelacja-targi-noce-dnie-burakowska-warszawa-52.jpg\" data-link=\"https:\/\/urbanflavour.pl\/fotorelacja-targi-noce-dnie-burakowska-warszawa-52\/\" class=\"wp-image-26940\" title=\"Urbanflavour.pl\" srcset=\"https:\/\/urbanflavour.pl\/wp-content\/uploads\/2021\/02\/fotorelacja-targi-noce-dnie-burakowska-warszawa-52-830x554.jpg 830w, https:\/\/urbanflavour.pl\/wp-content\/uploads\/2021\/02\/fotorelacja-targi-noce-dnie-burakowska-warszawa-52-1024x684.jpg 1024w, https:\/\/urbanflavour.pl\/wp-content\/uploads\/2021\/02\/fotorelacja-targi-noce-dnie-burakowska-warszawa-52-500x334.jpg 500w, https:\/\/urbanflavour.pl\/wp-content\/uploads\/2021\/02\/fotorelacja-targi-noce-dnie-burakowska-warszawa-52.jpg 1400w\" sizes=\"auto, (max-width: 830px) 100vw, 830px\" \/><\/figure><\/li><li class=\"blocks-gallery-item\"><figure><img loading=\"lazy\" decoding=\"async\" width=\"830\" height=\"554\" src=\"https:\/\/urbanflavour.pl\/wp-content\/uploads\/2021\/02\/fotorelacja-targi-noce-dnie-burakowska-warszawa-53-830x554.jpg\" alt=\"The night and day market on Burakowska Street\" data-id=\"26942\" data-full-url=\"https:\/\/urbanflavour.pl\/wp-content\/uploads\/2021\/02\/fotorelacja-targi-noce-dnie-burakowska-warszawa-53.jpg\" data-link=\"https:\/\/urbanflavour.pl\/fotorelacja-targi-noce-dnie-burakowska-warszawa-53\/\" class=\"wp-image-26942\" title=\"Urbanflavour.pl\" srcset=\"https:\/\/urbanflavour.pl\/wp-content\/uploads\/2021\/02\/fotorelacja-targi-noce-dnie-burakowska-warszawa-53-830x554.jpg 830w, https:\/\/urbanflavour.pl\/wp-content\/uploads\/2021\/02\/fotorelacja-targi-noce-dnie-burakowska-warszawa-53-1024x684.jpg 1024w, https:\/\/urbanflavour.pl\/wp-content\/uploads\/2021\/02\/fotorelacja-targi-noce-dnie-burakowska-warszawa-53-500x334.jpg 500w, https:\/\/urbanflavour.pl\/wp-content\/uploads\/2021\/02\/fotorelacja-targi-noce-dnie-burakowska-warszawa-53.jpg 1400w\" sizes=\"auto, (max-width: 830px) 100vw, 830px\" \/><\/figure><\/li><\/ul><\/figure>\n\n\n\n<h2 class=\"wp-block-heading\">Barber Garage<\/h2>\n\n\n\n<figure class=\"wp-block-gallery columns-1 wp-block-gallery-16 is-layout-flex wp-block-gallery-is-layout-flex\"><ul class=\"blocks-gallery-grid\"><li class=\"blocks-gallery-item\"><figure><img loading=\"lazy\" decoding=\"async\" width=\"830\" height=\"554\" src=\"https:\/\/urbanflavour.pl\/wp-content\/uploads\/2021\/02\/fotorelacja-targi-noce-dnie-burakowska-warszawa-31-830x554.jpg\" alt=\"Barbershop Garage on Burakowska Street\" data-id=\"26898\" data-full-url=\"https:\/\/urbanflavour.pl\/wp-content\/uploads\/2021\/02\/fotorelacja-targi-noce-dnie-burakowska-warszawa-31.jpg\" data-link=\"https:\/\/urbanflavour.pl\/fotorelacja-targi-noce-dnie-burakowska-warszawa-31\/\" class=\"wp-image-26898\" title=\"Urbanflavour.pl\" srcset=\"https:\/\/urbanflavour.pl\/wp-content\/uploads\/2021\/02\/fotorelacja-targi-noce-dnie-burakowska-warszawa-31-830x554.jpg 830w, https:\/\/urbanflavour.pl\/wp-content\/uploads\/2021\/02\/fotorelacja-targi-noce-dnie-burakowska-warszawa-31-1024x684.jpg 1024w, https:\/\/urbanflavour.pl\/wp-content\/uploads\/2021\/02\/fotorelacja-targi-noce-dnie-burakowska-warszawa-31-500x334.jpg 500w, https:\/\/urbanflavour.pl\/wp-content\/uploads\/2021\/02\/fotorelacja-targi-noce-dnie-burakowska-warszawa-31.jpg 1400w\" sizes=\"auto, (max-width: 830px) 100vw, 830px\" \/><\/figure><\/li><\/ul><\/figure>\n\n\n\n<figure class=\"wp-block-gallery alignwide columns-2 wp-block-gallery-17 is-layout-flex wp-block-gallery-is-layout-flex\"><ul class=\"blocks-gallery-grid\"><li class=\"blocks-gallery-item\"><figure><a href=\"https:\/\/urbanflavour.pl\/wp-content\/uploads\/2021\/02\/fotorelacja-targi-noce-dnie-burakowska-warszawa-36-500x334.jpg\"><img loading=\"lazy\" decoding=\"async\" width=\"500\" height=\"334\" src=\"https:\/\/urbanflavour.pl\/wp-content\/uploads\/2021\/02\/fotorelacja-targi-noce-dnie-burakowska-warszawa-36-500x334.jpg\" alt=\"Ludzie na czerwonej kanapie\" data-id=\"26908\" data-full-url=\"https:\/\/urbanflavour.pl\/wp-content\/uploads\/2021\/02\/fotorelacja-targi-noce-dnie-burakowska-warszawa-36.jpg\" data-link=\"https:\/\/urbanflavour.pl\/fotorelacja-targi-noce-dnie-burakowska-warszawa-36\/\" class=\"wp-image-26908\" title=\"Urbanflavour.pl\" srcset=\"https:\/\/urbanflavour.pl\/wp-content\/uploads\/2021\/02\/fotorelacja-targi-noce-dnie-burakowska-warszawa-36-500x334.jpg 500w, https:\/\/urbanflavour.pl\/wp-content\/uploads\/2021\/02\/fotorelacja-targi-noce-dnie-burakowska-warszawa-36-830x554.jpg 830w, https:\/\/urbanflavour.pl\/wp-content\/uploads\/2021\/02\/fotorelacja-targi-noce-dnie-burakowska-warszawa-36-1024x684.jpg 1024w, https:\/\/urbanflavour.pl\/wp-content\/uploads\/2021\/02\/fotorelacja-targi-noce-dnie-burakowska-warszawa-36.jpg 1400w\" sizes=\"auto, (max-width: 500px) 100vw, 500px\" \/><\/a><\/figure><\/li><li class=\"blocks-gallery-item\"><figure><a href=\"https:\/\/urbanflavour.pl\/wp-content\/uploads\/2021\/02\/fotorelacja-targi-noce-dnie-burakowska-warszawa-32-500x334.jpg\"><img loading=\"lazy\" decoding=\"async\" width=\"500\" height=\"334\" src=\"https:\/\/urbanflavour.pl\/wp-content\/uploads\/2021\/02\/fotorelacja-targi-noce-dnie-burakowska-warszawa-32-500x334.jpg\" alt=\"Czekoladowe ciasteczka w s\u0142oikach\" data-id=\"26900\" data-full-url=\"https:\/\/urbanflavour.pl\/wp-content\/uploads\/2021\/02\/fotorelacja-targi-noce-dnie-burakowska-warszawa-32.jpg\" data-link=\"https:\/\/urbanflavour.pl\/fotorelacja-targi-noce-dnie-burakowska-warszawa-32\/\" class=\"wp-image-26900\" title=\"Urbanflavour.pl\" srcset=\"https:\/\/urbanflavour.pl\/wp-content\/uploads\/2021\/02\/fotorelacja-targi-noce-dnie-burakowska-warszawa-32-500x334.jpg 500w, https:\/\/urbanflavour.pl\/wp-content\/uploads\/2021\/02\/fotorelacja-targi-noce-dnie-burakowska-warszawa-32-830x554.jpg 830w, https:\/\/urbanflavour.pl\/wp-content\/uploads\/2021\/02\/fotorelacja-targi-noce-dnie-burakowska-warszawa-32-1024x684.jpg 1024w, https:\/\/urbanflavour.pl\/wp-content\/uploads\/2021\/02\/fotorelacja-targi-noce-dnie-burakowska-warszawa-32.jpg 1400w\" sizes=\"auto, (max-width: 500px) 100vw, 500px\" \/><\/a><\/figure><\/li><\/ul><\/figure>\n\n\n\n<figure class=\"wp-block-gallery columns-1 is-cropped wp-block-gallery-18 is-layout-flex wp-block-gallery-is-layout-flex\"><ul class=\"blocks-gallery-grid\"><li class=\"blocks-gallery-item\"><figure><img loading=\"lazy\" decoding=\"async\" width=\"830\" height=\"554\" src=\"https:\/\/urbanflavour.pl\/wp-content\/uploads\/2021\/02\/fotorelacja-targi-noce-dnie-burakowska-warszawa-29-830x554.jpg\" alt=\"The barber in black cuts the client with a shaver\" data-id=\"26894\" data-full-url=\"https:\/\/urbanflavour.pl\/wp-content\/uploads\/2021\/02\/fotorelacja-targi-noce-dnie-burakowska-warszawa-29.jpg\" data-link=\"https:\/\/urbanflavour.pl\/fotorelacja-targi-noce-dnie-burakowska-warszawa-29\/\" class=\"wp-image-26894\" title=\"Urbanflavour.pl\" srcset=\"https:\/\/urbanflavour.pl\/wp-content\/uploads\/2021\/02\/fotorelacja-targi-noce-dnie-burakowska-warszawa-29-830x554.jpg 830w, https:\/\/urbanflavour.pl\/wp-content\/uploads\/2021\/02\/fotorelacja-targi-noce-dnie-burakowska-warszawa-29-1024x684.jpg 1024w, https:\/\/urbanflavour.pl\/wp-content\/uploads\/2021\/02\/fotorelacja-targi-noce-dnie-burakowska-warszawa-29-500x334.jpg 500w, https:\/\/urbanflavour.pl\/wp-content\/uploads\/2021\/02\/fotorelacja-targi-noce-dnie-burakowska-warszawa-29.jpg 1400w\" sizes=\"auto, (max-width: 830px) 100vw, 830px\" \/><\/figure><\/li><\/ul><\/figure>\n\n\n\n<figure class=\"wp-block-gallery alignwide columns-2 wp-block-gallery-19 is-layout-flex wp-block-gallery-is-layout-flex\"><ul class=\"blocks-gallery-grid\"><li class=\"blocks-gallery-item\"><figure><a href=\"https:\/\/urbanflavour.pl\/wp-content\/uploads\/2021\/02\/fotorelacja-targi-noce-dnie-burakowska-warszawa-34-500x334.jpg\"><img loading=\"lazy\" decoding=\"async\" width=\"500\" height=\"334\" src=\"https:\/\/urbanflavour.pl\/wp-content\/uploads\/2021\/02\/fotorelacja-targi-noce-dnie-burakowska-warszawa-34-500x334.jpg\" alt=\"Grzebienie i maszynki na stole barbera\" data-id=\"26904\" data-full-url=\"https:\/\/urbanflavour.pl\/wp-content\/uploads\/2021\/02\/fotorelacja-targi-noce-dnie-burakowska-warszawa-34.jpg\" data-link=\"https:\/\/urbanflavour.pl\/fotorelacja-targi-noce-dnie-burakowska-warszawa-34\/\" class=\"wp-image-26904\" title=\"Urbanflavour.pl\" srcset=\"https:\/\/urbanflavour.pl\/wp-content\/uploads\/2021\/02\/fotorelacja-targi-noce-dnie-burakowska-warszawa-34-500x334.jpg 500w, https:\/\/urbanflavour.pl\/wp-content\/uploads\/2021\/02\/fotorelacja-targi-noce-dnie-burakowska-warszawa-34-830x554.jpg 830w, https:\/\/urbanflavour.pl\/wp-content\/uploads\/2021\/02\/fotorelacja-targi-noce-dnie-burakowska-warszawa-34-1024x684.jpg 1024w, https:\/\/urbanflavour.pl\/wp-content\/uploads\/2021\/02\/fotorelacja-targi-noce-dnie-burakowska-warszawa-34.jpg 1400w\" sizes=\"auto, (max-width: 500px) 100vw, 500px\" \/><\/a><\/figure><\/li><li class=\"blocks-gallery-item\"><figure><a href=\"https:\/\/urbanflavour.pl\/wp-content\/uploads\/2021\/02\/fotorelacja-targi-noce-dnie-burakowska-warszawa-30-500x334.jpg\"><img loading=\"lazy\" decoding=\"async\" width=\"500\" height=\"334\" src=\"https:\/\/urbanflavour.pl\/wp-content\/uploads\/2021\/02\/fotorelacja-targi-noce-dnie-burakowska-warszawa-30-500x334.jpg\" alt=\"Porady Reuzel i wlepki\" data-id=\"26896\" data-full-url=\"https:\/\/urbanflavour.pl\/wp-content\/uploads\/2021\/02\/fotorelacja-targi-noce-dnie-burakowska-warszawa-30.jpg\" data-link=\"https:\/\/urbanflavour.pl\/fotorelacja-targi-noce-dnie-burakowska-warszawa-30\/\" class=\"wp-image-26896\" title=\"Urbanflavour.pl\" srcset=\"https:\/\/urbanflavour.pl\/wp-content\/uploads\/2021\/02\/fotorelacja-targi-noce-dnie-burakowska-warszawa-30-500x334.jpg 500w, https:\/\/urbanflavour.pl\/wp-content\/uploads\/2021\/02\/fotorelacja-targi-noce-dnie-burakowska-warszawa-30-830x554.jpg 830w, https:\/\/urbanflavour.pl\/wp-content\/uploads\/2021\/02\/fotorelacja-targi-noce-dnie-burakowska-warszawa-30-1024x684.jpg 1024w, https:\/\/urbanflavour.pl\/wp-content\/uploads\/2021\/02\/fotorelacja-targi-noce-dnie-burakowska-warszawa-30.jpg 1400w\" sizes=\"auto, (max-width: 500px) 100vw, 500px\" \/><\/a><\/figure><\/li><\/ul><\/figure>\n\n\n\n<figure class=\"wp-block-gallery columns-1 is-cropped wp-block-gallery-20 is-layout-flex wp-block-gallery-is-layout-flex\"><ul class=\"blocks-gallery-grid\"><li class=\"blocks-gallery-item\"><figure><img loading=\"lazy\" decoding=\"async\" width=\"830\" height=\"554\" src=\"https:\/\/urbanflavour.pl\/wp-content\/uploads\/2021\/02\/fotorelacja-targi-noce-dnie-burakowska-warszawa-35-830x554.jpg\" alt=\"Barber shaves his beard with a razor\" data-id=\"26906\" data-full-url=\"https:\/\/urbanflavour.pl\/wp-content\/uploads\/2021\/02\/fotorelacja-targi-noce-dnie-burakowska-warszawa-35.jpg\" data-link=\"https:\/\/urbanflavour.pl\/fotorelacja-targi-noce-dnie-burakowska-warszawa-35\/\" class=\"wp-image-26906\" title=\"Urbanflavour.pl\" srcset=\"https:\/\/urbanflavour.pl\/wp-content\/uploads\/2021\/02\/fotorelacja-targi-noce-dnie-burakowska-warszawa-35-830x554.jpg 830w, https:\/\/urbanflavour.pl\/wp-content\/uploads\/2021\/02\/fotorelacja-targi-noce-dnie-burakowska-warszawa-35-1024x684.jpg 1024w, https:\/\/urbanflavour.pl\/wp-content\/uploads\/2021\/02\/fotorelacja-targi-noce-dnie-burakowska-warszawa-35-500x334.jpg 500w, https:\/\/urbanflavour.pl\/wp-content\/uploads\/2021\/02\/fotorelacja-targi-noce-dnie-burakowska-warszawa-35.jpg 1400w\" sizes=\"auto, (max-width: 830px) 100vw, 830px\" \/><\/figure><\/li><\/ul><\/figure>\n","protected":false},"excerpt":{"rendered":"<p>The culinary fair on Burakowska Street in Warsaw called &#8220;Noce i Dnie&#8221; was literally held in this way. Shopping in the morning, party in the evening.<\/p>\n","protected":false},"author":1,"featured_media":26835,"comment_status":"open","ping_status":"closed","sticky":false,"template":"","format":"standard","meta":{"footnotes":""},"categories":[43,46,42],"tags":[],"class_list":["post-29859","post","type-post","status-publish","format-standard","has-post-thumbnail","hentry","category-event-photography","category-fairs","category-portfolio-en","infinite-scroll-item","generate-columns","tablet-grid-50","mobile-grid-100","grid-parent","grid-33"],"featured_image_urls_v2":{"full":["https:\/\/urbanflavour.pl\/wp-content\/uploads\/2021\/02\/fotograf-na-targi-warszawa.jpg",1920,1282,false],"thumbnail":["https:\/\/urbanflavour.pl\/wp-content\/uploads\/2021\/02\/fotograf-na-targi-warszawa-500x334.jpg",500,334,true],"medium":["https:\/\/urbanflavour.pl\/wp-content\/uploads\/2021\/02\/fotograf-na-targi-warszawa-830x554.jpg",830,554,true],"medium_large":["https:\/\/urbanflavour.pl\/wp-content\/uploads\/2021\/02\/fotograf-na-targi-warszawa.jpg",768,513,false],"large":["https:\/\/urbanflavour.pl\/wp-content\/uploads\/2021\/02\/fotograf-na-targi-warszawa-1024x684.jpg",1024,684,true],"1536x1536":["https:\/\/urbanflavour.pl\/wp-content\/uploads\/2021\/02\/fotograf-na-targi-warszawa.jpg",1536,1026,false],"2048x2048":["https:\/\/urbanflavour.pl\/wp-content\/uploads\/2021\/02\/fotograf-na-targi-warszawa.jpg",1920,1282,false],"gform-image-choice-sm":["https:\/\/urbanflavour.pl\/wp-content\/uploads\/2021\/02\/fotograf-na-targi-warszawa.jpg",300,200,false],"gform-image-choice-md":["https:\/\/urbanflavour.pl\/wp-content\/uploads\/2021\/02\/fotograf-na-targi-warszawa.jpg",400,267,false],"gform-image-choice-lg":["https:\/\/urbanflavour.pl\/wp-content\/uploads\/2021\/02\/fotograf-na-targi-warszawa.jpg",600,401,false]},"post_excerpt_stackable_v2":"<p>The culinary fair on Burakowska Street in Warsaw called &#8220;Noce i Dnie&#8221; was literally held in this way. Shopping in the morning, party in the evening.<\/p>\n","category_list_v2":"<a href=\"https:\/\/urbanflavour.pl\/en\/kategoria\/portfolio-en\/event-photography\/\" rel=\"category tag\">Event Photography<\/a>, <a href=\"https:\/\/urbanflavour.pl\/en\/kategoria\/portfolio-en\/event-photography\/fairs\/\" rel=\"category tag\">Fairs<\/a>, <a href=\"https:\/\/urbanflavour.pl\/en\/kategoria\/portfolio-en\/\" rel=\"category tag\">Portfolio<\/a>","author_info_v2":{"name":"Marcin Krokowski","url":"https:\/\/urbanflavour.pl\/en\/author\/marcin_d3rfw32\/"},"comments_num_v2":"0 comments","_links":{"self":[{"href":"https:\/\/urbanflavour.pl\/en\/wp-json\/wp\/v2\/posts\/29859","targetHints":{"allow":["GET"]}}],"collection":[{"href":"https:\/\/urbanflavour.pl\/en\/wp-json\/wp\/v2\/posts"}],"about":[{"href":"https:\/\/urbanflavour.pl\/en\/wp-json\/wp\/v2\/types\/post"}],"author":[{"embeddable":true,"href":"https:\/\/urbanflavour.pl\/en\/wp-json\/wp\/v2\/users\/1"}],"replies":[{"embeddable":true,"href":"https:\/\/urbanflavour.pl\/en\/wp-json\/wp\/v2\/comments?post=29859"}],"version-history":[{"count":0,"href":"https:\/\/urbanflavour.pl\/en\/wp-json\/wp\/v2\/posts\/29859\/revisions"}],"wp:featuredmedia":[{"embeddable":true,"href":"https:\/\/urbanflavour.pl\/en\/wp-json\/wp\/v2\/media\/26835"}],"wp:attachment":[{"href":"https:\/\/urbanflavour.pl\/en\/wp-json\/wp\/v2\/media?parent=29859"}],"wp:term":[{"taxonomy":"category","embeddable":true,"href":"https:\/\/urbanflavour.pl\/en\/wp-json\/wp\/v2\/categories?post=29859"},{"taxonomy":"post_tag","embeddable":true,"href":"https:\/\/urbanflavour.pl\/en\/wp-json\/wp\/v2\/tags?post=29859"}],"curies":[{"name":"wp","href":"https:\/\/api.w.org\/{rel}","templated":true}]}}