{"id":29867,"date":"2020-12-02T20:08:21","date_gmt":"2020-12-02T19:08:21","guid":{"rendered":"https:\/\/urbanflavour.pl\/press-meeting-intel-in-club-sen\/"},"modified":"2021-04-28T15:43:46","modified_gmt":"2021-04-28T13:43:46","slug":"press-meeting-intel-in-club-sen","status":"publish","type":"post","link":"https:\/\/urbanflavour.pl\/en\/press-meeting-intel-in-club-sen\/","title":{"rendered":"Intel press meeting at the SEN club"},"content":{"rendered":"<div class=\"gb-container gb-container-9535ca97\"><div class=\"gb-inside-container\">\n\n<p>Report from the meeting with journalists discussing new tricks related to PCs and Intel processors in the club<a rel=\"noreferrer noopener\" href=\"https:\/\/senwarsaw.pl\" target=\"_blank\" class=\"ek-link\"> DREAM<\/a> . Intel has presented several computer proposals that will restore the joy of work and play, and at the same time provide even better mobility and performance at an affordable price. <\/p>\n\n\n\n<figure class=\"wp-block-gallery alignwide columns-1 wp-block-gallery-1 is-layout-flex wp-block-gallery-is-layout-flex\"><ul class=\"blocks-gallery-grid\"><li class=\"blocks-gallery-item\"><figure><img loading=\"lazy\" decoding=\"async\" width=\"1024\" height=\"684\" src=\"https:\/\/urbanflavour.pl\/wp-content\/uploads\/2020\/12\/fotograf-na-spotkanie-prasowe-warszawa-1024x684.jpg\" alt=\"Photographer at the press meeting\" data-id=\"19124\" data-full-url=\"https:\/\/urbanflavour.pl\/wp-content\/uploads\/2020\/12\/fotograf-na-spotkanie-prasowe-warszawa.jpg\" data-link=\"https:\/\/urbanflavour.pl\/spotkanie-prasowe-intel-w-klubie-sen\/fotograf-na-spotkanie-prasowe-warszawa\/#main\" class=\"wp-image-19124\" title=\"Urbanflavour.pl\" srcset=\"https:\/\/urbanflavour.pl\/wp-content\/uploads\/2020\/12\/fotograf-na-spotkanie-prasowe-warszawa-1024x684.jpg 1024w, https:\/\/urbanflavour.pl\/wp-content\/uploads\/2020\/12\/fotograf-na-spotkanie-prasowe-warszawa-830x554.jpg 830w, https:\/\/urbanflavour.pl\/wp-content\/uploads\/2020\/12\/fotograf-na-spotkanie-prasowe-warszawa-500x334.jpg 500w, https:\/\/urbanflavour.pl\/wp-content\/uploads\/2020\/12\/fotograf-na-spotkanie-prasowe-warszawa.jpg 1400w\" sizes=\"auto, (max-width: 1024px) 100vw, 1024px\" \/><\/figure><\/li><\/ul><\/figure>\n\n<\/div><\/div>\n\n<div class=\"gb-container gb-container-8cac178a\"><div class=\"gb-inside-container\">\n\n<h2 class=\"wp-block-heading\">Sen nad Wis\u0142\u0105 club<\/h2>\n\n\n\n<p class=\"has-text-align-justify\">Sen is a sushi restaurant, club and event space under one roof, together with the Warsaw Rowing Society, located only 30 meters from the Vistula River. Sen consists of two floors, it is a club and restaurant where a press meeting was held, and a typical event space<a href=\"http:\/\/senevents.pl\" class=\"rank-math-link\" target=\"_blank\" rel=\"noopener\"> Dream Events<\/a> in a panoramic view of Warsaw.<\/p>\n\n\n\n<p>Being at the restaurant and bar level, we had an equally interesting view of the Vistula River, the National Stadium and the Wis\u0142ostrada River. There is also access to a terrace overlooking Powi\u015ble. The place is really cozy and tastefully decorated. It is not a typical event space in hotels divided by partition walls. Sen is a place with a soul in a historic place in Warsaw.<\/p>\n\n\n\n<figure class=\"wp-block-gallery columns-1 wp-block-gallery-2 is-layout-flex wp-block-gallery-is-layout-flex\"><ul class=\"blocks-gallery-grid\"><li class=\"blocks-gallery-item\"><figure><img loading=\"lazy\" decoding=\"async\" width=\"830\" height=\"554\" src=\"https:\/\/urbanflavour.pl\/wp-content\/uploads\/2020\/12\/fotograf-spotkanie-prasowe-warszawa-sen-0-830x554.jpg\" alt=\"Interior of the SEN club in Warsaw\" data-id=\"19125\" data-full-url=\"https:\/\/urbanflavour.pl\/wp-content\/uploads\/2020\/12\/fotograf-spotkanie-prasowe-warszawa-sen-0.jpg\" data-link=\"https:\/\/urbanflavour.pl\/spotkanie-prasowe-intel-w-klubie-sen\/fotograf-spotkanie-prasowe-warszawa-sen-0\/#main\" class=\"wp-image-19125\" title=\"Urbanflavour.pl\" srcset=\"https:\/\/urbanflavour.pl\/wp-content\/uploads\/2020\/12\/fotograf-spotkanie-prasowe-warszawa-sen-0-830x554.jpg 830w, https:\/\/urbanflavour.pl\/wp-content\/uploads\/2020\/12\/fotograf-spotkanie-prasowe-warszawa-sen-0-1024x684.jpg 1024w, https:\/\/urbanflavour.pl\/wp-content\/uploads\/2020\/12\/fotograf-spotkanie-prasowe-warszawa-sen-0-500x334.jpg 500w, https:\/\/urbanflavour.pl\/wp-content\/uploads\/2020\/12\/fotograf-spotkanie-prasowe-warszawa-sen-0.jpg 1400w\" sizes=\"auto, (max-width: 830px) 100vw, 830px\" \/><\/figure><\/li><li class=\"blocks-gallery-item\"><figure><img loading=\"lazy\" decoding=\"async\" width=\"830\" height=\"554\" src=\"https:\/\/urbanflavour.pl\/wp-content\/uploads\/2020\/12\/fotograf-spotkanie-prasowe-warszawa-sen-2-830x554.jpg\" alt=\"Intel at the SEN club\" data-id=\"19126\" data-full-url=\"https:\/\/urbanflavour.pl\/wp-content\/uploads\/2020\/12\/fotograf-spotkanie-prasowe-warszawa-sen-2.jpg\" data-link=\"https:\/\/urbanflavour.pl\/spotkanie-prasowe-intel-w-klubie-sen\/fotograf-spotkanie-prasowe-warszawa-sen-2\/#main\" class=\"wp-image-19126\" title=\"Urbanflavour.pl\" srcset=\"https:\/\/urbanflavour.pl\/wp-content\/uploads\/2020\/12\/fotograf-spotkanie-prasowe-warszawa-sen-2-830x554.jpg 830w, https:\/\/urbanflavour.pl\/wp-content\/uploads\/2020\/12\/fotograf-spotkanie-prasowe-warszawa-sen-2-1024x684.jpg 1024w, https:\/\/urbanflavour.pl\/wp-content\/uploads\/2020\/12\/fotograf-spotkanie-prasowe-warszawa-sen-2-500x334.jpg 500w, https:\/\/urbanflavour.pl\/wp-content\/uploads\/2020\/12\/fotograf-spotkanie-prasowe-warszawa-sen-2.jpg 1400w\" sizes=\"auto, (max-width: 830px) 100vw, 830px\" \/><\/figure><\/li><li class=\"blocks-gallery-item\"><figure><img loading=\"lazy\" decoding=\"async\" width=\"830\" height=\"554\" src=\"https:\/\/urbanflavour.pl\/wp-content\/uploads\/2020\/12\/fotograf-spotkanie-prasowe-warszawa-sen-3-830x554.jpg\" alt=\"IT was all a dream led lettering\" data-id=\"19127\" data-full-url=\"https:\/\/urbanflavour.pl\/wp-content\/uploads\/2020\/12\/fotograf-spotkanie-prasowe-warszawa-sen-3.jpg\" data-link=\"https:\/\/urbanflavour.pl\/spotkanie-prasowe-intel-w-klubie-sen\/fotograf-spotkanie-prasowe-warszawa-sen-3\/#main\" class=\"wp-image-19127\" title=\"Urbanflavour.pl\" srcset=\"https:\/\/urbanflavour.pl\/wp-content\/uploads\/2020\/12\/fotograf-spotkanie-prasowe-warszawa-sen-3-830x554.jpg 830w, https:\/\/urbanflavour.pl\/wp-content\/uploads\/2020\/12\/fotograf-spotkanie-prasowe-warszawa-sen-3-1024x684.jpg 1024w, https:\/\/urbanflavour.pl\/wp-content\/uploads\/2020\/12\/fotograf-spotkanie-prasowe-warszawa-sen-3-500x334.jpg 500w, https:\/\/urbanflavour.pl\/wp-content\/uploads\/2020\/12\/fotograf-spotkanie-prasowe-warszawa-sen-3.jpg 1400w\" sizes=\"auto, (max-width: 830px) 100vw, 830px\" \/><\/figure><\/li><\/ul><\/figure>\n\n\n\n<figure class=\"wp-block-gallery alignwide columns-2 wp-block-gallery-3 is-layout-flex wp-block-gallery-is-layout-flex\"><ul class=\"blocks-gallery-grid\"><li class=\"blocks-gallery-item\"><figure><a href=\"https:\/\/urbanflavour.pl\/wp-content\/uploads\/2020\/12\/fotograf-spotkanie-prasowe-warszawa-sen-9-500x334.jpg\"><img loading=\"lazy\" decoding=\"async\" width=\"500\" height=\"334\" src=\"https:\/\/urbanflavour.pl\/wp-content\/uploads\/2020\/12\/fotograf-spotkanie-prasowe-warszawa-sen-9-500x334.jpg\" alt=\"Kamienna twarz donica w tle stadion narodowy\" data-id=\"19133\" data-full-url=\"https:\/\/urbanflavour.pl\/wp-content\/uploads\/2020\/12\/fotograf-spotkanie-prasowe-warszawa-sen-9.jpg\" data-link=\"https:\/\/urbanflavour.pl\/spotkanie-prasowe-intel-w-klubie-sen\/fotograf-spotkanie-prasowe-warszawa-sen-9\/#main\" class=\"wp-image-19133\" title=\"Urbanflavour.pl\" srcset=\"https:\/\/urbanflavour.pl\/wp-content\/uploads\/2020\/12\/fotograf-spotkanie-prasowe-warszawa-sen-9-500x334.jpg 500w, https:\/\/urbanflavour.pl\/wp-content\/uploads\/2020\/12\/fotograf-spotkanie-prasowe-warszawa-sen-9-830x554.jpg 830w, https:\/\/urbanflavour.pl\/wp-content\/uploads\/2020\/12\/fotograf-spotkanie-prasowe-warszawa-sen-9-1024x684.jpg 1024w, https:\/\/urbanflavour.pl\/wp-content\/uploads\/2020\/12\/fotograf-spotkanie-prasowe-warszawa-sen-9.jpg 1400w\" sizes=\"auto, (max-width: 500px) 100vw, 500px\" \/><\/a><\/figure><\/li><li class=\"blocks-gallery-item\"><figure><a href=\"https:\/\/urbanflavour.pl\/wp-content\/uploads\/2020\/12\/fotograf-spotkanie-prasowe-warszawa-sen-4-500x334.jpg\"><img loading=\"lazy\" decoding=\"async\" width=\"500\" height=\"334\" src=\"https:\/\/urbanflavour.pl\/wp-content\/uploads\/2020\/12\/fotograf-spotkanie-prasowe-warszawa-sen-4-500x334.jpg\" alt=\"Widok na wis\u0142\u0119\" data-id=\"19128\" data-full-url=\"https:\/\/urbanflavour.pl\/wp-content\/uploads\/2020\/12\/fotograf-spotkanie-prasowe-warszawa-sen-4.jpg\" data-link=\"https:\/\/urbanflavour.pl\/spotkanie-prasowe-intel-w-klubie-sen\/fotograf-spotkanie-prasowe-warszawa-sen-4\/#main\" class=\"wp-image-19128\" title=\"Urbanflavour.pl\" srcset=\"https:\/\/urbanflavour.pl\/wp-content\/uploads\/2020\/12\/fotograf-spotkanie-prasowe-warszawa-sen-4-500x334.jpg 500w, https:\/\/urbanflavour.pl\/wp-content\/uploads\/2020\/12\/fotograf-spotkanie-prasowe-warszawa-sen-4-830x554.jpg 830w, https:\/\/urbanflavour.pl\/wp-content\/uploads\/2020\/12\/fotograf-spotkanie-prasowe-warszawa-sen-4-1024x684.jpg 1024w, https:\/\/urbanflavour.pl\/wp-content\/uploads\/2020\/12\/fotograf-spotkanie-prasowe-warszawa-sen-4.jpg 1400w\" sizes=\"auto, (max-width: 500px) 100vw, 500px\" \/><\/a><\/figure><\/li><\/ul><\/figure>\n\n\n\n<figure class=\"wp-block-gallery columns-1 wp-block-gallery-4 is-layout-flex wp-block-gallery-is-layout-flex\"><ul class=\"blocks-gallery-grid\"><li class=\"blocks-gallery-item\"><figure><img loading=\"lazy\" decoding=\"async\" width=\"830\" height=\"554\" src=\"https:\/\/urbanflavour.pl\/wp-content\/uploads\/2020\/12\/fotograf-spotkanie-prasowe-warszawa-sen-23-830x554.jpg\" alt=\"Music is my religion\" data-id=\"19137\" data-full-url=\"https:\/\/urbanflavour.pl\/wp-content\/uploads\/2020\/12\/fotograf-spotkanie-prasowe-warszawa-sen-23.jpg\" data-link=\"https:\/\/urbanflavour.pl\/spotkanie-prasowe-intel-w-klubie-sen\/fotograf-spotkanie-prasowe-warszawa-sen-23\/#main\" class=\"wp-image-19137\" title=\"Urbanflavour.pl\" srcset=\"https:\/\/urbanflavour.pl\/wp-content\/uploads\/2020\/12\/fotograf-spotkanie-prasowe-warszawa-sen-23-830x554.jpg 830w, https:\/\/urbanflavour.pl\/wp-content\/uploads\/2020\/12\/fotograf-spotkanie-prasowe-warszawa-sen-23-1024x684.jpg 1024w, https:\/\/urbanflavour.pl\/wp-content\/uploads\/2020\/12\/fotograf-spotkanie-prasowe-warszawa-sen-23-500x334.jpg 500w, https:\/\/urbanflavour.pl\/wp-content\/uploads\/2020\/12\/fotograf-spotkanie-prasowe-warszawa-sen-23.jpg 1400w\" sizes=\"auto, (max-width: 830px) 100vw, 830px\" \/><\/figure><\/li><li class=\"blocks-gallery-item\"><figure><img loading=\"lazy\" decoding=\"async\" width=\"830\" height=\"554\" src=\"https:\/\/urbanflavour.pl\/wp-content\/uploads\/2020\/12\/fotograf-spotkanie-prasowe-warszawa-sen-5-830x554.jpg\" alt=\"Retro radio\" data-id=\"19129\" data-full-url=\"https:\/\/urbanflavour.pl\/wp-content\/uploads\/2020\/12\/fotograf-spotkanie-prasowe-warszawa-sen-5.jpg\" data-link=\"https:\/\/urbanflavour.pl\/spotkanie-prasowe-intel-w-klubie-sen\/fotograf-spotkanie-prasowe-warszawa-sen-5\/#main\" class=\"wp-image-19129\" title=\"Urbanflavour.pl\" srcset=\"https:\/\/urbanflavour.pl\/wp-content\/uploads\/2020\/12\/fotograf-spotkanie-prasowe-warszawa-sen-5-830x554.jpg 830w, https:\/\/urbanflavour.pl\/wp-content\/uploads\/2020\/12\/fotograf-spotkanie-prasowe-warszawa-sen-5-1024x684.jpg 1024w, https:\/\/urbanflavour.pl\/wp-content\/uploads\/2020\/12\/fotograf-spotkanie-prasowe-warszawa-sen-5-500x334.jpg 500w, https:\/\/urbanflavour.pl\/wp-content\/uploads\/2020\/12\/fotograf-spotkanie-prasowe-warszawa-sen-5.jpg 1400w\" sizes=\"auto, (max-width: 830px) 100vw, 830px\" \/><\/figure><\/li><\/ul><\/figure>\n\n\n\n<figure class=\"wp-block-gallery alignwide columns-2 is-cropped wp-block-gallery-5 is-layout-flex wp-block-gallery-is-layout-flex\"><ul class=\"blocks-gallery-grid\"><li class=\"blocks-gallery-item\"><figure><a href=\"https:\/\/urbanflavour.pl\/wp-content\/uploads\/2020\/12\/fotograf-spotkanie-prasowe-warszawa-sen-7-500x334.jpg\"><img loading=\"lazy\" decoding=\"async\" width=\"500\" height=\"334\" src=\"https:\/\/urbanflavour.pl\/wp-content\/uploads\/2020\/12\/fotograf-spotkanie-prasowe-warszawa-sen-7-500x334.jpg\" alt=\"Klub SEN w Warszawie\" data-id=\"19131\" data-full-url=\"https:\/\/urbanflavour.pl\/wp-content\/uploads\/2020\/12\/fotograf-spotkanie-prasowe-warszawa-sen-7.jpg\" data-link=\"https:\/\/urbanflavour.pl\/spotkanie-prasowe-intel-w-klubie-sen\/fotograf-spotkanie-prasowe-warszawa-sen-7\/#main\" class=\"wp-image-19131\" title=\"Urbanflavour.pl\" srcset=\"https:\/\/urbanflavour.pl\/wp-content\/uploads\/2020\/12\/fotograf-spotkanie-prasowe-warszawa-sen-7-500x334.jpg 500w, https:\/\/urbanflavour.pl\/wp-content\/uploads\/2020\/12\/fotograf-spotkanie-prasowe-warszawa-sen-7-830x554.jpg 830w, https:\/\/urbanflavour.pl\/wp-content\/uploads\/2020\/12\/fotograf-spotkanie-prasowe-warszawa-sen-7-1024x684.jpg 1024w, https:\/\/urbanflavour.pl\/wp-content\/uploads\/2020\/12\/fotograf-spotkanie-prasowe-warszawa-sen-7.jpg 1400w\" sizes=\"auto, (max-width: 500px) 100vw, 500px\" \/><\/a><\/figure><\/li><li class=\"blocks-gallery-item\"><figure><a href=\"https:\/\/urbanflavour.pl\/wp-content\/uploads\/2020\/12\/fotograf-spotkanie-prasowe-warszawa-sen-8-500x334.jpg\"><img loading=\"lazy\" decoding=\"async\" width=\"500\" height=\"334\" src=\"https:\/\/urbanflavour.pl\/wp-content\/uploads\/2020\/12\/fotograf-spotkanie-prasowe-warszawa-sen-8-500x334.jpg\" alt=\"Klub SEN w Warszawie\" data-id=\"19132\" data-full-url=\"https:\/\/urbanflavour.pl\/wp-content\/uploads\/2020\/12\/fotograf-spotkanie-prasowe-warszawa-sen-8.jpg\" data-link=\"https:\/\/urbanflavour.pl\/spotkanie-prasowe-intel-w-klubie-sen\/fotograf-spotkanie-prasowe-warszawa-sen-8\/#main\" class=\"wp-image-19132\" title=\"Urbanflavour.pl\" srcset=\"https:\/\/urbanflavour.pl\/wp-content\/uploads\/2020\/12\/fotograf-spotkanie-prasowe-warszawa-sen-8-500x334.jpg 500w, https:\/\/urbanflavour.pl\/wp-content\/uploads\/2020\/12\/fotograf-spotkanie-prasowe-warszawa-sen-8-830x554.jpg 830w, https:\/\/urbanflavour.pl\/wp-content\/uploads\/2020\/12\/fotograf-spotkanie-prasowe-warszawa-sen-8-1024x684.jpg 1024w, https:\/\/urbanflavour.pl\/wp-content\/uploads\/2020\/12\/fotograf-spotkanie-prasowe-warszawa-sen-8.jpg 1400w\" sizes=\"auto, (max-width: 500px) 100vw, 500px\" \/><\/a><\/figure><\/li><\/ul><\/figure>\n\n\n\n<figure class=\"wp-block-gallery columns-1 wp-block-gallery-6 is-layout-flex wp-block-gallery-is-layout-flex\"><ul class=\"blocks-gallery-grid\"><li class=\"blocks-gallery-item\"><figure><img loading=\"lazy\" decoding=\"async\" width=\"830\" height=\"554\" src=\"https:\/\/urbanflavour.pl\/wp-content\/uploads\/2020\/12\/fotograf-spotkanie-prasowe-warszawa-sen-33-830x554.jpg\" alt=\"Pictures in white frames on the wall\" data-id=\"19147\" data-full-url=\"https:\/\/urbanflavour.pl\/wp-content\/uploads\/2020\/12\/fotograf-spotkanie-prasowe-warszawa-sen-33.jpg\" data-link=\"https:\/\/urbanflavour.pl\/spotkanie-prasowe-intel-w-klubie-sen\/fotograf-spotkanie-prasowe-warszawa-sen-33\/#main\" class=\"wp-image-19147\" title=\"Urbanflavour.pl\" srcset=\"https:\/\/urbanflavour.pl\/wp-content\/uploads\/2020\/12\/fotograf-spotkanie-prasowe-warszawa-sen-33-830x554.jpg 830w, https:\/\/urbanflavour.pl\/wp-content\/uploads\/2020\/12\/fotograf-spotkanie-prasowe-warszawa-sen-33-1024x684.jpg 1024w, https:\/\/urbanflavour.pl\/wp-content\/uploads\/2020\/12\/fotograf-spotkanie-prasowe-warszawa-sen-33-500x334.jpg 500w, https:\/\/urbanflavour.pl\/wp-content\/uploads\/2020\/12\/fotograf-spotkanie-prasowe-warszawa-sen-33.jpg 1400w\" sizes=\"auto, (max-width: 830px) 100vw, 830px\" \/><\/figure><\/li><\/ul><\/figure>\n\n\n\n<figure class=\"wp-block-gallery alignwide columns-2 wp-block-gallery-7 is-layout-flex wp-block-gallery-is-layout-flex\"><ul class=\"blocks-gallery-grid\"><li class=\"blocks-gallery-item\"><figure><a href=\"https:\/\/urbanflavour.pl\/wp-content\/uploads\/2020\/12\/fotograf-spotkanie-prasowe-warszawa-sen-41-500x749.jpg\"><img loading=\"lazy\" decoding=\"async\" width=\"500\" height=\"749\" src=\"https:\/\/urbanflavour.pl\/wp-content\/uploads\/2020\/12\/fotograf-spotkanie-prasowe-warszawa-sen-41-500x749.jpg\" alt=\"Detale kwiat\" data-id=\"19155\" data-full-url=\"https:\/\/urbanflavour.pl\/wp-content\/uploads\/2020\/12\/fotograf-spotkanie-prasowe-warszawa-sen-41.jpg\" data-link=\"https:\/\/urbanflavour.pl\/spotkanie-prasowe-intel-w-klubie-sen\/fotograf-spotkanie-prasowe-warszawa-sen-41\/#main\" class=\"wp-image-19155\" title=\"Urbanflavour.pl\" srcset=\"https:\/\/urbanflavour.pl\/wp-content\/uploads\/2020\/12\/fotograf-spotkanie-prasowe-warszawa-sen-41-500x749.jpg 500w, https:\/\/urbanflavour.pl\/wp-content\/uploads\/2020\/12\/fotograf-spotkanie-prasowe-warszawa-sen-41-830x1243.jpg 830w, https:\/\/urbanflavour.pl\/wp-content\/uploads\/2020\/12\/fotograf-spotkanie-prasowe-warszawa-sen-41-1024x1534.jpg 1024w, https:\/\/urbanflavour.pl\/wp-content\/uploads\/2020\/12\/fotograf-spotkanie-prasowe-warszawa-sen-41.jpg 1400w\" sizes=\"auto, (max-width: 500px) 100vw, 500px\" \/><\/a><\/figure><\/li><li class=\"blocks-gallery-item\"><figure><a href=\"https:\/\/urbanflavour.pl\/wp-content\/uploads\/2020\/12\/fotograf-spotkanie-prasowe-warszawa-sen-54-500x749.jpg\"><img loading=\"lazy\" decoding=\"async\" width=\"500\" height=\"749\" src=\"https:\/\/urbanflavour.pl\/wp-content\/uploads\/2020\/12\/fotograf-spotkanie-prasowe-warszawa-sen-54-500x749.jpg\" alt=\"Wis\u0142ostrada w warszawie\" data-id=\"19168\" data-full-url=\"https:\/\/urbanflavour.pl\/wp-content\/uploads\/2020\/12\/fotograf-spotkanie-prasowe-warszawa-sen-54.jpg\" data-link=\"https:\/\/urbanflavour.pl\/spotkanie-prasowe-intel-w-klubie-sen\/fotograf-spotkanie-prasowe-warszawa-sen-54\/#main\" class=\"wp-image-19168\" title=\"Urbanflavour.pl\" srcset=\"https:\/\/urbanflavour.pl\/wp-content\/uploads\/2020\/12\/fotograf-spotkanie-prasowe-warszawa-sen-54-500x749.jpg 500w, https:\/\/urbanflavour.pl\/wp-content\/uploads\/2020\/12\/fotograf-spotkanie-prasowe-warszawa-sen-54-830x1243.jpg 830w, https:\/\/urbanflavour.pl\/wp-content\/uploads\/2020\/12\/fotograf-spotkanie-prasowe-warszawa-sen-54-1024x1534.jpg 1024w, https:\/\/urbanflavour.pl\/wp-content\/uploads\/2020\/12\/fotograf-spotkanie-prasowe-warszawa-sen-54.jpg 1400w\" sizes=\"auto, (max-width: 500px) 100vw, 500px\" \/><\/a><\/figure><\/li><\/ul><\/figure>\n\n\n\n<figure class=\"wp-block-gallery alignwide columns-3 wp-block-gallery-8 is-layout-flex wp-block-gallery-is-layout-flex\"><ul class=\"blocks-gallery-grid\"><li class=\"blocks-gallery-item\"><figure><a href=\"https:\/\/urbanflavour.pl\/wp-content\/uploads\/2020\/12\/fotograf-spotkanie-prasowe-warszawa-sen-74-500x334.jpg\"><img loading=\"lazy\" decoding=\"async\" width=\"500\" height=\"334\" src=\"https:\/\/urbanflavour.pl\/wp-content\/uploads\/2020\/12\/fotograf-spotkanie-prasowe-warszawa-sen-74-500x334.jpg\" alt=\"\u017bar\u00f3wka led na zielonym sznurze\" data-id=\"19188\" data-full-url=\"https:\/\/urbanflavour.pl\/wp-content\/uploads\/2020\/12\/fotograf-spotkanie-prasowe-warszawa-sen-74.jpg\" data-link=\"https:\/\/urbanflavour.pl\/spotkanie-prasowe-intel-w-klubie-sen\/fotograf-spotkanie-prasowe-warszawa-sen-74\/#main\" class=\"wp-image-19188\" title=\"Urbanflavour.pl\" srcset=\"https:\/\/urbanflavour.pl\/wp-content\/uploads\/2020\/12\/fotograf-spotkanie-prasowe-warszawa-sen-74-500x334.jpg 500w, https:\/\/urbanflavour.pl\/wp-content\/uploads\/2020\/12\/fotograf-spotkanie-prasowe-warszawa-sen-74-830x554.jpg 830w, https:\/\/urbanflavour.pl\/wp-content\/uploads\/2020\/12\/fotograf-spotkanie-prasowe-warszawa-sen-74-1024x684.jpg 1024w, https:\/\/urbanflavour.pl\/wp-content\/uploads\/2020\/12\/fotograf-spotkanie-prasowe-warszawa-sen-74.jpg 1400w\" sizes=\"auto, (max-width: 500px) 100vw, 500px\" \/><\/a><\/figure><\/li><li class=\"blocks-gallery-item\"><figure><a href=\"https:\/\/urbanflavour.pl\/wp-content\/uploads\/2020\/12\/fotograf-spotkanie-prasowe-warszawa-sen-500x334.jpg\"><img loading=\"lazy\" decoding=\"async\" width=\"500\" height=\"334\" src=\"https:\/\/urbanflavour.pl\/wp-content\/uploads\/2020\/12\/fotograf-spotkanie-prasowe-warszawa-sen-500x334.jpg\" alt=\"Zielone dekoracje nad barwm\" data-id=\"19190\" data-full-url=\"https:\/\/urbanflavour.pl\/wp-content\/uploads\/2020\/12\/fotograf-spotkanie-prasowe-warszawa-sen.jpg\" data-link=\"https:\/\/urbanflavour.pl\/spotkanie-prasowe-intel-w-klubie-sen\/fotograf-spotkanie-prasowe-warszawa-sen\/#main\" class=\"wp-image-19190\" title=\"Urbanflavour.pl\" srcset=\"https:\/\/urbanflavour.pl\/wp-content\/uploads\/2020\/12\/fotograf-spotkanie-prasowe-warszawa-sen-500x334.jpg 500w, https:\/\/urbanflavour.pl\/wp-content\/uploads\/2020\/12\/fotograf-spotkanie-prasowe-warszawa-sen-830x554.jpg 830w, https:\/\/urbanflavour.pl\/wp-content\/uploads\/2020\/12\/fotograf-spotkanie-prasowe-warszawa-sen-1024x684.jpg 1024w, https:\/\/urbanflavour.pl\/wp-content\/uploads\/2020\/12\/fotograf-spotkanie-prasowe-warszawa-sen.jpg 1400w\" sizes=\"auto, (max-width: 500px) 100vw, 500px\" \/><\/a><\/figure><\/li><li class=\"blocks-gallery-item\"><figure><a href=\"https:\/\/urbanflavour.pl\/wp-content\/uploads\/2020\/12\/fotograf-spotkanie-prasowe-warszawa-sen0-500x334.jpg\"><img loading=\"lazy\" decoding=\"async\" width=\"500\" height=\"334\" src=\"https:\/\/urbanflavour.pl\/wp-content\/uploads\/2020\/12\/fotograf-spotkanie-prasowe-warszawa-sen0-500x334.jpg\" alt=\"Haftowana poduszka\" data-id=\"19191\" data-full-url=\"https:\/\/urbanflavour.pl\/wp-content\/uploads\/2020\/12\/fotograf-spotkanie-prasowe-warszawa-sen0.jpg\" data-link=\"https:\/\/urbanflavour.pl\/spotkanie-prasowe-intel-w-klubie-sen\/fotograf-spotkanie-prasowe-warszawa-sen0\/#main\" class=\"wp-image-19191\" title=\"Urbanflavour.pl\" srcset=\"https:\/\/urbanflavour.pl\/wp-content\/uploads\/2020\/12\/fotograf-spotkanie-prasowe-warszawa-sen0-500x334.jpg 500w, https:\/\/urbanflavour.pl\/wp-content\/uploads\/2020\/12\/fotograf-spotkanie-prasowe-warszawa-sen0-830x554.jpg 830w, https:\/\/urbanflavour.pl\/wp-content\/uploads\/2020\/12\/fotograf-spotkanie-prasowe-warszawa-sen0-1024x684.jpg 1024w, https:\/\/urbanflavour.pl\/wp-content\/uploads\/2020\/12\/fotograf-spotkanie-prasowe-warszawa-sen0.jpg 1400w\" sizes=\"auto, (max-width: 500px) 100vw, 500px\" \/><\/a><\/figure><\/li><\/ul><\/figure>\n\n\n\n<figure class=\"wp-block-gallery alignwide columns-2 wp-block-gallery-9 is-layout-flex wp-block-gallery-is-layout-flex\"><ul class=\"blocks-gallery-grid\"><li class=\"blocks-gallery-item\"><figure><a href=\"https:\/\/urbanflavour.pl\/wp-content\/uploads\/2020\/12\/fotograf-spotkanie-prasowe-warszawa-sen1-500x749.jpg\"><img loading=\"lazy\" decoding=\"async\" width=\"500\" height=\"749\" src=\"https:\/\/urbanflavour.pl\/wp-content\/uploads\/2020\/12\/fotograf-spotkanie-prasowe-warszawa-sen1-500x749.jpg\" alt=\"R\u00f3\u017cowy metalowy flaming\" data-id=\"19192\" data-full-url=\"https:\/\/urbanflavour.pl\/wp-content\/uploads\/2020\/12\/fotograf-spotkanie-prasowe-warszawa-sen1.jpg\" data-link=\"https:\/\/urbanflavour.pl\/spotkanie-prasowe-intel-w-klubie-sen\/fotograf-spotkanie-prasowe-warszawa-sen1\/#main\" class=\"wp-image-19192\" title=\"Urbanflavour.pl\" srcset=\"https:\/\/urbanflavour.pl\/wp-content\/uploads\/2020\/12\/fotograf-spotkanie-prasowe-warszawa-sen1-500x749.jpg 500w, https:\/\/urbanflavour.pl\/wp-content\/uploads\/2020\/12\/fotograf-spotkanie-prasowe-warszawa-sen1-830x1243.jpg 830w, https:\/\/urbanflavour.pl\/wp-content\/uploads\/2020\/12\/fotograf-spotkanie-prasowe-warszawa-sen1-1024x1534.jpg 1024w, https:\/\/urbanflavour.pl\/wp-content\/uploads\/2020\/12\/fotograf-spotkanie-prasowe-warszawa-sen1.jpg 1400w\" sizes=\"auto, (max-width: 500px) 100vw, 500px\" \/><\/a><\/figure><\/li><li class=\"blocks-gallery-item\"><figure><a href=\"https:\/\/urbanflavour.pl\/wp-content\/uploads\/2020\/12\/fotograf-spotkanie-prasowe-warszawa-sen9-500x749.jpg\"><img loading=\"lazy\" decoding=\"async\" width=\"500\" height=\"749\" src=\"https:\/\/urbanflavour.pl\/wp-content\/uploads\/2020\/12\/fotograf-spotkanie-prasowe-warszawa-sen9-500x749.jpg\" alt=\"Klub Sen w Warszawie\" data-id=\"19200\" data-full-url=\"https:\/\/urbanflavour.pl\/wp-content\/uploads\/2020\/12\/fotograf-spotkanie-prasowe-warszawa-sen9.jpg\" data-link=\"https:\/\/urbanflavour.pl\/spotkanie-prasowe-intel-w-klubie-sen\/fotograf-spotkanie-prasowe-warszawa-sen9\/#main\" class=\"wp-image-19200\" title=\"Urbanflavour.pl\" srcset=\"https:\/\/urbanflavour.pl\/wp-content\/uploads\/2020\/12\/fotograf-spotkanie-prasowe-warszawa-sen9-500x749.jpg 500w, https:\/\/urbanflavour.pl\/wp-content\/uploads\/2020\/12\/fotograf-spotkanie-prasowe-warszawa-sen9-830x1243.jpg 830w, https:\/\/urbanflavour.pl\/wp-content\/uploads\/2020\/12\/fotograf-spotkanie-prasowe-warszawa-sen9-1024x1534.jpg 1024w, https:\/\/urbanflavour.pl\/wp-content\/uploads\/2020\/12\/fotograf-spotkanie-prasowe-warszawa-sen9.jpg 1400w\" sizes=\"auto, (max-width: 500px) 100vw, 500px\" \/><\/a><\/figure><\/li><\/ul><\/figure>\n\n\n\n<figure class=\"wp-block-gallery alignwide columns-3 wp-block-gallery-10 is-layout-flex wp-block-gallery-is-layout-flex\"><ul class=\"blocks-gallery-grid\"><li class=\"blocks-gallery-item\"><figure><a href=\"https:\/\/urbanflavour.pl\/wp-content\/uploads\/2020\/12\/fotograf-spotkanie-prasowe-warszawa-sen3-500x334.jpg\"><img loading=\"lazy\" decoding=\"async\" width=\"500\" height=\"334\" src=\"https:\/\/urbanflavour.pl\/wp-content\/uploads\/2020\/12\/fotograf-spotkanie-prasowe-warszawa-sen3-500x334.jpg\" alt=\"Lampy na suficie\" data-id=\"19194\" data-full-url=\"https:\/\/urbanflavour.pl\/wp-content\/uploads\/2020\/12\/fotograf-spotkanie-prasowe-warszawa-sen3.jpg\" data-link=\"https:\/\/urbanflavour.pl\/spotkanie-prasowe-intel-w-klubie-sen\/fotograf-spotkanie-prasowe-warszawa-sen3\/#main\" class=\"wp-image-19194\" title=\"Urbanflavour.pl\" srcset=\"https:\/\/urbanflavour.pl\/wp-content\/uploads\/2020\/12\/fotograf-spotkanie-prasowe-warszawa-sen3-500x334.jpg 500w, https:\/\/urbanflavour.pl\/wp-content\/uploads\/2020\/12\/fotograf-spotkanie-prasowe-warszawa-sen3-830x554.jpg 830w, https:\/\/urbanflavour.pl\/wp-content\/uploads\/2020\/12\/fotograf-spotkanie-prasowe-warszawa-sen3-1024x684.jpg 1024w, https:\/\/urbanflavour.pl\/wp-content\/uploads\/2020\/12\/fotograf-spotkanie-prasowe-warszawa-sen3.jpg 1400w\" sizes=\"auto, (max-width: 500px) 100vw, 500px\" \/><\/a><\/figure><\/li><li class=\"blocks-gallery-item\"><figure><a href=\"https:\/\/urbanflavour.pl\/wp-content\/uploads\/2020\/12\/fotograf-spotkanie-prasowe-warszawa-sen5-500x334.jpg\"><img loading=\"lazy\" decoding=\"async\" width=\"500\" height=\"334\" src=\"https:\/\/urbanflavour.pl\/wp-content\/uploads\/2020\/12\/fotograf-spotkanie-prasowe-warszawa-sen5-500x334.jpg\" alt=\"Wn\u0119trze klubu SEN\" data-id=\"19196\" data-full-url=\"https:\/\/urbanflavour.pl\/wp-content\/uploads\/2020\/12\/fotograf-spotkanie-prasowe-warszawa-sen5.jpg\" data-link=\"https:\/\/urbanflavour.pl\/spotkanie-prasowe-intel-w-klubie-sen\/fotograf-spotkanie-prasowe-warszawa-sen5\/#main\" class=\"wp-image-19196\" title=\"Urbanflavour.pl\" srcset=\"https:\/\/urbanflavour.pl\/wp-content\/uploads\/2020\/12\/fotograf-spotkanie-prasowe-warszawa-sen5-500x334.jpg 500w, https:\/\/urbanflavour.pl\/wp-content\/uploads\/2020\/12\/fotograf-spotkanie-prasowe-warszawa-sen5-830x554.jpg 830w, https:\/\/urbanflavour.pl\/wp-content\/uploads\/2020\/12\/fotograf-spotkanie-prasowe-warszawa-sen5-1024x684.jpg 1024w, https:\/\/urbanflavour.pl\/wp-content\/uploads\/2020\/12\/fotograf-spotkanie-prasowe-warszawa-sen5.jpg 1400w\" sizes=\"auto, (max-width: 500px) 100vw, 500px\" \/><\/a><\/figure><\/li><li class=\"blocks-gallery-item\"><figure><a href=\"https:\/\/urbanflavour.pl\/wp-content\/uploads\/2020\/12\/fotograf-spotkanie-prasowe-warszawa-sen6-500x334.jpg\"><img loading=\"lazy\" decoding=\"async\" width=\"500\" height=\"334\" src=\"https:\/\/urbanflavour.pl\/wp-content\/uploads\/2020\/12\/fotograf-spotkanie-prasowe-warszawa-sen6-500x334.jpg\" alt=\"Wn\u0119trze klubu SEN w Warszawie\" data-id=\"19197\" data-full-url=\"https:\/\/urbanflavour.pl\/wp-content\/uploads\/2020\/12\/fotograf-spotkanie-prasowe-warszawa-sen6.jpg\" data-link=\"https:\/\/urbanflavour.pl\/spotkanie-prasowe-intel-w-klubie-sen\/fotograf-spotkanie-prasowe-warszawa-sen6\/#main\" class=\"wp-image-19197\" title=\"Urbanflavour.pl\" srcset=\"https:\/\/urbanflavour.pl\/wp-content\/uploads\/2020\/12\/fotograf-spotkanie-prasowe-warszawa-sen6-500x334.jpg 500w, https:\/\/urbanflavour.pl\/wp-content\/uploads\/2020\/12\/fotograf-spotkanie-prasowe-warszawa-sen6-830x554.jpg 830w, https:\/\/urbanflavour.pl\/wp-content\/uploads\/2020\/12\/fotograf-spotkanie-prasowe-warszawa-sen6-1024x684.jpg 1024w, https:\/\/urbanflavour.pl\/wp-content\/uploads\/2020\/12\/fotograf-spotkanie-prasowe-warszawa-sen6.jpg 1400w\" sizes=\"auto, (max-width: 500px) 100vw, 500px\" \/><\/a><\/figure><\/li><\/ul><\/figure>\n\n\n\n<figure class=\"wp-block-gallery alignwide columns-2 wp-block-gallery-11 is-layout-flex wp-block-gallery-is-layout-flex\"><ul class=\"blocks-gallery-grid\"><li class=\"blocks-gallery-item\"><figure><a href=\"https:\/\/urbanflavour.pl\/wp-content\/uploads\/2020\/12\/fotograf-spotkanie-prasowe-warszawa-sen7-500x334.jpg\"><img loading=\"lazy\" decoding=\"async\" width=\"500\" height=\"334\" src=\"https:\/\/urbanflavour.pl\/wp-content\/uploads\/2020\/12\/fotograf-spotkanie-prasowe-warszawa-sen7-500x334.jpg\" alt=\"Wn\u0119trze klubu SEN nad wis\u0142\u0105\" data-id=\"19198\" data-full-url=\"https:\/\/urbanflavour.pl\/wp-content\/uploads\/2020\/12\/fotograf-spotkanie-prasowe-warszawa-sen7.jpg\" data-link=\"https:\/\/urbanflavour.pl\/spotkanie-prasowe-intel-w-klubie-sen\/fotograf-spotkanie-prasowe-warszawa-sen7\/#main\" class=\"wp-image-19198\" title=\"Urbanflavour.pl\" srcset=\"https:\/\/urbanflavour.pl\/wp-content\/uploads\/2020\/12\/fotograf-spotkanie-prasowe-warszawa-sen7-500x334.jpg 500w, https:\/\/urbanflavour.pl\/wp-content\/uploads\/2020\/12\/fotograf-spotkanie-prasowe-warszawa-sen7-830x554.jpg 830w, https:\/\/urbanflavour.pl\/wp-content\/uploads\/2020\/12\/fotograf-spotkanie-prasowe-warszawa-sen7-1024x684.jpg 1024w, https:\/\/urbanflavour.pl\/wp-content\/uploads\/2020\/12\/fotograf-spotkanie-prasowe-warszawa-sen7.jpg 1400w\" sizes=\"auto, (max-width: 500px) 100vw, 500px\" \/><\/a><\/figure><\/li><li class=\"blocks-gallery-item\"><figure><a href=\"https:\/\/urbanflavour.pl\/wp-content\/uploads\/2020\/12\/fotograf-spotkanie-prasowe-warszawa-sen8-500x334.jpg\"><img loading=\"lazy\" decoding=\"async\" width=\"500\" height=\"334\" src=\"https:\/\/urbanflavour.pl\/wp-content\/uploads\/2020\/12\/fotograf-spotkanie-prasowe-warszawa-sen8-500x334.jpg\" alt=\"Obraz na \u015bcianie w klubie SEN\" data-id=\"19199\" data-full-url=\"https:\/\/urbanflavour.pl\/wp-content\/uploads\/2020\/12\/fotograf-spotkanie-prasowe-warszawa-sen8.jpg\" data-link=\"https:\/\/urbanflavour.pl\/spotkanie-prasowe-intel-w-klubie-sen\/fotograf-spotkanie-prasowe-warszawa-sen8\/#main\" class=\"wp-image-19199\" title=\"Urbanflavour.pl\" srcset=\"https:\/\/urbanflavour.pl\/wp-content\/uploads\/2020\/12\/fotograf-spotkanie-prasowe-warszawa-sen8-500x334.jpg 500w, https:\/\/urbanflavour.pl\/wp-content\/uploads\/2020\/12\/fotograf-spotkanie-prasowe-warszawa-sen8-830x554.jpg 830w, https:\/\/urbanflavour.pl\/wp-content\/uploads\/2020\/12\/fotograf-spotkanie-prasowe-warszawa-sen8-1024x684.jpg 1024w, https:\/\/urbanflavour.pl\/wp-content\/uploads\/2020\/12\/fotograf-spotkanie-prasowe-warszawa-sen8.jpg 1400w\" sizes=\"auto, (max-width: 500px) 100vw, 500px\" \/><\/a><\/figure><\/li><\/ul><\/figure>\n\n\n\n<h2 class=\"wp-block-heading\">Computers with Intel processors<\/h2>\n\n\n\n<p>The subject of this meeting were laptops with a budget of about PLN 2,500,000 for people who need a simple, yet universal notebook for today&#8217;s times. Intel has prepared its proposals for Asus, Dell and HP computers. Each of them was equipped with an i5 processor, 8GB of RAM and an SSD drive.<\/p>\n\n\n\n<figure class=\"wp-block-gallery alignwide columns-3 wp-block-gallery-12 is-layout-flex wp-block-gallery-is-layout-flex\"><ul class=\"blocks-gallery-grid\"><li class=\"blocks-gallery-item\"><figure><a href=\"https:\/\/urbanflavour.pl\/wp-content\/uploads\/2020\/12\/fotograf-spotkanie-prasowe-warszawa-sen-21-500x334.jpg\"><img loading=\"lazy\" decoding=\"async\" width=\"500\" height=\"334\" src=\"https:\/\/urbanflavour.pl\/wp-content\/uploads\/2020\/12\/fotograf-spotkanie-prasowe-warszawa-sen-21-500x334.jpg\" alt=\"Asus Sonicmaster\" data-id=\"19135\" data-full-url=\"https:\/\/urbanflavour.pl\/wp-content\/uploads\/2020\/12\/fotograf-spotkanie-prasowe-warszawa-sen-21.jpg\" data-link=\"https:\/\/urbanflavour.pl\/spotkanie-prasowe-intel-w-klubie-sen\/fotograf-spotkanie-prasowe-warszawa-sen-21\/#main\" class=\"wp-image-19135\" title=\"Urbanflavour.pl\" srcset=\"https:\/\/urbanflavour.pl\/wp-content\/uploads\/2020\/12\/fotograf-spotkanie-prasowe-warszawa-sen-21-500x334.jpg 500w, https:\/\/urbanflavour.pl\/wp-content\/uploads\/2020\/12\/fotograf-spotkanie-prasowe-warszawa-sen-21-830x554.jpg 830w, https:\/\/urbanflavour.pl\/wp-content\/uploads\/2020\/12\/fotograf-spotkanie-prasowe-warszawa-sen-21-1024x684.jpg 1024w, https:\/\/urbanflavour.pl\/wp-content\/uploads\/2020\/12\/fotograf-spotkanie-prasowe-warszawa-sen-21.jpg 1400w\" sizes=\"auto, (max-width: 500px) 100vw, 500px\" \/><\/a><\/figure><\/li><li class=\"blocks-gallery-item\"><figure><a href=\"https:\/\/urbanflavour.pl\/wp-content\/uploads\/2020\/12\/fotograf-spotkanie-prasowe-warszawa-sen-22-500x334.jpg\"><img loading=\"lazy\" decoding=\"async\" width=\"500\" height=\"334\" src=\"https:\/\/urbanflavour.pl\/wp-content\/uploads\/2020\/12\/fotograf-spotkanie-prasowe-warszawa-sen-22-500x334.jpg\" alt=\"Laptop HP\" data-id=\"19136\" data-full-url=\"https:\/\/urbanflavour.pl\/wp-content\/uploads\/2020\/12\/fotograf-spotkanie-prasowe-warszawa-sen-22.jpg\" data-link=\"https:\/\/urbanflavour.pl\/spotkanie-prasowe-intel-w-klubie-sen\/fotograf-spotkanie-prasowe-warszawa-sen-22\/#main\" class=\"wp-image-19136\" title=\"Urbanflavour.pl\" srcset=\"https:\/\/urbanflavour.pl\/wp-content\/uploads\/2020\/12\/fotograf-spotkanie-prasowe-warszawa-sen-22-500x334.jpg 500w, https:\/\/urbanflavour.pl\/wp-content\/uploads\/2020\/12\/fotograf-spotkanie-prasowe-warszawa-sen-22-830x554.jpg 830w, https:\/\/urbanflavour.pl\/wp-content\/uploads\/2020\/12\/fotograf-spotkanie-prasowe-warszawa-sen-22-1024x684.jpg 1024w, https:\/\/urbanflavour.pl\/wp-content\/uploads\/2020\/12\/fotograf-spotkanie-prasowe-warszawa-sen-22.jpg 1400w\" sizes=\"auto, (max-width: 500px) 100vw, 500px\" \/><\/a><\/figure><\/li><li class=\"blocks-gallery-item\"><figure><a href=\"https:\/\/urbanflavour.pl\/wp-content\/uploads\/2020\/12\/fotograf-spotkanie-prasowe-warszawa-sen-48-500x334.jpg\"><img loading=\"lazy\" decoding=\"async\" width=\"500\" height=\"334\" src=\"https:\/\/urbanflavour.pl\/wp-content\/uploads\/2020\/12\/fotograf-spotkanie-prasowe-warszawa-sen-48-500x334.jpg\" alt=\"Laptop HP\" data-id=\"19162\" data-full-url=\"https:\/\/urbanflavour.pl\/wp-content\/uploads\/2020\/12\/fotograf-spotkanie-prasowe-warszawa-sen-48.jpg\" data-link=\"https:\/\/urbanflavour.pl\/spotkanie-prasowe-intel-w-klubie-sen\/fotograf-spotkanie-prasowe-warszawa-sen-48\/#main\" class=\"wp-image-19162\" title=\"Urbanflavour.pl\" srcset=\"https:\/\/urbanflavour.pl\/wp-content\/uploads\/2020\/12\/fotograf-spotkanie-prasowe-warszawa-sen-48-500x334.jpg 500w, https:\/\/urbanflavour.pl\/wp-content\/uploads\/2020\/12\/fotograf-spotkanie-prasowe-warszawa-sen-48-830x554.jpg 830w, https:\/\/urbanflavour.pl\/wp-content\/uploads\/2020\/12\/fotograf-spotkanie-prasowe-warszawa-sen-48-1024x684.jpg 1024w, https:\/\/urbanflavour.pl\/wp-content\/uploads\/2020\/12\/fotograf-spotkanie-prasowe-warszawa-sen-48.jpg 1400w\" sizes=\"auto, (max-width: 500px) 100vw, 500px\" \/><\/a><\/figure><\/li><\/ul><\/figure>\n\n\n\n<figure class=\"wp-block-gallery alignwide columns-2 wp-block-gallery-13 is-layout-flex wp-block-gallery-is-layout-flex\"><ul class=\"blocks-gallery-grid\"><li class=\"blocks-gallery-item\"><figure><a href=\"https:\/\/urbanflavour.pl\/wp-content\/uploads\/2020\/12\/fotograf-spotkanie-prasowe-warszawa-sen-53-500x334.jpg\"><img loading=\"lazy\" decoding=\"async\" width=\"500\" height=\"334\" src=\"https:\/\/urbanflavour.pl\/wp-content\/uploads\/2020\/12\/fotograf-spotkanie-prasowe-warszawa-sen-53-500x334.jpg\" alt=\"Komputery Intel\" data-id=\"19167\" data-full-url=\"https:\/\/urbanflavour.pl\/wp-content\/uploads\/2020\/12\/fotograf-spotkanie-prasowe-warszawa-sen-53.jpg\" data-link=\"https:\/\/urbanflavour.pl\/spotkanie-prasowe-intel-w-klubie-sen\/fotograf-spotkanie-prasowe-warszawa-sen-53\/#main\" class=\"wp-image-19167\" title=\"Urbanflavour.pl\" srcset=\"https:\/\/urbanflavour.pl\/wp-content\/uploads\/2020\/12\/fotograf-spotkanie-prasowe-warszawa-sen-53-500x334.jpg 500w, https:\/\/urbanflavour.pl\/wp-content\/uploads\/2020\/12\/fotograf-spotkanie-prasowe-warszawa-sen-53-830x554.jpg 830w, https:\/\/urbanflavour.pl\/wp-content\/uploads\/2020\/12\/fotograf-spotkanie-prasowe-warszawa-sen-53-1024x684.jpg 1024w, https:\/\/urbanflavour.pl\/wp-content\/uploads\/2020\/12\/fotograf-spotkanie-prasowe-warszawa-sen-53.jpg 1400w\" sizes=\"auto, (max-width: 500px) 100vw, 500px\" \/><\/a><\/figure><\/li><li class=\"blocks-gallery-item\"><figure><a href=\"https:\/\/urbanflavour.pl\/wp-content\/uploads\/2020\/12\/fotograf-spotkanie-prasowe-warszawa-sen-50-500x334.jpg\"><img loading=\"lazy\" decoding=\"async\" width=\"500\" height=\"334\" src=\"https:\/\/urbanflavour.pl\/wp-content\/uploads\/2020\/12\/fotograf-spotkanie-prasowe-warszawa-sen-50-500x334.jpg\" alt=\"komputery z procesorami intel\" data-id=\"19164\" data-full-url=\"https:\/\/urbanflavour.pl\/wp-content\/uploads\/2020\/12\/fotograf-spotkanie-prasowe-warszawa-sen-50.jpg\" data-link=\"https:\/\/urbanflavour.pl\/spotkanie-prasowe-intel-w-klubie-sen\/fotograf-spotkanie-prasowe-warszawa-sen-50\/#main\" class=\"wp-image-19164\" title=\"Urbanflavour.pl\" srcset=\"https:\/\/urbanflavour.pl\/wp-content\/uploads\/2020\/12\/fotograf-spotkanie-prasowe-warszawa-sen-50-500x334.jpg 500w, https:\/\/urbanflavour.pl\/wp-content\/uploads\/2020\/12\/fotograf-spotkanie-prasowe-warszawa-sen-50-830x554.jpg 830w, https:\/\/urbanflavour.pl\/wp-content\/uploads\/2020\/12\/fotograf-spotkanie-prasowe-warszawa-sen-50-1024x684.jpg 1024w, https:\/\/urbanflavour.pl\/wp-content\/uploads\/2020\/12\/fotograf-spotkanie-prasowe-warszawa-sen-50.jpg 1400w\" sizes=\"auto, (max-width: 500px) 100vw, 500px\" \/><\/a><\/figure><\/li><\/ul><\/figure>\n\n\n\n<h2 class=\"wp-block-heading\">Morning coffee<\/h2>\n\n\n\n<p>The meeting started with a loose jackdaw of brownie. During this time, the guests and the hosts had the opportunity to get to know each other a moment before the official part of the meeting, which were also loosely but to the point. As a photographer for a press meeting, I am a fan of this form, without rush and pomposity. The organizers did a great job in this respect.<\/p>\n\n\n\n<figure class=\"wp-block-gallery columns-1 wp-block-gallery-14 is-layout-flex wp-block-gallery-is-layout-flex\"><ul class=\"blocks-gallery-grid\"><li class=\"blocks-gallery-item\"><figure><img loading=\"lazy\" decoding=\"async\" width=\"830\" height=\"554\" src=\"https:\/\/urbanflavour.pl\/wp-content\/uploads\/2020\/12\/fotograf-spotkanie-prasowe-warszawa-sen-25-830x554.jpg\" alt=\"Press breakfast in the SEN club\" data-id=\"19139\" data-full-url=\"https:\/\/urbanflavour.pl\/wp-content\/uploads\/2020\/12\/fotograf-spotkanie-prasowe-warszawa-sen-25.jpg\" data-link=\"https:\/\/urbanflavour.pl\/spotkanie-prasowe-intel-w-klubie-sen\/fotograf-spotkanie-prasowe-warszawa-sen-25\/#main\" class=\"wp-image-19139\" title=\"Urbanflavour.pl\" srcset=\"https:\/\/urbanflavour.pl\/wp-content\/uploads\/2020\/12\/fotograf-spotkanie-prasowe-warszawa-sen-25-830x554.jpg 830w, https:\/\/urbanflavour.pl\/wp-content\/uploads\/2020\/12\/fotograf-spotkanie-prasowe-warszawa-sen-25-1024x684.jpg 1024w, https:\/\/urbanflavour.pl\/wp-content\/uploads\/2020\/12\/fotograf-spotkanie-prasowe-warszawa-sen-25-500x334.jpg 500w, https:\/\/urbanflavour.pl\/wp-content\/uploads\/2020\/12\/fotograf-spotkanie-prasowe-warszawa-sen-25.jpg 1400w\" sizes=\"auto, (max-width: 830px) 100vw, 830px\" \/><\/figure><\/li><\/ul><\/figure>\n\n\n\n<figure class=\"wp-block-gallery columns-1 wp-block-gallery-15 is-layout-flex wp-block-gallery-is-layout-flex\"><ul class=\"blocks-gallery-grid\"><li class=\"blocks-gallery-item\"><figure><img loading=\"lazy\" decoding=\"async\" width=\"830\" height=\"554\" src=\"https:\/\/urbanflavour.pl\/wp-content\/uploads\/2020\/12\/fotograf-spotkanie-prasowe-warszawa-sen-57-830x554.jpg\" alt=\"Cake on the table\" data-id=\"19171\" data-full-url=\"https:\/\/urbanflavour.pl\/wp-content\/uploads\/2020\/12\/fotograf-spotkanie-prasowe-warszawa-sen-57.jpg\" data-link=\"https:\/\/urbanflavour.pl\/spotkanie-prasowe-intel-w-klubie-sen\/fotograf-spotkanie-prasowe-warszawa-sen-57\/#main\" class=\"wp-image-19171\" title=\"Urbanflavour.pl\" srcset=\"https:\/\/urbanflavour.pl\/wp-content\/uploads\/2020\/12\/fotograf-spotkanie-prasowe-warszawa-sen-57-830x554.jpg 830w, https:\/\/urbanflavour.pl\/wp-content\/uploads\/2020\/12\/fotograf-spotkanie-prasowe-warszawa-sen-57-1024x684.jpg 1024w, https:\/\/urbanflavour.pl\/wp-content\/uploads\/2020\/12\/fotograf-spotkanie-prasowe-warszawa-sen-57-500x334.jpg 500w, https:\/\/urbanflavour.pl\/wp-content\/uploads\/2020\/12\/fotograf-spotkanie-prasowe-warszawa-sen-57.jpg 1400w\" sizes=\"auto, (max-width: 830px) 100vw, 830px\" \/><\/figure><\/li><li class=\"blocks-gallery-item\"><figure><img loading=\"lazy\" decoding=\"async\" width=\"830\" height=\"554\" src=\"https:\/\/urbanflavour.pl\/wp-content\/uploads\/2020\/12\/fotograf-spotkanie-prasowe-warszawa-sen-32-830x554.jpg\" alt=\"Coffee machine\" data-id=\"19146\" data-full-url=\"https:\/\/urbanflavour.pl\/wp-content\/uploads\/2020\/12\/fotograf-spotkanie-prasowe-warszawa-sen-32.jpg\" data-link=\"https:\/\/urbanflavour.pl\/spotkanie-prasowe-intel-w-klubie-sen\/fotograf-spotkanie-prasowe-warszawa-sen-32\/#main\" class=\"wp-image-19146\" title=\"Urbanflavour.pl\" srcset=\"https:\/\/urbanflavour.pl\/wp-content\/uploads\/2020\/12\/fotograf-spotkanie-prasowe-warszawa-sen-32-830x554.jpg 830w, https:\/\/urbanflavour.pl\/wp-content\/uploads\/2020\/12\/fotograf-spotkanie-prasowe-warszawa-sen-32-1024x684.jpg 1024w, https:\/\/urbanflavour.pl\/wp-content\/uploads\/2020\/12\/fotograf-spotkanie-prasowe-warszawa-sen-32-500x334.jpg 500w, https:\/\/urbanflavour.pl\/wp-content\/uploads\/2020\/12\/fotograf-spotkanie-prasowe-warszawa-sen-32.jpg 1400w\" sizes=\"auto, (max-width: 830px) 100vw, 830px\" \/><\/figure><\/li><\/ul><\/figure>\n\n\n\n<figure class=\"wp-block-gallery alignwide columns-2 wp-block-gallery-16 is-layout-flex wp-block-gallery-is-layout-flex\"><ul class=\"blocks-gallery-grid\"><li class=\"blocks-gallery-item\"><figure><a href=\"https:\/\/urbanflavour.pl\/wp-content\/uploads\/2020\/12\/fotograf-spotkanie-prasowe-warszawa-sen-28-500x749.jpg\"><img loading=\"lazy\" decoding=\"async\" width=\"500\" height=\"749\" src=\"https:\/\/urbanflavour.pl\/wp-content\/uploads\/2020\/12\/fotograf-spotkanie-prasowe-warszawa-sen-28-500x749.jpg\" alt=\"Spotkanie przy kawie\" data-id=\"19142\" data-full-url=\"https:\/\/urbanflavour.pl\/wp-content\/uploads\/2020\/12\/fotograf-spotkanie-prasowe-warszawa-sen-28.jpg\" data-link=\"https:\/\/urbanflavour.pl\/spotkanie-prasowe-intel-w-klubie-sen\/fotograf-spotkanie-prasowe-warszawa-sen-28\/#main\" class=\"wp-image-19142\" title=\"Urbanflavour.pl\" srcset=\"https:\/\/urbanflavour.pl\/wp-content\/uploads\/2020\/12\/fotograf-spotkanie-prasowe-warszawa-sen-28-500x749.jpg 500w, https:\/\/urbanflavour.pl\/wp-content\/uploads\/2020\/12\/fotograf-spotkanie-prasowe-warszawa-sen-28-830x1243.jpg 830w, https:\/\/urbanflavour.pl\/wp-content\/uploads\/2020\/12\/fotograf-spotkanie-prasowe-warszawa-sen-28-1024x1534.jpg 1024w, https:\/\/urbanflavour.pl\/wp-content\/uploads\/2020\/12\/fotograf-spotkanie-prasowe-warszawa-sen-28.jpg 1400w\" sizes=\"auto, (max-width: 500px) 100vw, 500px\" \/><\/a><\/figure><\/li><li class=\"blocks-gallery-item\"><figure><a href=\"https:\/\/urbanflavour.pl\/wp-content\/uploads\/2020\/12\/fotograf-spotkanie-prasowe-warszawa-sen-72-500x749.jpg\"><img loading=\"lazy\" decoding=\"async\" width=\"500\" height=\"749\" src=\"https:\/\/urbanflavour.pl\/wp-content\/uploads\/2020\/12\/fotograf-spotkanie-prasowe-warszawa-sen-72-500x749.jpg\" alt=\"Wazon z bawe\u0142n\u0105\" data-id=\"19186\" data-full-url=\"https:\/\/urbanflavour.pl\/wp-content\/uploads\/2020\/12\/fotograf-spotkanie-prasowe-warszawa-sen-72.jpg\" data-link=\"https:\/\/urbanflavour.pl\/spotkanie-prasowe-intel-w-klubie-sen\/fotograf-spotkanie-prasowe-warszawa-sen-72\/#main\" class=\"wp-image-19186\" title=\"Urbanflavour.pl\" srcset=\"https:\/\/urbanflavour.pl\/wp-content\/uploads\/2020\/12\/fotograf-spotkanie-prasowe-warszawa-sen-72-500x749.jpg 500w, https:\/\/urbanflavour.pl\/wp-content\/uploads\/2020\/12\/fotograf-spotkanie-prasowe-warszawa-sen-72-830x1243.jpg 830w, https:\/\/urbanflavour.pl\/wp-content\/uploads\/2020\/12\/fotograf-spotkanie-prasowe-warszawa-sen-72-1024x1534.jpg 1024w, https:\/\/urbanflavour.pl\/wp-content\/uploads\/2020\/12\/fotograf-spotkanie-prasowe-warszawa-sen-72.jpg 1400w\" sizes=\"auto, (max-width: 500px) 100vw, 500px\" \/><\/a><\/figure><\/li><\/ul><\/figure>\n\n\n\n<figure class=\"wp-block-gallery columns-1 wp-block-gallery-17 is-layout-flex wp-block-gallery-is-layout-flex\"><ul class=\"blocks-gallery-grid\"><li class=\"blocks-gallery-item\"><figure><img loading=\"lazy\" decoding=\"async\" width=\"830\" height=\"554\" src=\"https:\/\/urbanflavour.pl\/wp-content\/uploads\/2020\/12\/fotograf-spotkanie-prasowe-warszawa-sen-20-830x554.jpg\" alt=\"Man in a white shirt by the window\" data-id=\"19134\" data-full-url=\"https:\/\/urbanflavour.pl\/wp-content\/uploads\/2020\/12\/fotograf-spotkanie-prasowe-warszawa-sen-20.jpg\" data-link=\"https:\/\/urbanflavour.pl\/spotkanie-prasowe-intel-w-klubie-sen\/fotograf-spotkanie-prasowe-warszawa-sen-20\/#main\" class=\"wp-image-19134\" title=\"Urbanflavour.pl\" srcset=\"https:\/\/urbanflavour.pl\/wp-content\/uploads\/2020\/12\/fotograf-spotkanie-prasowe-warszawa-sen-20-830x554.jpg 830w, https:\/\/urbanflavour.pl\/wp-content\/uploads\/2020\/12\/fotograf-spotkanie-prasowe-warszawa-sen-20-1024x684.jpg 1024w, https:\/\/urbanflavour.pl\/wp-content\/uploads\/2020\/12\/fotograf-spotkanie-prasowe-warszawa-sen-20-500x334.jpg 500w, https:\/\/urbanflavour.pl\/wp-content\/uploads\/2020\/12\/fotograf-spotkanie-prasowe-warszawa-sen-20.jpg 1400w\" sizes=\"auto, (max-width: 830px) 100vw, 830px\" \/><\/figure><\/li><li class=\"blocks-gallery-item\"><figure><img loading=\"lazy\" decoding=\"async\" width=\"830\" height=\"554\" src=\"https:\/\/urbanflavour.pl\/wp-content\/uploads\/2020\/12\/fotograf-spotkanie-prasowe-warszawa-sen-30-830x554.jpg\" alt=\"The man is making coffee from the espresso machine\" data-id=\"19144\" data-full-url=\"https:\/\/urbanflavour.pl\/wp-content\/uploads\/2020\/12\/fotograf-spotkanie-prasowe-warszawa-sen-30.jpg\" data-link=\"https:\/\/urbanflavour.pl\/spotkanie-prasowe-intel-w-klubie-sen\/fotograf-spotkanie-prasowe-warszawa-sen-30\/#main\" class=\"wp-image-19144\" title=\"Urbanflavour.pl\" srcset=\"https:\/\/urbanflavour.pl\/wp-content\/uploads\/2020\/12\/fotograf-spotkanie-prasowe-warszawa-sen-30-830x554.jpg 830w, https:\/\/urbanflavour.pl\/wp-content\/uploads\/2020\/12\/fotograf-spotkanie-prasowe-warszawa-sen-30-1024x684.jpg 1024w, https:\/\/urbanflavour.pl\/wp-content\/uploads\/2020\/12\/fotograf-spotkanie-prasowe-warszawa-sen-30-500x334.jpg 500w, https:\/\/urbanflavour.pl\/wp-content\/uploads\/2020\/12\/fotograf-spotkanie-prasowe-warszawa-sen-30.jpg 1400w\" sizes=\"auto, (max-width: 830px) 100vw, 830px\" \/><\/figure><\/li><\/ul><\/figure>\n\n\n\n<figure class=\"wp-block-gallery alignwide columns-2 wp-block-gallery-18 is-layout-flex wp-block-gallery-is-layout-flex\"><ul class=\"blocks-gallery-grid\"><li class=\"blocks-gallery-item\"><figure><a href=\"https:\/\/urbanflavour.pl\/wp-content\/uploads\/2020\/12\/fotograf-spotkanie-prasowe-warszawa-sen-26-500x749.jpg\"><img loading=\"lazy\" decoding=\"async\" width=\"500\" height=\"749\" src=\"https:\/\/urbanflavour.pl\/wp-content\/uploads\/2020\/12\/fotograf-spotkanie-prasowe-warszawa-sen-26-500x749.jpg\" alt=\"Kobieta w czerwonym p\u0142aszczu\" data-id=\"19140\" data-full-url=\"https:\/\/urbanflavour.pl\/wp-content\/uploads\/2020\/12\/fotograf-spotkanie-prasowe-warszawa-sen-26.jpg\" data-link=\"https:\/\/urbanflavour.pl\/spotkanie-prasowe-intel-w-klubie-sen\/fotograf-spotkanie-prasowe-warszawa-sen-26\/#main\" class=\"wp-image-19140\" title=\"Urbanflavour.pl\" srcset=\"https:\/\/urbanflavour.pl\/wp-content\/uploads\/2020\/12\/fotograf-spotkanie-prasowe-warszawa-sen-26-500x749.jpg 500w, https:\/\/urbanflavour.pl\/wp-content\/uploads\/2020\/12\/fotograf-spotkanie-prasowe-warszawa-sen-26-830x1243.jpg 830w, https:\/\/urbanflavour.pl\/wp-content\/uploads\/2020\/12\/fotograf-spotkanie-prasowe-warszawa-sen-26-1024x1534.jpg 1024w, https:\/\/urbanflavour.pl\/wp-content\/uploads\/2020\/12\/fotograf-spotkanie-prasowe-warszawa-sen-26.jpg 1400w\" sizes=\"auto, (max-width: 500px) 100vw, 500px\" \/><\/a><\/figure><\/li><li class=\"blocks-gallery-item\"><figure><a href=\"https:\/\/urbanflavour.pl\/wp-content\/uploads\/2020\/12\/fotograf-spotkanie-prasowe-warszawa-sen-29-500x749.jpg\"><img loading=\"lazy\" decoding=\"async\" width=\"500\" height=\"749\" src=\"https:\/\/urbanflavour.pl\/wp-content\/uploads\/2020\/12\/fotograf-spotkanie-prasowe-warszawa-sen-29-500x749.jpg\" alt=\"M\u0119\u017cczyzna z gazet\u0105\" data-id=\"19143\" data-full-url=\"https:\/\/urbanflavour.pl\/wp-content\/uploads\/2020\/12\/fotograf-spotkanie-prasowe-warszawa-sen-29.jpg\" data-link=\"https:\/\/urbanflavour.pl\/spotkanie-prasowe-intel-w-klubie-sen\/fotograf-spotkanie-prasowe-warszawa-sen-29\/#main\" class=\"wp-image-19143\" title=\"Urbanflavour.pl\" srcset=\"https:\/\/urbanflavour.pl\/wp-content\/uploads\/2020\/12\/fotograf-spotkanie-prasowe-warszawa-sen-29-500x749.jpg 500w, https:\/\/urbanflavour.pl\/wp-content\/uploads\/2020\/12\/fotograf-spotkanie-prasowe-warszawa-sen-29-830x1243.jpg 830w, https:\/\/urbanflavour.pl\/wp-content\/uploads\/2020\/12\/fotograf-spotkanie-prasowe-warszawa-sen-29-1024x1534.jpg 1024w, https:\/\/urbanflavour.pl\/wp-content\/uploads\/2020\/12\/fotograf-spotkanie-prasowe-warszawa-sen-29.jpg 1400w\" sizes=\"auto, (max-width: 500px) 100vw, 500px\" \/><\/a><\/figure><\/li><\/ul><\/figure>\n\n\n\n<figure class=\"wp-block-gallery columns-1 wp-block-gallery-19 is-layout-flex wp-block-gallery-is-layout-flex\"><ul class=\"blocks-gallery-grid\"><li class=\"blocks-gallery-item\"><figure><img loading=\"lazy\" decoding=\"async\" width=\"830\" height=\"554\" src=\"https:\/\/urbanflavour.pl\/wp-content\/uploads\/2020\/12\/fotograf-spotkanie-prasowe-warszawa-sen-31-830x554.jpg\" alt=\"Conversation over coffee\" data-id=\"19145\" data-full-url=\"https:\/\/urbanflavour.pl\/wp-content\/uploads\/2020\/12\/fotograf-spotkanie-prasowe-warszawa-sen-31.jpg\" data-link=\"https:\/\/urbanflavour.pl\/spotkanie-prasowe-intel-w-klubie-sen\/fotograf-spotkanie-prasowe-warszawa-sen-31\/#main\" class=\"wp-image-19145\" title=\"Urbanflavour.pl\" srcset=\"https:\/\/urbanflavour.pl\/wp-content\/uploads\/2020\/12\/fotograf-spotkanie-prasowe-warszawa-sen-31-830x554.jpg 830w, https:\/\/urbanflavour.pl\/wp-content\/uploads\/2020\/12\/fotograf-spotkanie-prasowe-warszawa-sen-31-1024x684.jpg 1024w, https:\/\/urbanflavour.pl\/wp-content\/uploads\/2020\/12\/fotograf-spotkanie-prasowe-warszawa-sen-31-500x334.jpg 500w, https:\/\/urbanflavour.pl\/wp-content\/uploads\/2020\/12\/fotograf-spotkanie-prasowe-warszawa-sen-31.jpg 1400w\" sizes=\"auto, (max-width: 830px) 100vw, 830px\" \/><\/figure><\/li><\/ul><\/figure>\n\n\n\n<h2 class=\"wp-block-heading\">Press meeting<\/h2>\n\n\n\n<p class=\"has-text-align-justify\">The press meeting was adopted to show the results of research on consumer behavior, current trends and the needs of today&#8217;s customers. There was also a discussion, not only between the leaders who conducted the dialogue, but also with the guests who were also interested in this topic.<\/p>\n\n\n\n<figure class=\"wp-block-gallery columns-1 is-cropped wp-block-gallery-20 is-layout-flex wp-block-gallery-is-layout-flex\"><ul class=\"blocks-gallery-grid\"><li class=\"blocks-gallery-item\"><figure><a href=\"https:\/\/urbanflavour.pl\/wp-content\/uploads\/2020\/12\/fotograf-spotkanie-prasowe-warszawa-sen-37-830x554.jpg\"><img loading=\"lazy\" decoding=\"async\" width=\"830\" height=\"554\" src=\"https:\/\/urbanflavour.pl\/wp-content\/uploads\/2020\/12\/fotograf-spotkanie-prasowe-warszawa-sen-37-830x554.jpg\" alt=\"Kobiety na fotelu\" data-id=\"19151\" data-full-url=\"https:\/\/urbanflavour.pl\/wp-content\/uploads\/2020\/12\/fotograf-spotkanie-prasowe-warszawa-sen-37.jpg\" data-link=\"https:\/\/urbanflavour.pl\/spotkanie-prasowe-intel-w-klubie-sen\/fotograf-spotkanie-prasowe-warszawa-sen-37\/#main\" class=\"wp-image-19151\" title=\"Urbanflavour.pl\" srcset=\"https:\/\/urbanflavour.pl\/wp-content\/uploads\/2020\/12\/fotograf-spotkanie-prasowe-warszawa-sen-37-830x554.jpg 830w, https:\/\/urbanflavour.pl\/wp-content\/uploads\/2020\/12\/fotograf-spotkanie-prasowe-warszawa-sen-37-1024x684.jpg 1024w, https:\/\/urbanflavour.pl\/wp-content\/uploads\/2020\/12\/fotograf-spotkanie-prasowe-warszawa-sen-37-500x334.jpg 500w, https:\/\/urbanflavour.pl\/wp-content\/uploads\/2020\/12\/fotograf-spotkanie-prasowe-warszawa-sen-37.jpg 1400w\" sizes=\"auto, (max-width: 830px) 100vw, 830px\" \/><\/a><\/figure><\/li><\/ul><\/figure>\n\n\n\n<figure class=\"wp-block-gallery alignwide columns-2 wp-block-gallery-21 is-layout-flex wp-block-gallery-is-layout-flex\"><ul class=\"blocks-gallery-grid\"><li class=\"blocks-gallery-item\"><figure><a href=\"https:\/\/urbanflavour.pl\/wp-content\/uploads\/2020\/12\/fotograf-spotkanie-prasowe-warszawa-sen-38-500x334.jpg\"><img loading=\"lazy\" decoding=\"async\" width=\"500\" height=\"334\" src=\"https:\/\/urbanflavour.pl\/wp-content\/uploads\/2020\/12\/fotograf-spotkanie-prasowe-warszawa-sen-38-500x334.jpg\" alt=\"Kobieta przemawia do mikrofonu\" data-id=\"19152\" data-full-url=\"https:\/\/urbanflavour.pl\/wp-content\/uploads\/2020\/12\/fotograf-spotkanie-prasowe-warszawa-sen-38.jpg\" data-link=\"https:\/\/urbanflavour.pl\/spotkanie-prasowe-intel-w-klubie-sen\/fotograf-spotkanie-prasowe-warszawa-sen-38\/#main\" class=\"wp-image-19152\" title=\"Urbanflavour.pl\" srcset=\"https:\/\/urbanflavour.pl\/wp-content\/uploads\/2020\/12\/fotograf-spotkanie-prasowe-warszawa-sen-38-500x334.jpg 500w, https:\/\/urbanflavour.pl\/wp-content\/uploads\/2020\/12\/fotograf-spotkanie-prasowe-warszawa-sen-38-830x554.jpg 830w, https:\/\/urbanflavour.pl\/wp-content\/uploads\/2020\/12\/fotograf-spotkanie-prasowe-warszawa-sen-38-1024x684.jpg 1024w, https:\/\/urbanflavour.pl\/wp-content\/uploads\/2020\/12\/fotograf-spotkanie-prasowe-warszawa-sen-38.jpg 1400w\" sizes=\"auto, (max-width: 500px) 100vw, 500px\" \/><\/a><\/figure><\/li><li class=\"blocks-gallery-item\"><figure><a href=\"https:\/\/urbanflavour.pl\/wp-content\/uploads\/2020\/12\/fotograf-spotkanie-prasowe-warszawa-sen-40-500x334.jpg\"><img loading=\"lazy\" decoding=\"async\" width=\"500\" height=\"334\" src=\"https:\/\/urbanflavour.pl\/wp-content\/uploads\/2020\/12\/fotograf-spotkanie-prasowe-warszawa-sen-40-500x334.jpg\" alt=\"M\u0119\u017cczyzna w fotelu\" data-id=\"19154\" data-full-url=\"https:\/\/urbanflavour.pl\/wp-content\/uploads\/2020\/12\/fotograf-spotkanie-prasowe-warszawa-sen-40.jpg\" data-link=\"https:\/\/urbanflavour.pl\/spotkanie-prasowe-intel-w-klubie-sen\/fotograf-spotkanie-prasowe-warszawa-sen-40\/#main\" class=\"wp-image-19154\" title=\"Urbanflavour.pl\" srcset=\"https:\/\/urbanflavour.pl\/wp-content\/uploads\/2020\/12\/fotograf-spotkanie-prasowe-warszawa-sen-40-500x334.jpg 500w, https:\/\/urbanflavour.pl\/wp-content\/uploads\/2020\/12\/fotograf-spotkanie-prasowe-warszawa-sen-40-830x554.jpg 830w, https:\/\/urbanflavour.pl\/wp-content\/uploads\/2020\/12\/fotograf-spotkanie-prasowe-warszawa-sen-40-1024x684.jpg 1024w, https:\/\/urbanflavour.pl\/wp-content\/uploads\/2020\/12\/fotograf-spotkanie-prasowe-warszawa-sen-40.jpg 1400w\" sizes=\"auto, (max-width: 500px) 100vw, 500px\" \/><\/a><\/figure><\/li><\/ul><\/figure>\n\n\n\n<figure class=\"wp-block-gallery columns-1 wp-block-gallery-22 is-layout-flex wp-block-gallery-is-layout-flex\"><ul class=\"blocks-gallery-grid\"><li class=\"blocks-gallery-item\"><figure><img loading=\"lazy\" decoding=\"async\" width=\"830\" height=\"553\" src=\"https:\/\/urbanflavour.pl\/wp-content\/uploads\/2020\/12\/fotograf-spotkanie-prasowe-warszawa-sen-42-830x553.jpg\" alt=\"Audience\" data-id=\"19156\" data-full-url=\"https:\/\/urbanflavour.pl\/wp-content\/uploads\/2020\/12\/fotograf-spotkanie-prasowe-warszawa-sen-42.jpg\" data-link=\"https:\/\/urbanflavour.pl\/spotkanie-prasowe-intel-w-klubie-sen\/fotograf-spotkanie-prasowe-warszawa-sen-42\/#main\" class=\"wp-image-19156\" title=\"Urbanflavour.pl\" srcset=\"https:\/\/urbanflavour.pl\/wp-content\/uploads\/2020\/12\/fotograf-spotkanie-prasowe-warszawa-sen-42-830x553.jpg 830w, https:\/\/urbanflavour.pl\/wp-content\/uploads\/2020\/12\/fotograf-spotkanie-prasowe-warszawa-sen-42-1024x682.jpg 1024w, https:\/\/urbanflavour.pl\/wp-content\/uploads\/2020\/12\/fotograf-spotkanie-prasowe-warszawa-sen-42-500x333.jpg 500w, https:\/\/urbanflavour.pl\/wp-content\/uploads\/2020\/12\/fotograf-spotkanie-prasowe-warszawa-sen-42.jpg 1400w\" sizes=\"auto, (max-width: 830px) 100vw, 830px\" \/><\/figure><\/li><li class=\"blocks-gallery-item\"><figure><img loading=\"lazy\" decoding=\"async\" width=\"830\" height=\"554\" src=\"https:\/\/urbanflavour.pl\/wp-content\/uploads\/2020\/12\/fotograf-spotkanie-prasowe-warszawa-sen-45-830x554.jpg\" alt=\"Audience at the intel press meeting\" data-id=\"19159\" data-full-url=\"https:\/\/urbanflavour.pl\/wp-content\/uploads\/2020\/12\/fotograf-spotkanie-prasowe-warszawa-sen-45.jpg\" data-link=\"https:\/\/urbanflavour.pl\/spotkanie-prasowe-intel-w-klubie-sen\/fotograf-spotkanie-prasowe-warszawa-sen-45\/#main\" class=\"wp-image-19159\" title=\"Urbanflavour.pl\" srcset=\"https:\/\/urbanflavour.pl\/wp-content\/uploads\/2020\/12\/fotograf-spotkanie-prasowe-warszawa-sen-45-830x554.jpg 830w, https:\/\/urbanflavour.pl\/wp-content\/uploads\/2020\/12\/fotograf-spotkanie-prasowe-warszawa-sen-45-1024x684.jpg 1024w, https:\/\/urbanflavour.pl\/wp-content\/uploads\/2020\/12\/fotograf-spotkanie-prasowe-warszawa-sen-45-500x334.jpg 500w, https:\/\/urbanflavour.pl\/wp-content\/uploads\/2020\/12\/fotograf-spotkanie-prasowe-warszawa-sen-45.jpg 1400w\" sizes=\"auto, (max-width: 830px) 100vw, 830px\" \/><\/figure><\/li><li class=\"blocks-gallery-item\"><figure><img loading=\"lazy\" decoding=\"async\" width=\"830\" height=\"554\" src=\"https:\/\/urbanflavour.pl\/wp-content\/uploads\/2020\/12\/fotograf-spotkanie-prasowe-warszawa-sen-46-830x554.jpg\" alt=\"Red dotted socks\" data-id=\"19160\" data-full-url=\"https:\/\/urbanflavour.pl\/wp-content\/uploads\/2020\/12\/fotograf-spotkanie-prasowe-warszawa-sen-46.jpg\" data-link=\"https:\/\/urbanflavour.pl\/spotkanie-prasowe-intel-w-klubie-sen\/fotograf-spotkanie-prasowe-warszawa-sen-46\/#main\" class=\"wp-image-19160\" title=\"Urbanflavour.pl\" srcset=\"https:\/\/urbanflavour.pl\/wp-content\/uploads\/2020\/12\/fotograf-spotkanie-prasowe-warszawa-sen-46-830x554.jpg 830w, https:\/\/urbanflavour.pl\/wp-content\/uploads\/2020\/12\/fotograf-spotkanie-prasowe-warszawa-sen-46-1024x684.jpg 1024w, https:\/\/urbanflavour.pl\/wp-content\/uploads\/2020\/12\/fotograf-spotkanie-prasowe-warszawa-sen-46-500x334.jpg 500w, https:\/\/urbanflavour.pl\/wp-content\/uploads\/2020\/12\/fotograf-spotkanie-prasowe-warszawa-sen-46.jpg 1400w\" sizes=\"auto, (max-width: 830px) 100vw, 830px\" \/><\/figure><\/li><\/ul><\/figure>\n\n\n\n<figure class=\"wp-block-gallery alignwide columns-2 wp-block-gallery-23 is-layout-flex wp-block-gallery-is-layout-flex\"><ul class=\"blocks-gallery-grid\"><li class=\"blocks-gallery-item\"><figure><a href=\"https:\/\/urbanflavour.pl\/wp-content\/uploads\/2020\/12\/fotograf-spotkanie-prasowe-warszawa-sen-39-500x750.jpg\"><img loading=\"lazy\" decoding=\"async\" width=\"500\" height=\"750\" src=\"https:\/\/urbanflavour.pl\/wp-content\/uploads\/2020\/12\/fotograf-spotkanie-prasowe-warszawa-sen-39-500x750.jpg\" alt=\"M\u0119\u017cczyzna zadaje pytanie do mikrofonu\" data-id=\"19153\" data-full-url=\"https:\/\/urbanflavour.pl\/wp-content\/uploads\/2020\/12\/fotograf-spotkanie-prasowe-warszawa-sen-39.jpg\" data-link=\"https:\/\/urbanflavour.pl\/spotkanie-prasowe-intel-w-klubie-sen\/fotograf-spotkanie-prasowe-warszawa-sen-39\/#main\" class=\"wp-image-19153\" title=\"Urbanflavour.pl\" srcset=\"https:\/\/urbanflavour.pl\/wp-content\/uploads\/2020\/12\/fotograf-spotkanie-prasowe-warszawa-sen-39-500x750.jpg 500w, https:\/\/urbanflavour.pl\/wp-content\/uploads\/2020\/12\/fotograf-spotkanie-prasowe-warszawa-sen-39-830x1245.jpg 830w, https:\/\/urbanflavour.pl\/wp-content\/uploads\/2020\/12\/fotograf-spotkanie-prasowe-warszawa-sen-39-1024x1536.jpg 1024w, https:\/\/urbanflavour.pl\/wp-content\/uploads\/2020\/12\/fotograf-spotkanie-prasowe-warszawa-sen-39.jpg 1400w\" sizes=\"auto, (max-width: 500px) 100vw, 500px\" \/><\/a><\/figure><\/li><li class=\"blocks-gallery-item\"><figure><a href=\"https:\/\/urbanflavour.pl\/wp-content\/uploads\/2020\/12\/fotograf-spotkanie-prasowe-warszawa-sen-34-500x749.jpg\"><img loading=\"lazy\" decoding=\"async\" width=\"500\" height=\"749\" src=\"https:\/\/urbanflavour.pl\/wp-content\/uploads\/2020\/12\/fotograf-spotkanie-prasowe-warszawa-sen-34-500x749.jpg\" alt=\"m\u0119\u017cczyzna z mikrofonem\" data-id=\"19148\" data-full-url=\"https:\/\/urbanflavour.pl\/wp-content\/uploads\/2020\/12\/fotograf-spotkanie-prasowe-warszawa-sen-34.jpg\" data-link=\"https:\/\/urbanflavour.pl\/spotkanie-prasowe-intel-w-klubie-sen\/fotograf-spotkanie-prasowe-warszawa-sen-34\/#main\" class=\"wp-image-19148\" title=\"Urbanflavour.pl\" srcset=\"https:\/\/urbanflavour.pl\/wp-content\/uploads\/2020\/12\/fotograf-spotkanie-prasowe-warszawa-sen-34-500x749.jpg 500w, https:\/\/urbanflavour.pl\/wp-content\/uploads\/2020\/12\/fotograf-spotkanie-prasowe-warszawa-sen-34-830x1243.jpg 830w, https:\/\/urbanflavour.pl\/wp-content\/uploads\/2020\/12\/fotograf-spotkanie-prasowe-warszawa-sen-34-1024x1534.jpg 1024w, https:\/\/urbanflavour.pl\/wp-content\/uploads\/2020\/12\/fotograf-spotkanie-prasowe-warszawa-sen-34.jpg 1400w\" sizes=\"auto, (max-width: 500px) 100vw, 500px\" \/><\/a><\/figure><\/li><\/ul><\/figure>\n\n\n\n<figure class=\"wp-block-gallery columns-1 wp-block-gallery-24 is-layout-flex wp-block-gallery-is-layout-flex\"><ul class=\"blocks-gallery-grid\"><li class=\"blocks-gallery-item\"><figure><img loading=\"lazy\" decoding=\"async\" width=\"830\" height=\"554\" src=\"https:\/\/urbanflavour.pl\/wp-content\/uploads\/2020\/12\/fotograf-spotkanie-prasowe-warszawa-sen-49-830x554.jpg\" alt=\"Press meeting at the SEN club\" data-id=\"19163\" data-full-url=\"https:\/\/urbanflavour.pl\/wp-content\/uploads\/2020\/12\/fotograf-spotkanie-prasowe-warszawa-sen-49.jpg\" data-link=\"https:\/\/urbanflavour.pl\/spotkanie-prasowe-intel-w-klubie-sen\/fotograf-spotkanie-prasowe-warszawa-sen-49\/#main\" class=\"wp-image-19163\" title=\"Urbanflavour.pl\" srcset=\"https:\/\/urbanflavour.pl\/wp-content\/uploads\/2020\/12\/fotograf-spotkanie-prasowe-warszawa-sen-49-830x554.jpg 830w, https:\/\/urbanflavour.pl\/wp-content\/uploads\/2020\/12\/fotograf-spotkanie-prasowe-warszawa-sen-49-1024x684.jpg 1024w, https:\/\/urbanflavour.pl\/wp-content\/uploads\/2020\/12\/fotograf-spotkanie-prasowe-warszawa-sen-49-500x334.jpg 500w, https:\/\/urbanflavour.pl\/wp-content\/uploads\/2020\/12\/fotograf-spotkanie-prasowe-warszawa-sen-49.jpg 1400w\" sizes=\"auto, (max-width: 830px) 100vw, 830px\" \/><\/figure><\/li><li class=\"blocks-gallery-item\"><figure><img loading=\"lazy\" decoding=\"async\" width=\"830\" height=\"554\" src=\"https:\/\/urbanflavour.pl\/wp-content\/uploads\/2020\/12\/fotograf-spotkanie-prasowe-warszawa-sen-55-830x554.jpg\" alt=\"Audience\" data-id=\"19169\" data-full-url=\"https:\/\/urbanflavour.pl\/wp-content\/uploads\/2020\/12\/fotograf-spotkanie-prasowe-warszawa-sen-55.jpg\" data-link=\"https:\/\/urbanflavour.pl\/spotkanie-prasowe-intel-w-klubie-sen\/fotograf-spotkanie-prasowe-warszawa-sen-55\/#main\" class=\"wp-image-19169\" title=\"Urbanflavour.pl\" srcset=\"https:\/\/urbanflavour.pl\/wp-content\/uploads\/2020\/12\/fotograf-spotkanie-prasowe-warszawa-sen-55-830x554.jpg 830w, https:\/\/urbanflavour.pl\/wp-content\/uploads\/2020\/12\/fotograf-spotkanie-prasowe-warszawa-sen-55-1024x684.jpg 1024w, https:\/\/urbanflavour.pl\/wp-content\/uploads\/2020\/12\/fotograf-spotkanie-prasowe-warszawa-sen-55-500x334.jpg 500w, https:\/\/urbanflavour.pl\/wp-content\/uploads\/2020\/12\/fotograf-spotkanie-prasowe-warszawa-sen-55.jpg 1400w\" sizes=\"auto, (max-width: 830px) 100vw, 830px\" \/><\/figure><\/li><li class=\"blocks-gallery-item\"><figure><img loading=\"lazy\" decoding=\"async\" width=\"830\" height=\"554\" src=\"https:\/\/urbanflavour.pl\/wp-content\/uploads\/2020\/12\/fotograf-spotkanie-prasowe-warszawa-sen-56-830x554.jpg\" alt=\"Intel brand press meeting\" data-id=\"19170\" data-full-url=\"https:\/\/urbanflavour.pl\/wp-content\/uploads\/2020\/12\/fotograf-spotkanie-prasowe-warszawa-sen-56.jpg\" data-link=\"https:\/\/urbanflavour.pl\/spotkanie-prasowe-intel-w-klubie-sen\/fotograf-spotkanie-prasowe-warszawa-sen-56\/#main\" class=\"wp-image-19170\" title=\"Urbanflavour.pl\" srcset=\"https:\/\/urbanflavour.pl\/wp-content\/uploads\/2020\/12\/fotograf-spotkanie-prasowe-warszawa-sen-56-830x554.jpg 830w, https:\/\/urbanflavour.pl\/wp-content\/uploads\/2020\/12\/fotograf-spotkanie-prasowe-warszawa-sen-56-1024x684.jpg 1024w, https:\/\/urbanflavour.pl\/wp-content\/uploads\/2020\/12\/fotograf-spotkanie-prasowe-warszawa-sen-56-500x334.jpg 500w, https:\/\/urbanflavour.pl\/wp-content\/uploads\/2020\/12\/fotograf-spotkanie-prasowe-warszawa-sen-56.jpg 1400w\" sizes=\"auto, (max-width: 830px) 100vw, 830px\" \/><\/figure><\/li><\/ul><\/figure>\n\n\n\n<figure class=\"wp-block-gallery alignwide columns-3 wp-block-gallery-25 is-layout-flex wp-block-gallery-is-layout-flex\"><ul class=\"blocks-gallery-grid\"><li class=\"blocks-gallery-item\"><figure><a href=\"https:\/\/urbanflavour.pl\/wp-content\/uploads\/2020\/12\/fotograf-spotkanie-prasowe-warszawa-sen-58-500x749.jpg\"><img loading=\"lazy\" decoding=\"async\" width=\"500\" height=\"749\" src=\"https:\/\/urbanflavour.pl\/wp-content\/uploads\/2020\/12\/fotograf-spotkanie-prasowe-warszawa-sen-58-500x749.jpg\" alt=\"M\u0119\u017cczyzna w fotelu\" data-id=\"19172\" data-full-url=\"https:\/\/urbanflavour.pl\/wp-content\/uploads\/2020\/12\/fotograf-spotkanie-prasowe-warszawa-sen-58.jpg\" data-link=\"https:\/\/urbanflavour.pl\/spotkanie-prasowe-intel-w-klubie-sen\/fotograf-spotkanie-prasowe-warszawa-sen-58\/#main\" class=\"wp-image-19172\" title=\"Urbanflavour.pl\" srcset=\"https:\/\/urbanflavour.pl\/wp-content\/uploads\/2020\/12\/fotograf-spotkanie-prasowe-warszawa-sen-58-500x749.jpg 500w, https:\/\/urbanflavour.pl\/wp-content\/uploads\/2020\/12\/fotograf-spotkanie-prasowe-warszawa-sen-58-830x1243.jpg 830w, https:\/\/urbanflavour.pl\/wp-content\/uploads\/2020\/12\/fotograf-spotkanie-prasowe-warszawa-sen-58-1024x1534.jpg 1024w, https:\/\/urbanflavour.pl\/wp-content\/uploads\/2020\/12\/fotograf-spotkanie-prasowe-warszawa-sen-58.jpg 1400w\" sizes=\"auto, (max-width: 500px) 100vw, 500px\" \/><\/a><\/figure><\/li><li class=\"blocks-gallery-item\"><figure><a href=\"https:\/\/urbanflavour.pl\/wp-content\/uploads\/2020\/12\/fotograf-spotkanie-prasowe-warszawa-sen-44-500x749.jpg\"><img loading=\"lazy\" decoding=\"async\" width=\"500\" height=\"749\" src=\"https:\/\/urbanflavour.pl\/wp-content\/uploads\/2020\/12\/fotograf-spotkanie-prasowe-warszawa-sen-44-500x749.jpg\" alt=\"Prezentacja intel\" data-id=\"19158\" data-full-url=\"https:\/\/urbanflavour.pl\/wp-content\/uploads\/2020\/12\/fotograf-spotkanie-prasowe-warszawa-sen-44.jpg\" data-link=\"https:\/\/urbanflavour.pl\/spotkanie-prasowe-intel-w-klubie-sen\/fotograf-spotkanie-prasowe-warszawa-sen-44\/#main\" class=\"wp-image-19158\" title=\"Urbanflavour.pl\" srcset=\"https:\/\/urbanflavour.pl\/wp-content\/uploads\/2020\/12\/fotograf-spotkanie-prasowe-warszawa-sen-44-500x749.jpg 500w, https:\/\/urbanflavour.pl\/wp-content\/uploads\/2020\/12\/fotograf-spotkanie-prasowe-warszawa-sen-44-830x1243.jpg 830w, https:\/\/urbanflavour.pl\/wp-content\/uploads\/2020\/12\/fotograf-spotkanie-prasowe-warszawa-sen-44-1024x1534.jpg 1024w, https:\/\/urbanflavour.pl\/wp-content\/uploads\/2020\/12\/fotograf-spotkanie-prasowe-warszawa-sen-44.jpg 1400w\" sizes=\"auto, (max-width: 500px) 100vw, 500px\" \/><\/a><\/figure><\/li><li class=\"blocks-gallery-item\"><figure><a href=\"https:\/\/urbanflavour.pl\/wp-content\/uploads\/2020\/12\/fotograf-spotkanie-prasowe-warszawa-sen-47-500x749.jpg\"><img loading=\"lazy\" decoding=\"async\" width=\"500\" height=\"749\" src=\"https:\/\/urbanflavour.pl\/wp-content\/uploads\/2020\/12\/fotograf-spotkanie-prasowe-warszawa-sen-47-500x749.jpg\" alt=\"Spotkanie z mark\u0105 intel\" data-id=\"19161\" data-full-url=\"https:\/\/urbanflavour.pl\/wp-content\/uploads\/2020\/12\/fotograf-spotkanie-prasowe-warszawa-sen-47.jpg\" data-link=\"https:\/\/urbanflavour.pl\/spotkanie-prasowe-intel-w-klubie-sen\/fotograf-spotkanie-prasowe-warszawa-sen-47\/#main\" class=\"wp-image-19161\" title=\"Urbanflavour.pl\" srcset=\"https:\/\/urbanflavour.pl\/wp-content\/uploads\/2020\/12\/fotograf-spotkanie-prasowe-warszawa-sen-47-500x749.jpg 500w, https:\/\/urbanflavour.pl\/wp-content\/uploads\/2020\/12\/fotograf-spotkanie-prasowe-warszawa-sen-47-830x1243.jpg 830w, https:\/\/urbanflavour.pl\/wp-content\/uploads\/2020\/12\/fotograf-spotkanie-prasowe-warszawa-sen-47-1024x1534.jpg 1024w, https:\/\/urbanflavour.pl\/wp-content\/uploads\/2020\/12\/fotograf-spotkanie-prasowe-warszawa-sen-47.jpg 1400w\" sizes=\"auto, (max-width: 500px) 100vw, 500px\" \/><\/a><\/figure><\/li><\/ul><\/figure>\n\n\n\n<h2 class=\"wp-block-heading\">Presentation of notebooks for about PLN 2,500<\/h2>\n\n\n\n<p class=\"has-text-align-justify\">After the official part, the lecturers and guests went on to discuss the presented notebooks that were waiting for their attention. <\/p>\n\n\n\n<figure class=\"wp-block-gallery columns-1 wp-block-gallery-26 is-layout-flex wp-block-gallery-is-layout-flex\"><ul class=\"blocks-gallery-grid\"><li class=\"blocks-gallery-item\"><figure><img loading=\"lazy\" decoding=\"async\" width=\"830\" height=\"553\" src=\"https:\/\/urbanflavour.pl\/wp-content\/uploads\/2020\/12\/fotograf-spotkanie-prasowe-warszawa-sen-62-830x553.jpg\" alt=\"A group of people at the HP computer\" data-id=\"19176\" data-full-url=\"https:\/\/urbanflavour.pl\/wp-content\/uploads\/2020\/12\/fotograf-spotkanie-prasowe-warszawa-sen-62.jpg\" data-link=\"https:\/\/urbanflavour.pl\/spotkanie-prasowe-intel-w-klubie-sen\/fotograf-spotkanie-prasowe-warszawa-sen-62\/#main\" class=\"wp-image-19176\" title=\"Urbanflavour.pl\" srcset=\"https:\/\/urbanflavour.pl\/wp-content\/uploads\/2020\/12\/fotograf-spotkanie-prasowe-warszawa-sen-62-830x553.jpg 830w, https:\/\/urbanflavour.pl\/wp-content\/uploads\/2020\/12\/fotograf-spotkanie-prasowe-warszawa-sen-62-1024x682.jpg 1024w, https:\/\/urbanflavour.pl\/wp-content\/uploads\/2020\/12\/fotograf-spotkanie-prasowe-warszawa-sen-62-500x333.jpg 500w, https:\/\/urbanflavour.pl\/wp-content\/uploads\/2020\/12\/fotograf-spotkanie-prasowe-warszawa-sen-62.jpg 1400w\" sizes=\"auto, (max-width: 830px) 100vw, 830px\" \/><\/figure><\/li><\/ul><\/figure>\n\n\n\n<figure class=\"wp-block-gallery alignwide columns-2 wp-block-gallery-27 is-layout-flex wp-block-gallery-is-layout-flex\"><ul class=\"blocks-gallery-grid\"><li class=\"blocks-gallery-item\"><figure><a href=\"https:\/\/urbanflavour.pl\/wp-content\/uploads\/2020\/12\/fotograf-spotkanie-prasowe-warszawa-sen-70-500x334.jpg\"><img loading=\"lazy\" decoding=\"async\" width=\"500\" height=\"334\" src=\"https:\/\/urbanflavour.pl\/wp-content\/uploads\/2020\/12\/fotograf-spotkanie-prasowe-warszawa-sen-70-500x334.jpg\" alt=\"Kobieta ogl\u0105da laptop marki Asus\" data-id=\"19184\" data-full-url=\"https:\/\/urbanflavour.pl\/wp-content\/uploads\/2020\/12\/fotograf-spotkanie-prasowe-warszawa-sen-70.jpg\" data-link=\"https:\/\/urbanflavour.pl\/spotkanie-prasowe-intel-w-klubie-sen\/fotograf-spotkanie-prasowe-warszawa-sen-70\/#main\" class=\"wp-image-19184\" title=\"Urbanflavour.pl\" srcset=\"https:\/\/urbanflavour.pl\/wp-content\/uploads\/2020\/12\/fotograf-spotkanie-prasowe-warszawa-sen-70-500x334.jpg 500w, https:\/\/urbanflavour.pl\/wp-content\/uploads\/2020\/12\/fotograf-spotkanie-prasowe-warszawa-sen-70-830x554.jpg 830w, https:\/\/urbanflavour.pl\/wp-content\/uploads\/2020\/12\/fotograf-spotkanie-prasowe-warszawa-sen-70-1024x684.jpg 1024w, https:\/\/urbanflavour.pl\/wp-content\/uploads\/2020\/12\/fotograf-spotkanie-prasowe-warszawa-sen-70.jpg 1400w\" sizes=\"auto, (max-width: 500px) 100vw, 500px\" \/><\/a><\/figure><\/li><li class=\"blocks-gallery-item\"><figure><a href=\"https:\/\/urbanflavour.pl\/wp-content\/uploads\/2020\/12\/fotograf-spotkanie-prasowe-warszawa-sen-61-500x334.jpg\"><img loading=\"lazy\" decoding=\"async\" width=\"500\" height=\"334\" src=\"https:\/\/urbanflavour.pl\/wp-content\/uploads\/2020\/12\/fotograf-spotkanie-prasowe-warszawa-sen-61-500x334.jpg\" alt=\"Kobiety ogl\u0105daj\u0105\u00a0laptop HP\" data-id=\"19175\" data-full-url=\"https:\/\/urbanflavour.pl\/wp-content\/uploads\/2020\/12\/fotograf-spotkanie-prasowe-warszawa-sen-61.jpg\" data-link=\"https:\/\/urbanflavour.pl\/spotkanie-prasowe-intel-w-klubie-sen\/fotograf-spotkanie-prasowe-warszawa-sen-61\/#main\" class=\"wp-image-19175\" title=\"Urbanflavour.pl\" srcset=\"https:\/\/urbanflavour.pl\/wp-content\/uploads\/2020\/12\/fotograf-spotkanie-prasowe-warszawa-sen-61-500x334.jpg 500w, https:\/\/urbanflavour.pl\/wp-content\/uploads\/2020\/12\/fotograf-spotkanie-prasowe-warszawa-sen-61-830x554.jpg 830w, https:\/\/urbanflavour.pl\/wp-content\/uploads\/2020\/12\/fotograf-spotkanie-prasowe-warszawa-sen-61-1024x684.jpg 1024w, https:\/\/urbanflavour.pl\/wp-content\/uploads\/2020\/12\/fotograf-spotkanie-prasowe-warszawa-sen-61.jpg 1400w\" sizes=\"auto, (max-width: 500px) 100vw, 500px\" \/><\/a><\/figure><\/li><\/ul><\/figure>\n\n\n\n<figure class=\"wp-block-gallery alignwide columns-3 is-cropped wp-block-gallery-28 is-layout-flex wp-block-gallery-is-layout-flex\"><ul class=\"blocks-gallery-grid\"><li class=\"blocks-gallery-item\"><figure><a href=\"https:\/\/urbanflavour.pl\/wp-content\/uploads\/2020\/12\/fotograf-spotkanie-prasowe-warszawa-sen-71-500x334.jpg\"><img loading=\"lazy\" decoding=\"async\" width=\"500\" height=\"334\" src=\"https:\/\/urbanflavour.pl\/wp-content\/uploads\/2020\/12\/fotograf-spotkanie-prasowe-warszawa-sen-71-500x334.jpg\" alt=\"Laptopy intel\" data-id=\"19185\" data-full-url=\"https:\/\/urbanflavour.pl\/wp-content\/uploads\/2020\/12\/fotograf-spotkanie-prasowe-warszawa-sen-71.jpg\" data-link=\"https:\/\/urbanflavour.pl\/spotkanie-prasowe-intel-w-klubie-sen\/fotograf-spotkanie-prasowe-warszawa-sen-71\/#main\" class=\"wp-image-19185\" title=\"Urbanflavour.pl\" srcset=\"https:\/\/urbanflavour.pl\/wp-content\/uploads\/2020\/12\/fotograf-spotkanie-prasowe-warszawa-sen-71-500x334.jpg 500w, https:\/\/urbanflavour.pl\/wp-content\/uploads\/2020\/12\/fotograf-spotkanie-prasowe-warszawa-sen-71-830x554.jpg 830w, https:\/\/urbanflavour.pl\/wp-content\/uploads\/2020\/12\/fotograf-spotkanie-prasowe-warszawa-sen-71-1024x684.jpg 1024w, https:\/\/urbanflavour.pl\/wp-content\/uploads\/2020\/12\/fotograf-spotkanie-prasowe-warszawa-sen-71.jpg 1400w\" sizes=\"auto, (max-width: 500px) 100vw, 500px\" \/><\/a><\/figure><\/li><li class=\"blocks-gallery-item\"><figure><a href=\"https:\/\/urbanflavour.pl\/wp-content\/uploads\/2020\/12\/fotograf-spotkanie-prasowe-warszawa-sen-60-500x334.jpg\"><img loading=\"lazy\" decoding=\"async\" width=\"500\" height=\"334\" src=\"https:\/\/urbanflavour.pl\/wp-content\/uploads\/2020\/12\/fotograf-spotkanie-prasowe-warszawa-sen-60-500x334.jpg\" alt=\"Rozmowa podczas spotkania prasowego\" data-id=\"19174\" data-full-url=\"https:\/\/urbanflavour.pl\/wp-content\/uploads\/2020\/12\/fotograf-spotkanie-prasowe-warszawa-sen-60.jpg\" data-link=\"https:\/\/urbanflavour.pl\/spotkanie-prasowe-intel-w-klubie-sen\/fotograf-spotkanie-prasowe-warszawa-sen-60\/#main\" class=\"wp-image-19174\" title=\"Urbanflavour.pl\" srcset=\"https:\/\/urbanflavour.pl\/wp-content\/uploads\/2020\/12\/fotograf-spotkanie-prasowe-warszawa-sen-60-500x334.jpg 500w, https:\/\/urbanflavour.pl\/wp-content\/uploads\/2020\/12\/fotograf-spotkanie-prasowe-warszawa-sen-60-830x554.jpg 830w, https:\/\/urbanflavour.pl\/wp-content\/uploads\/2020\/12\/fotograf-spotkanie-prasowe-warszawa-sen-60-1024x684.jpg 1024w, https:\/\/urbanflavour.pl\/wp-content\/uploads\/2020\/12\/fotograf-spotkanie-prasowe-warszawa-sen-60.jpg 1400w\" sizes=\"auto, (max-width: 500px) 100vw, 500px\" \/><\/a><\/figure><\/li><li class=\"blocks-gallery-item\"><figure><a href=\"https:\/\/urbanflavour.pl\/wp-content\/uploads\/2020\/12\/fotograf-spotkanie-prasowe-warszawa-sen-63-500x334.jpg\"><img loading=\"lazy\" decoding=\"async\" width=\"500\" height=\"334\" src=\"https:\/\/urbanflavour.pl\/wp-content\/uploads\/2020\/12\/fotograf-spotkanie-prasowe-warszawa-sen-63-500x334.jpg\" alt=\"M\u0119\u017cczy\u017cni ogl\u0105daj\u0105 komputery\" data-id=\"19177\" data-full-url=\"https:\/\/urbanflavour.pl\/wp-content\/uploads\/2020\/12\/fotograf-spotkanie-prasowe-warszawa-sen-63.jpg\" data-link=\"https:\/\/urbanflavour.pl\/spotkanie-prasowe-intel-w-klubie-sen\/fotograf-spotkanie-prasowe-warszawa-sen-63\/#main\" class=\"wp-image-19177\" title=\"Urbanflavour.pl\" srcset=\"https:\/\/urbanflavour.pl\/wp-content\/uploads\/2020\/12\/fotograf-spotkanie-prasowe-warszawa-sen-63-500x334.jpg 500w, https:\/\/urbanflavour.pl\/wp-content\/uploads\/2020\/12\/fotograf-spotkanie-prasowe-warszawa-sen-63-830x554.jpg 830w, https:\/\/urbanflavour.pl\/wp-content\/uploads\/2020\/12\/fotograf-spotkanie-prasowe-warszawa-sen-63-1024x684.jpg 1024w, https:\/\/urbanflavour.pl\/wp-content\/uploads\/2020\/12\/fotograf-spotkanie-prasowe-warszawa-sen-63.jpg 1400w\" sizes=\"auto, (max-width: 500px) 100vw, 500px\" \/><\/a><\/figure><\/li><\/ul><\/figure>\n\n\n\n<figure class=\"wp-block-gallery columns-1 wp-block-gallery-29 is-layout-flex wp-block-gallery-is-layout-flex\"><ul class=\"blocks-gallery-grid\"><li class=\"blocks-gallery-item\"><figure><img loading=\"lazy\" decoding=\"async\" width=\"830\" height=\"554\" src=\"https:\/\/urbanflavour.pl\/wp-content\/uploads\/2020\/12\/fotograf-spotkanie-prasowe-warszawa-sen-69-830x554.jpg\" alt=\"The men are having a conversation\" data-id=\"19183\" data-full-url=\"https:\/\/urbanflavour.pl\/wp-content\/uploads\/2020\/12\/fotograf-spotkanie-prasowe-warszawa-sen-69.jpg\" data-link=\"https:\/\/urbanflavour.pl\/spotkanie-prasowe-intel-w-klubie-sen\/fotograf-spotkanie-prasowe-warszawa-sen-69\/#main\" class=\"wp-image-19183\" title=\"Urbanflavour.pl\" srcset=\"https:\/\/urbanflavour.pl\/wp-content\/uploads\/2020\/12\/fotograf-spotkanie-prasowe-warszawa-sen-69-830x554.jpg 830w, https:\/\/urbanflavour.pl\/wp-content\/uploads\/2020\/12\/fotograf-spotkanie-prasowe-warszawa-sen-69-1024x684.jpg 1024w, https:\/\/urbanflavour.pl\/wp-content\/uploads\/2020\/12\/fotograf-spotkanie-prasowe-warszawa-sen-69-500x334.jpg 500w, https:\/\/urbanflavour.pl\/wp-content\/uploads\/2020\/12\/fotograf-spotkanie-prasowe-warszawa-sen-69.jpg 1400w\" sizes=\"auto, (max-width: 830px) 100vw, 830px\" \/><\/figure><\/li><li class=\"blocks-gallery-item\"><figure><img loading=\"lazy\" decoding=\"async\" width=\"830\" height=\"554\" src=\"https:\/\/urbanflavour.pl\/wp-content\/uploads\/2020\/12\/fotograf-spotkanie-prasowe-warszawa-sen-64-830x554.jpg\" alt=\"The men are watching the computer\" data-id=\"19178\" data-full-url=\"https:\/\/urbanflavour.pl\/wp-content\/uploads\/2020\/12\/fotograf-spotkanie-prasowe-warszawa-sen-64.jpg\" data-link=\"https:\/\/urbanflavour.pl\/spotkanie-prasowe-intel-w-klubie-sen\/fotograf-spotkanie-prasowe-warszawa-sen-64\/#main\" class=\"wp-image-19178\" title=\"Urbanflavour.pl\" srcset=\"https:\/\/urbanflavour.pl\/wp-content\/uploads\/2020\/12\/fotograf-spotkanie-prasowe-warszawa-sen-64-830x554.jpg 830w, https:\/\/urbanflavour.pl\/wp-content\/uploads\/2020\/12\/fotograf-spotkanie-prasowe-warszawa-sen-64-1024x684.jpg 1024w, https:\/\/urbanflavour.pl\/wp-content\/uploads\/2020\/12\/fotograf-spotkanie-prasowe-warszawa-sen-64-500x334.jpg 500w, https:\/\/urbanflavour.pl\/wp-content\/uploads\/2020\/12\/fotograf-spotkanie-prasowe-warszawa-sen-64.jpg 1400w\" sizes=\"auto, (max-width: 830px) 100vw, 830px\" \/><\/figure><\/li><\/ul><\/figure>\n\n\n\n<h2 class=\"wp-block-heading\">End of the meeting<\/h2>\n\n\n\n<p class=\"has-text-align-justify\">At the end of the meeting, it was time for a warm meal and another portion of talks and discussions. Each guest, when leaving, was given a small but practical gift, which I will not reveal here.<\/p>\n\n\n\n<figure class=\"wp-block-gallery columns-1 wp-block-gallery-30 is-layout-flex wp-block-gallery-is-layout-flex\"><ul class=\"blocks-gallery-grid\"><li class=\"blocks-gallery-item\"><figure><img loading=\"lazy\" decoding=\"async\" width=\"830\" height=\"554\" src=\"https:\/\/urbanflavour.pl\/wp-content\/uploads\/2020\/12\/fotograf-spotkanie-prasowe-warszawa-sen-66-830x554.jpg\" alt=\"Catering\" data-id=\"19180\" data-full-url=\"https:\/\/urbanflavour.pl\/wp-content\/uploads\/2020\/12\/fotograf-spotkanie-prasowe-warszawa-sen-66.jpg\" data-link=\"https:\/\/urbanflavour.pl\/spotkanie-prasowe-intel-w-klubie-sen\/fotograf-spotkanie-prasowe-warszawa-sen-66\/#main\" class=\"wp-image-19180\" title=\"Urbanflavour.pl\" srcset=\"https:\/\/urbanflavour.pl\/wp-content\/uploads\/2020\/12\/fotograf-spotkanie-prasowe-warszawa-sen-66-830x554.jpg 830w, https:\/\/urbanflavour.pl\/wp-content\/uploads\/2020\/12\/fotograf-spotkanie-prasowe-warszawa-sen-66-1024x684.jpg 1024w, https:\/\/urbanflavour.pl\/wp-content\/uploads\/2020\/12\/fotograf-spotkanie-prasowe-warszawa-sen-66-500x334.jpg 500w, https:\/\/urbanflavour.pl\/wp-content\/uploads\/2020\/12\/fotograf-spotkanie-prasowe-warszawa-sen-66.jpg 1400w\" sizes=\"auto, (max-width: 830px) 100vw, 830px\" \/><\/figure><\/li><\/ul><\/figure>\n\n\n\n<figure class=\"wp-block-gallery alignwide columns-2 wp-block-gallery-31 is-layout-flex wp-block-gallery-is-layout-flex\"><ul class=\"blocks-gallery-grid\"><li class=\"blocks-gallery-item\"><figure><a href=\"https:\/\/urbanflavour.pl\/wp-content\/uploads\/2020\/12\/fotograf-spotkanie-prasowe-warszawa-sen-67-500x749.jpg\"><img loading=\"lazy\" decoding=\"async\" width=\"500\" height=\"749\" src=\"https:\/\/urbanflavour.pl\/wp-content\/uploads\/2020\/12\/fotograf-spotkanie-prasowe-warszawa-sen-67-500x749.jpg\" alt=\"Kobieta nak\u0142ada sa\u0142atk\u0119\" data-id=\"19181\" data-full-url=\"https:\/\/urbanflavour.pl\/wp-content\/uploads\/2020\/12\/fotograf-spotkanie-prasowe-warszawa-sen-67.jpg\" data-link=\"https:\/\/urbanflavour.pl\/spotkanie-prasowe-intel-w-klubie-sen\/fotograf-spotkanie-prasowe-warszawa-sen-67\/#main\" class=\"wp-image-19181\" title=\"Urbanflavour.pl\" srcset=\"https:\/\/urbanflavour.pl\/wp-content\/uploads\/2020\/12\/fotograf-spotkanie-prasowe-warszawa-sen-67-500x749.jpg 500w, https:\/\/urbanflavour.pl\/wp-content\/uploads\/2020\/12\/fotograf-spotkanie-prasowe-warszawa-sen-67-830x1243.jpg 830w, https:\/\/urbanflavour.pl\/wp-content\/uploads\/2020\/12\/fotograf-spotkanie-prasowe-warszawa-sen-67-1024x1534.jpg 1024w, https:\/\/urbanflavour.pl\/wp-content\/uploads\/2020\/12\/fotograf-spotkanie-prasowe-warszawa-sen-67.jpg 1400w\" sizes=\"auto, (max-width: 500px) 100vw, 500px\" \/><\/a><\/figure><\/li><li class=\"blocks-gallery-item\"><figure><a href=\"https:\/\/urbanflavour.pl\/wp-content\/uploads\/2020\/12\/fotograf-spotkanie-prasowe-warszawa-sen-68-500x750.jpg\"><img loading=\"lazy\" decoding=\"async\" width=\"500\" height=\"750\" src=\"https:\/\/urbanflavour.pl\/wp-content\/uploads\/2020\/12\/fotograf-spotkanie-prasowe-warszawa-sen-68-500x750.jpg\" alt=\"Sa\u0142atki od g\u00f3ry\" data-id=\"19182\" data-full-url=\"https:\/\/urbanflavour.pl\/wp-content\/uploads\/2020\/12\/fotograf-spotkanie-prasowe-warszawa-sen-68.jpg\" data-link=\"https:\/\/urbanflavour.pl\/spotkanie-prasowe-intel-w-klubie-sen\/fotograf-spotkanie-prasowe-warszawa-sen-68\/#main\" class=\"wp-image-19182\" title=\"Urbanflavour.pl\" srcset=\"https:\/\/urbanflavour.pl\/wp-content\/uploads\/2020\/12\/fotograf-spotkanie-prasowe-warszawa-sen-68-500x750.jpg 500w, https:\/\/urbanflavour.pl\/wp-content\/uploads\/2020\/12\/fotograf-spotkanie-prasowe-warszawa-sen-68-830x1245.jpg 830w, https:\/\/urbanflavour.pl\/wp-content\/uploads\/2020\/12\/fotograf-spotkanie-prasowe-warszawa-sen-68-1024x1536.jpg 1024w, https:\/\/urbanflavour.pl\/wp-content\/uploads\/2020\/12\/fotograf-spotkanie-prasowe-warszawa-sen-68.jpg 1400w\" sizes=\"auto, (max-width: 500px) 100vw, 500px\" \/><\/a><\/figure><\/li><\/ul><\/figure>\n\n\n\n<figure class=\"wp-block-gallery columns-1 wp-block-gallery-32 is-layout-flex wp-block-gallery-is-layout-flex\"><ul class=\"blocks-gallery-grid\"><li class=\"blocks-gallery-item\"><figure><img loading=\"lazy\" decoding=\"async\" width=\"830\" height=\"554\" src=\"https:\/\/urbanflavour.pl\/wp-content\/uploads\/2020\/12\/fotograf-spotkanie-prasowe-warszawa-sen-75-830x554.jpg\" alt=\"Images in white frames\" data-id=\"19189\" data-full-url=\"https:\/\/urbanflavour.pl\/wp-content\/uploads\/2020\/12\/fotograf-spotkanie-prasowe-warszawa-sen-75.jpg\" data-link=\"https:\/\/urbanflavour.pl\/spotkanie-prasowe-intel-w-klubie-sen\/fotograf-spotkanie-prasowe-warszawa-sen-75\/#main\" class=\"wp-image-19189\" title=\"Urbanflavour.pl\" srcset=\"https:\/\/urbanflavour.pl\/wp-content\/uploads\/2020\/12\/fotograf-spotkanie-prasowe-warszawa-sen-75-830x554.jpg 830w, https:\/\/urbanflavour.pl\/wp-content\/uploads\/2020\/12\/fotograf-spotkanie-prasowe-warszawa-sen-75-1024x684.jpg 1024w, https:\/\/urbanflavour.pl\/wp-content\/uploads\/2020\/12\/fotograf-spotkanie-prasowe-warszawa-sen-75-500x334.jpg 500w, https:\/\/urbanflavour.pl\/wp-content\/uploads\/2020\/12\/fotograf-spotkanie-prasowe-warszawa-sen-75.jpg 1400w\" sizes=\"auto, (max-width: 830px) 100vw, 830px\" \/><\/figure><\/li><li class=\"blocks-gallery-item\"><figure><img loading=\"lazy\" decoding=\"async\" width=\"830\" height=\"554\" src=\"https:\/\/urbanflavour.pl\/wp-content\/uploads\/2020\/12\/fotograf-spotkanie-prasowe-warszawa-sen-73-830x554.jpg\" alt=\"SEN club bar\" data-id=\"19187\" data-full-url=\"https:\/\/urbanflavour.pl\/wp-content\/uploads\/2020\/12\/fotograf-spotkanie-prasowe-warszawa-sen-73.jpg\" data-link=\"https:\/\/urbanflavour.pl\/spotkanie-prasowe-intel-w-klubie-sen\/fotograf-spotkanie-prasowe-warszawa-sen-73\/#main\" class=\"wp-image-19187\" title=\"Urbanflavour.pl\" srcset=\"https:\/\/urbanflavour.pl\/wp-content\/uploads\/2020\/12\/fotograf-spotkanie-prasowe-warszawa-sen-73-830x554.jpg 830w, https:\/\/urbanflavour.pl\/wp-content\/uploads\/2020\/12\/fotograf-spotkanie-prasowe-warszawa-sen-73-1024x684.jpg 1024w, https:\/\/urbanflavour.pl\/wp-content\/uploads\/2020\/12\/fotograf-spotkanie-prasowe-warszawa-sen-73-500x334.jpg 500w, https:\/\/urbanflavour.pl\/wp-content\/uploads\/2020\/12\/fotograf-spotkanie-prasowe-warszawa-sen-73.jpg 1400w\" sizes=\"auto, (max-width: 830px) 100vw, 830px\" \/><\/figure><\/li><\/ul><\/figure>\n\n<\/div><\/div>\n\n<div class=\"gb-container gb-container-d65f1c82\"><div class=\"gb-inside-container\">\n\n<h2 class=\"wp-block-heading\">Photographer for a press meeting?<\/h2>\n\n\n\n<p>Do you need a photographer for a press meeting? Feel free to<a href=\"https:\/\/urbanflavour.pl\/en\/contact\/\" class=\"rank-math-link\"> contact<\/a> and get acquainted with<a href=\"https:\/\/urbanflavour.pl\/en\/event-photography-offer\/\" class=\"ek-link\"> event photography offer<\/a> . I photograph not only press meetings, but also conferences, galas, banquets and company meetings. I work not only in Warsaw, I also operate throughout Poland.<\/p>\n\n<\/div><\/div>","protected":false},"excerpt":{"rendered":"<p>Report from the meeting with journalists discussing new trends related to personal computers and Intel processors at the SEN club.<\/p>\n","protected":false},"author":1,"featured_media":23501,"comment_status":"open","ping_status":"closed","sticky":false,"template":"","format":"standard","meta":{"footnotes":""},"categories":[42,43],"tags":[],"class_list":["post-29867","post","type-post","status-publish","format-standard","has-post-thumbnail","hentry","category-portfolio-en","category-event-photography","infinite-scroll-item","generate-columns","tablet-grid-50","mobile-grid-100","grid-parent","grid-33"],"featured_image_urls_v2":{"full":["https:\/\/urbanflavour.pl\/wp-content\/uploads\/2020\/12\/fotograf-na-spotkanie-prasowe-warszawa.jpg",1400,935,false],"thumbnail":["https:\/\/urbanflavour.pl\/wp-content\/uploads\/2020\/12\/fotograf-na-spotkanie-prasowe-warszawa-500x334.jpg",500,334,true],"medium":["https:\/\/urbanflavour.pl\/wp-content\/uploads\/2020\/12\/fotograf-na-spotkanie-prasowe-warszawa-830x554.jpg",830,554,true],"medium_large":["https:\/\/urbanflavour.pl\/wp-content\/uploads\/2020\/12\/fotograf-na-spotkanie-prasowe-warszawa.jpg",768,513,false],"large":["https:\/\/urbanflavour.pl\/wp-content\/uploads\/2020\/12\/fotograf-na-spotkanie-prasowe-warszawa-1024x684.jpg",1024,684,true],"1536x1536":["https:\/\/urbanflavour.pl\/wp-content\/uploads\/2020\/12\/fotograf-na-spotkanie-prasowe-warszawa.jpg",1400,935,false],"2048x2048":["https:\/\/urbanflavour.pl\/wp-content\/uploads\/2020\/12\/fotograf-na-spotkanie-prasowe-warszawa.jpg",1400,935,false],"gform-image-choice-sm":["https:\/\/urbanflavour.pl\/wp-content\/uploads\/2020\/12\/fotograf-na-spotkanie-prasowe-warszawa.jpg",300,200,false],"gform-image-choice-md":["https:\/\/urbanflavour.pl\/wp-content\/uploads\/2020\/12\/fotograf-na-spotkanie-prasowe-warszawa.jpg",400,267,false],"gform-image-choice-lg":["https:\/\/urbanflavour.pl\/wp-content\/uploads\/2020\/12\/fotograf-na-spotkanie-prasowe-warszawa.jpg",600,401,false]},"post_excerpt_stackable_v2":"<p>Report from the meeting with journalists discussing new trends related to personal computers and Intel processors at the SEN club.<\/p>\n","category_list_v2":"<a href=\"https:\/\/urbanflavour.pl\/en\/kategoria\/portfolio-en\/\" rel=\"category tag\">Portfolio<\/a>, <a href=\"https:\/\/urbanflavour.pl\/en\/kategoria\/portfolio-en\/event-photography\/\" rel=\"category tag\">Event Photography<\/a>","author_info_v2":{"name":"Marcin Krokowski","url":"https:\/\/urbanflavour.pl\/en\/author\/marcin_d3rfw32\/"},"comments_num_v2":"0 comments","_links":{"self":[{"href":"https:\/\/urbanflavour.pl\/en\/wp-json\/wp\/v2\/posts\/29867","targetHints":{"allow":["GET"]}}],"collection":[{"href":"https:\/\/urbanflavour.pl\/en\/wp-json\/wp\/v2\/posts"}],"about":[{"href":"https:\/\/urbanflavour.pl\/en\/wp-json\/wp\/v2\/types\/post"}],"author":[{"embeddable":true,"href":"https:\/\/urbanflavour.pl\/en\/wp-json\/wp\/v2\/users\/1"}],"replies":[{"embeddable":true,"href":"https:\/\/urbanflavour.pl\/en\/wp-json\/wp\/v2\/comments?post=29867"}],"version-history":[{"count":0,"href":"https:\/\/urbanflavour.pl\/en\/wp-json\/wp\/v2\/posts\/29867\/revisions"}],"wp:featuredmedia":[{"embeddable":true,"href":"https:\/\/urbanflavour.pl\/en\/wp-json\/wp\/v2\/media\/23501"}],"wp:attachment":[{"href":"https:\/\/urbanflavour.pl\/en\/wp-json\/wp\/v2\/media?parent=29867"}],"wp:term":[{"taxonomy":"category","embeddable":true,"href":"https:\/\/urbanflavour.pl\/en\/wp-json\/wp\/v2\/categories?post=29867"},{"taxonomy":"post_tag","embeddable":true,"href":"https:\/\/urbanflavour.pl\/en\/wp-json\/wp\/v2\/tags?post=29867"}],"curies":[{"name":"wp","href":"https:\/\/api.w.org\/{rel}","templated":true}]}}